{"id":2281,"date":"2014-12-12T14:42:39","date_gmt":"2014-12-12T13:42:39","guid":{"rendered":"http:\/\/www.vdsm.net\/wronline\/?p=2281"},"modified":"2014-12-12T14:42:39","modified_gmt":"2014-12-12T13:42:39","slug":"zum-100-jaehrigen-ein-klares-bekenntnis-zur-region-siegenia-spendet-mehr-als-73-000-euro","status":"publish","type":"post","link":"https:\/\/www.vdsm.net\/wronline\/zum-100-jaehrigen-ein-klares-bekenntnis-zur-region-siegenia-spendet-mehr-als-73-000-euro\/","title":{"rendered":"Zum 100-J\u00e4hrigen ein klares Bekenntnis zur Region:  SIEGENIA spendet mehr als 73.000 Euro"},"content":{"rendered":"<div id=\"attachment_2282\" style=\"width: 310px\" class=\"wp-caption alignleft\"><a href=\"http:\/\/www.vdsm.net\/wronline\/wp-content\/uploads\/2014\/12\/SIE_Jubil\u00e4umsspenden_\u00dcbergabe.jpg\"><img loading=\"lazy\" decoding=\"async\" aria-describedby=\"caption-attachment-2282\" class=\"size-medium wp-image-2282\" src=\"http:\/\/www.vdsm.net\/wronline\/wp-content\/uploads\/2014\/12\/SIE_Jubil\u00e4umsspenden_\u00dcbergabe-300x216.jpg\" alt=\"Strahlende Gesichter bei den Spendenempf\u00e4ngern: Mit mehr als 73.000 Euro unterst\u00fctzt die SIEGENIA GRUPPE zum 100-J\u00e4hrigen diverse regionale Hilfsorganisationen. \" width=\"300\" height=\"216\" srcset=\"https:\/\/www.vdsm.net\/wronline\/wp-content\/uploads\/2014\/12\/SIE_Jubil\u00e4umsspenden_\u00dcbergabe-300x216.jpg 300w, https:\/\/www.vdsm.net\/wronline\/wp-content\/uploads\/2014\/12\/SIE_Jubil\u00e4umsspenden_\u00dcbergabe.jpg 600w\" sizes=\"auto, (max-width: 300px) 100vw, 300px\" \/><\/a><p id=\"caption-attachment-2282\" class=\"wp-caption-text\">Strahlende Gesichter bei den Spendenempf\u00e4ngern: Mit mehr als 73.000 Euro unterst\u00fctzt die SIEGENIA GRUPPE zum 100-J\u00e4hrigen diverse regionale Hilfsorganisationen.<\/p><\/div>\n<p>Unter dem Motto \u201eMore drive than ever\u201c startete die SIEGENIA GRUPPE Anfang 2014 in ihr Jubil\u00e4umsjahr. Mit neuen Produkten f\u00fcr mehr Raumkomfort, einem starken Messeauftritt auf der \u201efensterbau\u201c in N\u00fcrnberg und dem Richtfest f\u00fcr das neue Ausstellungszentrum am Standort Wilnsdorf feierte das Unternehmen in den letzten Monaten sein 100-j\u00e4hriges Bestehen. Auch die Region hat allen Grund zur Freude, denn die j\u00fcngsten Bauma\u00dfnahmen unterstreichen das ungebrochene Bekenntnis zum heimischen Standort: Anfang Oktober wurde eine eigene Kindertagesst\u00e4tte mit zeitlich flexiblem Angebot und deutsch-englischer Betreuung in Betrieb genommen, und die Arbeiten am neuen Ausstellungszentrum sind bereits in vollem Gang.<\/p>\n<p>Die enge Verbundenheit mit der Region dokumentierte das Unternehmen dar\u00fcber hinaus mit einem Spendenaufruf im Vorfeld der gro\u00dfen Jubil\u00e4umsfeier mit Kunden im September in Niederdielfen. Anstelle von Pr\u00e4senten bat die Unternehmensleitung um finanzielle Zuwendungen zugunsten regionaler Hilfsorganisationen an den deutschen Firmenstandorten \u2013 verbunden mit der Zusage, den eingehenden Gesamtbetrag zu verdoppeln. Das Ergebnis \u00fcbertraf selbst die k\u00fchnsten Erwartungen: \u00dcber 36.000 Euro war den Kunden von SIEGENIA das Engagement des Unternehmens wert. \u201eDurch die von uns geleistete Verdopplung kommen wir auf insgesamt mehr als 73.000 Euro. F\u00fcr dieses sensationelle Ergebnis spreche ich den Kunden von SIEGENIA meinen ausdr\u00fccklichen Dank aus \u2013 auch im Namen der Spendenempf\u00e4nger\u201c, so Wieland Frank, Gesch\u00e4ftsf\u00fchrender Gesellschafter.<\/p>\n<p>Von den hohen Spendenbetr\u00e4gen zeigten sich die Organisationen zum Teil schier \u00fcberw\u00e4ltigt. \u201e\u00dcber diese tolle Nachricht freuen wir uns sehr. Herzlichen Dank f\u00fcr Ihr Engagement zugunsten unserer Einrichtung\u201c \u2013 so und \u00e4hnlich lauteten die begeisterten Dankesworte der Empf\u00e4nger.<\/p>\n<p>An den drei Standorten des Unternehmens hatte die SIEGENIA GRUPPE insgesamt neun Vereine und Projekte ausgew\u00e4hlt, deren Arbeit sie mit Hilfe des Spendenbetrags unterst\u00fctzt. So planen beispielsweise die Siegener Tafel und die Diakonie Niederberg \u2013 sie ist Tr\u00e4ger der Velberter Tafel \u2013, den Spendenbetrag in die Anschaffung eines neuen K\u00fchlsprinters bzw. Transporters einflie\u00dfen zu lassen. Die Hermeskeiler Tafel St. Martinus hingegen nutzt die Spende f\u00fcr allgemeine Vereinsaktivit\u00e4ten, die Menschen in einer besonders schwierigen Lebenssituation zugutekommen.<\/p>\n<p>Hilfe bei gesundheitlicher Beeintr\u00e4chtigung steht bei der DRK-Kinderklinik Siegen, dem F\u00f6rderverein Evangelisches Hospiz Siegerland und \u201eHandycap\u201c, dem Verein f\u00fcr behinderte sowie chronisch und unheilbar erkrankte junge Menschen aus Siegen-Wittgenstein, im Fokus. W\u00e4hrend die Kinderklinik in neue Bronchoskope investieren m\u00f6chte, bereitet der F\u00f6rderverein des Hospizes derzeit die Einrichtung von G\u00e4stezimmern und die Anschaffung mehrerer Schmerzpumpen vor. \u201eHandycap\u201c will mit Hilfe des Spendenbetrags den Alltag der 11-j\u00e4hrigen Helen Mantei aus Netphen durch einen Treppenlift erleichtern.<\/p>\n<p>Ebenfalls Grund zur Freude haben der Verein \u201eLebenshilfe f\u00fcr Menschen mit geistiger Behinderung e. V. Siegen\u201c, der derzeit den Aufbau einer Tageseinrichtung mit zehn Pl\u00e4tzen in Netphen-Eschenbach anstrebt, und das Kinder- und Jugendhospiz Balthasar in Olpe. Dort soll schon bald der Computerraum ein neues Gesicht erhalten und schwer kranken Kindern und Jugendlichen zu unbeschwerten Stunden verhelfen. Die Spende an den CVJM-Kreisverband Siegerland st\u00e4rkt im Rahmen der Initiative \u201epack\u00b4s\u201c junge Menschen, ihre Ausbildungsreife zu erlangen, einen Ausbildungsplatz zu finden und hilft ihnen somit auf dem Weg ins Berufsleben.<\/p>\n","protected":false},"excerpt":{"rendered":"<p>Unter dem Motto \u201eMore drive than ever\u201c startete die SIEGENIA GRUPPE Anfang 2014 in ihr Jubil\u00e4umsjahr. Mit neuen Produkten f\u00fcr mehr Raumkomfort, einem starken Messeauftritt&#8230;<\/p>\n","protected":false},"author":2,"featured_media":2282,"comment_status":"open","ping_status":"open","sticky":false,"template":"","format":"standard","meta":{"_jetpack_memberships_contains_paid_content":false,"footnotes":""},"categories":[11],"tags":[],"class_list":["post-2281","post","type-post","status-publish","format-standard","has-post-thumbnail","hentry","category-regionale-wirtschaft"],"jetpack_featured_media_url":"https:\/\/www.vdsm.net\/wronline\/wp-content\/uploads\/2014\/12\/SIE_Jubil\u00e4umsspenden_\u00dcbergabe.jpg","jetpack_sharing_enabled":true,"_links":{"self":[{"href":"https:\/\/www.vdsm.net\/wronline\/wp-json\/wp\/v2\/posts\/2281","targetHints":{"allow":["GET"]}}],"collection":[{"href":"https:\/\/www.vdsm.net\/wronline\/wp-json\/wp\/v2\/posts"}],"about":[{"href":"https:\/\/www.vdsm.net\/wronline\/wp-json\/wp\/v2\/types\/post"}],"author":[{"embeddable":true,"href":"https:\/\/www.vdsm.net\/wronline\/wp-json\/wp\/v2\/users\/2"}],"replies":[{"embeddable":true,"href":"https:\/\/www.vdsm.net\/wronline\/wp-json\/wp\/v2\/comments?post=2281"}],"version-history":[{"count":1,"href":"https:\/\/www.vdsm.net\/wronline\/wp-json\/wp\/v2\/posts\/2281\/revisions"}],"predecessor-version":[{"id":2283,"href":"https:\/\/www.vdsm.net\/wronline\/wp-json\/wp\/v2\/posts\/2281\/revisions\/2283"}],"wp:featuredmedia":[{"embeddable":true,"href":"https:\/\/www.vdsm.net\/wronline\/wp-json\/wp\/v2\/media\/2282"}],"wp:attachment":[{"href":"https:\/\/www.vdsm.net\/wronline\/wp-json\/wp\/v2\/media?parent=2281"}],"wp:term":[{"taxonomy":"category","embeddable":true,"href":"https:\/\/www.vdsm.net\/wronline\/wp-json\/wp\/v2\/categories?post=2281"},{"taxonomy":"post_tag","embeddable":true,"href":"https:\/\/www.vdsm.net\/wronline\/wp-json\/wp\/v2\/tags?post=2281"}],"curies":[{"name":"wp","href":"https:\/\/api.w.org\/{rel}","templated":true}]}}