{"id":2274,"date":"2014-12-11T12:18:54","date_gmt":"2014-12-11T11:18:54","guid":{"rendered":"http:\/\/www.vdsm.net\/wronline\/?p=2274"},"modified":"2014-12-11T12:18:54","modified_gmt":"2014-12-11T11:18:54","slug":"vetter-krantechnik-gmbh-feierte-jubilaeum-einmal-anders","status":"publish","type":"post","link":"https:\/\/www.vdsm.net\/wronline\/vetter-krantechnik-gmbh-feierte-jubilaeum-einmal-anders\/","title":{"rendered":"Vetter Krantechnik GmbH feierte Jubil\u00e4um einmal anders&#8230;"},"content":{"rendered":"<div id=\"attachment_2275\" style=\"width: 310px\" class=\"wp-caption alignleft\"><a href=\"http:\/\/www.vdsm.net\/wronline\/wp-content\/uploads\/2014\/12\/Bild_1.jpg\"><img loading=\"lazy\" decoding=\"async\" aria-describedby=\"caption-attachment-2275\" class=\"size-medium wp-image-2275\" src=\"http:\/\/www.vdsm.net\/wronline\/wp-content\/uploads\/2014\/12\/Bild_1-300x200.jpg\" alt=\"Belegschaftsfest der VETTER Krantechnik in Haiger.\" width=\"300\" height=\"200\" srcset=\"https:\/\/www.vdsm.net\/wronline\/wp-content\/uploads\/2014\/12\/Bild_1-300x200.jpg 300w, https:\/\/www.vdsm.net\/wronline\/wp-content\/uploads\/2014\/12\/Bild_1-150x100.jpg 150w, https:\/\/www.vdsm.net\/wronline\/wp-content\/uploads\/2014\/12\/Bild_1.jpg 600w\" sizes=\"auto, (max-width: 300px) 100vw, 300px\" \/><\/a><p id=\"caption-attachment-2275\" class=\"wp-caption-text\">Belegschaftsfest der VETTER Krantechnik in Haiger.<\/p><\/div>\n<p>Ein Jubil\u00e4um einmal nicht auf die sonst meist \u00fcbliche Weise zu begehen, war die Idee der Inhaberfamilie und der Gesch\u00e4ftsleitung der Vetter Krantechnik GmbH mit Sitz in Siegen-Eiserfeld und Haiger. Statt vieler offizieller Reden und \u201eSich-feiern-lassen\u201c hatte man sich zum 125j\u00e4hrigen Bestehen des Unternehmens ein ganz anderes Konzept ausgedacht und in den Monaten September, Oktober und November 2014 im neuen Kranwerk Haiger Seminare und Fachtagungen ausgerichtet, die ein breites Spektrum von Interessenten ansprachen. Zun\u00e4chst aber wurde ein gro\u00dfer, fr\u00f6hlicher Familientag mit vielen Attraktionen f\u00fcr Jung und Alt gefeiert, den die Familie Vetter der Belegschaft und deren Angeh\u00f6rigen zugedacht hatte.<\/p>\n<p>Es folgten zahlreiche Fachtagungen f\u00fcr unterschiedliche Gremien: Der Au\u00dfen\u00adwirtschaftsausschuss der Industrie- und Handelskammer Siegen und der Arbeitskreis BME (Bundesverband Materialwirtschaft, Einkauf und Logistik e.V.) hatten Gelegenheit, ihre Sitzungen bei Vetter nicht nur mit der Besichtigung der modernen Fertigungsst\u00e4tte, sondern zus\u00e4tzlich mit informativen Vortr\u00e4gen des Gastgebers zum Thema \u201eLean Production &#8211; Prozessoptimierung\u201c zu erg\u00e4nzen. Dies galt auch f\u00fcr den Marketing Club Siegen e.V. mit einer Vor-Ort-Veranstaltung in Haiger.<\/p>\n<div id=\"attachment_2276\" style=\"width: 310px\" class=\"wp-caption alignleft\"><a href=\"http:\/\/www.vdsm.net\/wronline\/wp-content\/uploads\/2014\/12\/Bild_4.jpg\"><img loading=\"lazy\" decoding=\"async\" aria-describedby=\"caption-attachment-2276\" class=\"size-medium wp-image-2276\" src=\"http:\/\/www.vdsm.net\/wronline\/wp-content\/uploads\/2014\/12\/Bild_4-300x200.jpg\" alt=\"Die G\u00fctegemeinschaft Kranservice e.V. traf sich zu ihrer Fachtagung bei der VETTER Krantechnik.\" width=\"300\" height=\"200\" srcset=\"https:\/\/www.vdsm.net\/wronline\/wp-content\/uploads\/2014\/12\/Bild_4-300x200.jpg 300w, https:\/\/www.vdsm.net\/wronline\/wp-content\/uploads\/2014\/12\/Bild_4-150x100.jpg 150w, https:\/\/www.vdsm.net\/wronline\/wp-content\/uploads\/2014\/12\/Bild_4.jpg 600w\" sizes=\"auto, (max-width: 300px) 100vw, 300px\" \/><\/a><p id=\"caption-attachment-2276\" class=\"wp-caption-text\">Die G\u00fctegemeinschaft Kranservice e.V. traf sich zu ihrer Fachtagung bei der VETTER Krantechnik.<\/p><\/div>\n<p>Die bundesweit t\u00e4tige G\u00fctegemeinschaft Kranservice e.V. hielt ihre zweit\u00e4gige Fachtagung ebenfalls bei Vetter ab und informierte sich dabei \u00fcber neue M\u00f6glichkeiten in Bezug auf Service und Instandhaltung von Krananlagen etc.<\/p>\n<p>Das Top Ereignis der Festwochen war jedoch das Seminar mit Hitoshi Takeda, weltweit bekannt als absoluter Fachmann f\u00fcr Lean Management und Lean Production, an dem rund 200 G\u00e4ste aus der gesamten Bundesrepublik teilnahmen. Takeda, bekannt f\u00fcr seine lebendige und direkte Vortragsweise, wusste eindringlich auf die Herausforderungen aufmerksam zu machen, vor denen deutsche Unternehmen aktuell stehen. Insgesamt folgten \u00fcber 500 Fachbesucher der Einladung des Familienunter\u00adnehmens, bei der sie alle Gelegenheit hatten, Einblick in die hochmoderne Fertigung zu nehmen. Auf \u00fcber 13.000 m\u00b2 werden dort j\u00e4hrlich \u00fcber 4.000 Schwenkkrane hergestellt.<\/p>\n<p>Den Abschluss der Veranstaltungsreihe bildete die Vorstandssitzung des VDMA-Fachverbandes F\u00f6rdertechnik und Intralogistik am 26. und 27. November 2014, bei der Top-Unternehmen der gesamten Logistik-Branche vertreten waren. Mit dieser Veranstaltung schloss sich der Reigen zum 125-j\u00e4hrigen Bestehen des Unternehmens Vetter.<\/p>\n<p>Wie gesagt \u2013 Jubil\u00e4um einmal ganz anders!<\/p>\n","protected":false},"excerpt":{"rendered":"<p>Ein Jubil\u00e4um einmal nicht auf die sonst meist \u00fcbliche Weise zu begehen, war die Idee der Inhaberfamilie und der Gesch\u00e4ftsleitung der Vetter Krantechnik GmbH mit&#8230;<\/p>\n","protected":false},"author":2,"featured_media":2275,"comment_status":"open","ping_status":"open","sticky":false,"template":"","format":"standard","meta":{"_jetpack_memberships_contains_paid_content":false,"footnotes":""},"categories":[10],"tags":[],"class_list":["post-2274","post","type-post","status-publish","format-standard","has-post-thumbnail","hentry","category-unternehmen"],"jetpack_featured_media_url":"https:\/\/www.vdsm.net\/wronline\/wp-content\/uploads\/2014\/12\/Bild_1.jpg","jetpack_sharing_enabled":true,"_links":{"self":[{"href":"https:\/\/www.vdsm.net\/wronline\/wp-json\/wp\/v2\/posts\/2274","targetHints":{"allow":["GET"]}}],"collection":[{"href":"https:\/\/www.vdsm.net\/wronline\/wp-json\/wp\/v2\/posts"}],"about":[{"href":"https:\/\/www.vdsm.net\/wronline\/wp-json\/wp\/v2\/types\/post"}],"author":[{"embeddable":true,"href":"https:\/\/www.vdsm.net\/wronline\/wp-json\/wp\/v2\/users\/2"}],"replies":[{"embeddable":true,"href":"https:\/\/www.vdsm.net\/wronline\/wp-json\/wp\/v2\/comments?post=2274"}],"version-history":[{"count":1,"href":"https:\/\/www.vdsm.net\/wronline\/wp-json\/wp\/v2\/posts\/2274\/revisions"}],"predecessor-version":[{"id":2277,"href":"https:\/\/www.vdsm.net\/wronline\/wp-json\/wp\/v2\/posts\/2274\/revisions\/2277"}],"wp:featuredmedia":[{"embeddable":true,"href":"https:\/\/www.vdsm.net\/wronline\/wp-json\/wp\/v2\/media\/2275"}],"wp:attachment":[{"href":"https:\/\/www.vdsm.net\/wronline\/wp-json\/wp\/v2\/media?parent=2274"}],"wp:term":[{"taxonomy":"category","embeddable":true,"href":"https:\/\/www.vdsm.net\/wronline\/wp-json\/wp\/v2\/categories?post=2274"},{"taxonomy":"post_tag","embeddable":true,"href":"https:\/\/www.vdsm.net\/wronline\/wp-json\/wp\/v2\/tags?post=2274"}],"curies":[{"name":"wp","href":"https:\/\/api.w.org\/{rel}","templated":true}]}}