{"id":22693,"date":"2021-03-12T11:21:23","date_gmt":"2021-03-12T10:21:23","guid":{"rendered":"https:\/\/www.vdsm.net\/wronline\/?p=22693"},"modified":"2021-03-12T11:24:55","modified_gmt":"2021-03-12T10:24:55","slug":"probleme-der-kinder-und-jugendmedizin-gehoeren-ins-bewusstsein-der-oeffentlichkeit","status":"publish","type":"post","link":"https:\/\/www.vdsm.net\/wronline\/probleme-der-kinder-und-jugendmedizin-gehoeren-ins-bewusstsein-der-oeffentlichkeit\/","title":{"rendered":"Probleme der Kinder- und Jugendmedizin geh\u00f6ren ins Bewusstsein der \u00d6ffentlichkeit"},"content":{"rendered":"<p>Im Rahmen einer rund 90-min\u00fctigen Online-Konferenz haben sich die Bundestagsabgeordnete der SPD f\u00fcr den Kreis Olpe\/M\u00e4rkischer Kreis I (mit Betreuungswahlkreis Siegerland), Nezahat Baradari, und die stellvertretende Fraktionsvorsitzende und Landtagsabgeordnete der SPD f\u00fcr Castrop-Rauxel, Waltrop und Teile Dattelns, Lisa Kapteinat, \u00fcber die aktuellen Herausforderungen und Bed\u00fcrfnisse der <a href=\"https:\/\/www.drk-kinderklinik.de\/home\/\" target=\"_blank\" rel=\"noopener\">DRK-Kinderklinik Siegen<\/a> sowie des <a href=\"https:\/\/www.bigs-siegen.de\/\" target=\"_blank\" rel=\"noopener\">Bildungsinstituts f\u00fcr Gesundheitsberufe S\u00fcdwestfalen (BiGS)<\/a> informiert.<\/p>\n<div id=\"attachment_22695\" style=\"width: 310px\" class=\"wp-caption alignleft\"><a href=\"https:\/\/www.vdsm.net\/wronline\/wp-content\/uploads\/2021\/03\/Videokonferenz-Kinderklinik-2021-Bildschirm_WEB.jpg\"><img loading=\"lazy\" decoding=\"async\" aria-describedby=\"caption-attachment-22695\" class=\"size-medium wp-image-22695\" src=\"https:\/\/www.vdsm.net\/wronline\/wp-content\/uploads\/2021\/03\/Videokonferenz-Kinderklinik-2021-Bildschirm_WEB-300x200.jpg\" alt=\"\" width=\"300\" height=\"200\" srcset=\"https:\/\/www.vdsm.net\/wronline\/wp-content\/uploads\/2021\/03\/Videokonferenz-Kinderklinik-2021-Bildschirm_WEB-300x200.jpg 300w, https:\/\/www.vdsm.net\/wronline\/wp-content\/uploads\/2021\/03\/Videokonferenz-Kinderklinik-2021-Bildschirm_WEB-768x512.jpg 768w, https:\/\/www.vdsm.net\/wronline\/wp-content\/uploads\/2021\/03\/Videokonferenz-Kinderklinik-2021-Bildschirm_WEB.jpg 777w\" sizes=\"auto, (max-width: 300px) 100vw, 300px\" \/><\/a><p id=\"caption-attachment-22695\" class=\"wp-caption-text\">Symbolbild zur Video-Konferenz mit Teilnehmern aus Politik und Gesundheitswesen<\/p><\/div>\n<p>In der Konferenz haben sich die Politikerinnen mit dem Vorsitzenden des DRK Landesverband Westfalen-Lippe, Dr. Hasan S\u00fcrgit, Interims-Klinikgesch\u00e4ftsf\u00fchrer Dr. Martin Horchler, dem neuen Gesch\u00e4ftsf\u00fchrer Carsten Jochum sowie dem stellvertretenden \u00c4rztlichen Direktor und Chefarzt Markus Pingel via Online-Konferenz ausgetauscht. Besprochen wurde zun\u00e4chst die unzureichende Finanzierung der Kindermedizin. Besonders betroffen ist der l\u00e4ndliche Raum. Hier waren sich alle Teilnehmer schnell einig, dass kranke Kinder nicht einfach nach Pauschalen abgerechnet werden k\u00f6nnen, sondern nach dem gesundheitlichen Bedarf. Die beiden Politikerinnen brachten zudem einen Versorgungszuschlag bzw. eine Grundfinanzierung ins Gespr\u00e4ch. Durch Berechnungen von Experten stiegen die aktuellen gesamten Gesundheitskosten um lediglich etwa zwei Prozent, wenn die Finanzierung im Kinder- und Jugendbereich um 25 Prozent erh\u00f6ht w\u00fcrde. Treffend fand man den Vergleich der heimischen Abgeordneten Baradari &#8211; selbst Kinder- und Jugend\u00e4rztin- die Kinder mit Setzlingen vergleicht, die gerade in jungen Jahren eine ganz besondere Zuwendung ben\u00f6tigen, um sich zu starken B\u00e4umen zu entwickeln.<\/p>\n<p>Dar\u00fcber hinaus wurden neben den aktuellen Herausforderungen im Rahmen der Corona-Pandemie Punkte wie etwa die neue generalistische Pflegeausbildung, die Finanzierungsl\u00fccken f\u00fcr Kliniken oder die Probleme mit den neuen Pflegepersonal-Untergrenzen diskutiert. Durch die Generalistik werden weniger f\u00fcr Kinder und Jugendliche spezialisierte Pflegekr\u00e4fte ausgebildet und fehlen in der Versorgung f\u00fcr diese Patientengruppe. Wie die Vertreter der Kliniken einhellig darstellten, ist gerade die schwierige Personalsituation \u00fcber alle Bereiche bzw. Professionen hin ein bereits seit Jahren gro\u00dfes Problem, das im Zusammenspiel mit wirtschaftlichen Zw\u00e4ngen und N\u00f6ten eher zu- statt abnimmt.<\/p>\n<p>Ebenfalls als inzwischen kritisch stellt sich f\u00fcr alle am Gespr\u00e4ch beteiligten Einrichtungen die IT-Infrastruktur Thematik dar. Auch in diesem Bereich k\u00f6nnten gerade die Kliniken den von Politik und Gesellschaften vorgegebenen Anforderungen und Vorgaben durch fehlende Mittel und zu viele parallele Aufgaben kaum Folge leisten. Obwohl man in Siegen mit dem Bildungsinstitut f\u00fcr Gesundheitsberufe \u00fcber eine der modernsten und gr\u00f6\u00dften Einrichtung dieser Art im bundesdeutschen Vergleich verf\u00fcge, stellt aus Sicht der Lehrer und der Auszubildenden Online-Theorie-Stunden keine ausreichende Alternative zum Pr\u00e4senzunterricht dar. Dass man dennoch alle Ausbildungspl\u00e4tze f\u00fcr beide in 2021 beginnenden Kurse zur Kinderkrankenpflege voll belegt habe, erfreut die Verantwortlichen. Qualifizierte, spezialisierte Fach\u00e4rzte nach Siegen-Wittgenstein zu holen, sei hingegen deutlich schwieriger, so Chefarzt Markus Pingel. Es g\u00e4be viel zu wenige Absolventen, au\u00dferdem suchten die Bewerber lieber gro\u00dfe Kliniken in Oberzentren als kleinere Fachkliniken in l\u00e4ndlicher Lage als Arbeitgeber.<\/p>\n<p>Viele der von den Beteiligten aus Klinik, Wohlfahrtsverband und Bildungsinstitut angesprochenen Punkte konnten die Politikerinnen nachvollziehen. Wichtig sei es aus deren Sicht gewesen, diese Aspekte einmal aus erster Hand, wenn auch im Vergleich zu den Vorjahren nur per Videokonferenz, zu erfahren. Beeindruckt zeigte man sich von dem Engagement der DRK-Kinderklinik Siegen und des BiGS mit dem Bundesministerium f\u00fcr Familie, Soziale und Jugend, das einen der Azubis aus Siegen im Rahmen der Kampagne &#8222;Fr\u00fchSp\u00e4tNachtSchicht&#8220; portraitiert und begleitet hat. Der entsprechende Youtube-Film, der inzwischen \u00fcber 170.000-mal betrachtet wurde, zeige sehr gut, wie fortschrittlich sich die Ausbildung zur Pflegefachkraft inzwischen gestalte.<\/p>\n<p>Die Kinder- und Jugendmedizin ist in ihrer Gesamtheit der komplexeste medizinische Fachbereich \u00fcberhaupt. Dennoch besitzt sie, wie Kinder und Jugendliche allgemein, keine Lobby, und die Probleme seien der \u00d6ffentlichkeit weitgehend unbekannt. Dies m\u00fcsse zum Wohle der Kinder und Jugendlichen dringend ge\u00e4ndert werden. Sowohl Nezahat Baradari im Bundestag als auch Lisa Kapteinat im Landtag wollen die Themen nun kritisch reflektieren und mit in die entsprechenden Gremien einbringen. Mit der Hoffnung, sich m\u00f6glichst bald wieder im Rahmen eines Pr\u00e4senzbesuches austauschen zu k\u00f6nnen, vertagte man sich.<\/p>\n<p>Text und Foto:\u00a0<a href=\"https:\/\/www.drk-kinderklinik.de\/\" target=\"_blank\" rel=\"noopener\">DRK-Kinderklinik Siegen gGmbH<\/a><\/p>\n","protected":false},"excerpt":{"rendered":"<p>Im Rahmen einer rund 90-min\u00fctigen Online-Konferenz haben sich die Bundestagsabgeordnete der SPD f\u00fcr den Kreis Olpe\/M\u00e4rkischer Kreis I (mit Betreuungswahlkreis Siegerland), Nezahat Baradari, und die&#8230;<\/p>\n","protected":false},"author":6,"featured_media":22694,"comment_status":"open","ping_status":"open","sticky":false,"template":"","format":"standard","meta":{"_jetpack_memberships_contains_paid_content":false,"footnotes":""},"categories":[32,10],"tags":[],"class_list":["post-22693","post","type-post","status-publish","format-standard","has-post-thumbnail","hentry","category-infos","category-unternehmen"],"jetpack_featured_media_url":"https:\/\/www.vdsm.net\/wronline\/wp-content\/uploads\/2021\/03\/Videokonferenz-Kinderklinik-2021-Totale_WEB.jpg","jetpack_sharing_enabled":true,"_links":{"self":[{"href":"https:\/\/www.vdsm.net\/wronline\/wp-json\/wp\/v2\/posts\/22693","targetHints":{"allow":["GET"]}}],"collection":[{"href":"https:\/\/www.vdsm.net\/wronline\/wp-json\/wp\/v2\/posts"}],"about":[{"href":"https:\/\/www.vdsm.net\/wronline\/wp-json\/wp\/v2\/types\/post"}],"author":[{"embeddable":true,"href":"https:\/\/www.vdsm.net\/wronline\/wp-json\/wp\/v2\/users\/6"}],"replies":[{"embeddable":true,"href":"https:\/\/www.vdsm.net\/wronline\/wp-json\/wp\/v2\/comments?post=22693"}],"version-history":[{"count":3,"href":"https:\/\/www.vdsm.net\/wronline\/wp-json\/wp\/v2\/posts\/22693\/revisions"}],"predecessor-version":[{"id":22698,"href":"https:\/\/www.vdsm.net\/wronline\/wp-json\/wp\/v2\/posts\/22693\/revisions\/22698"}],"wp:featuredmedia":[{"embeddable":true,"href":"https:\/\/www.vdsm.net\/wronline\/wp-json\/wp\/v2\/media\/22694"}],"wp:attachment":[{"href":"https:\/\/www.vdsm.net\/wronline\/wp-json\/wp\/v2\/media?parent=22693"}],"wp:term":[{"taxonomy":"category","embeddable":true,"href":"https:\/\/www.vdsm.net\/wronline\/wp-json\/wp\/v2\/categories?post=22693"},{"taxonomy":"post_tag","embeddable":true,"href":"https:\/\/www.vdsm.net\/wronline\/wp-json\/wp\/v2\/tags?post=22693"}],"curies":[{"name":"wp","href":"https:\/\/api.w.org\/{rel}","templated":true}]}}