{"id":2243,"date":"2014-12-01T09:16:18","date_gmt":"2014-12-01T08:16:18","guid":{"rendered":"http:\/\/www.vdsm.net\/wronline\/?p=2243"},"modified":"2014-12-01T09:16:18","modified_gmt":"2014-12-01T08:16:18","slug":"becker-und-mennekes-staerken-die-lokale-wirtschaft","status":"publish","type":"post","link":"https:\/\/www.vdsm.net\/wronline\/becker-und-mennekes-staerken-die-lokale-wirtschaft\/","title":{"rendered":"Becker und Mennekes st\u00e4rken die lokale Wirtschaft"},"content":{"rendered":"<div id=\"attachment_2244\" style=\"width: 310px\" class=\"wp-caption alignleft\"><a href=\"http:\/\/www.vdsm.net\/wronline\/wp-content\/uploads\/2014\/12\/Walter-Mennekes-Christopher-Mennekes-Prof.-Dr.-Stephan-Becker-und-Franz-Becker-28-11-2014.jpg\"><img loading=\"lazy\" decoding=\"async\" aria-describedby=\"caption-attachment-2244\" class=\"size-medium wp-image-2244\" src=\"http:\/\/www.vdsm.net\/wronline\/wp-content\/uploads\/2014\/12\/Walter-Mennekes-Christopher-Mennekes-Prof.-Dr.-Stephan-Becker-und-Franz-Becker-28-11-2014-300x250.jpg\" alt=\"Im Bild (v. l. n. r.): Walter Mennekes, Christopher Mennekes, Prof. Dr. Stephan Becker, Franz Becker.\" width=\"300\" height=\"250\" srcset=\"https:\/\/www.vdsm.net\/wronline\/wp-content\/uploads\/2014\/12\/Walter-Mennekes-Christopher-Mennekes-Prof.-Dr.-Stephan-Becker-und-Franz-Becker-28-11-2014-300x250.jpg 300w, https:\/\/www.vdsm.net\/wronline\/wp-content\/uploads\/2014\/12\/Walter-Mennekes-Christopher-Mennekes-Prof.-Dr.-Stephan-Becker-und-Franz-Becker-28-11-2014.jpg 600w\" sizes=\"auto, (max-width: 300px) 100vw, 300px\" \/><\/a><p id=\"caption-attachment-2244\" class=\"wp-caption-text\">Im Bild (v. l. n. r.): Walter Mennekes, Christopher Mennekes, Prof. Dr. Stephan Becker, Franz Becker.<\/p><\/div>\n<p>Die Mennekes-Gruppe mit ihrem Hauptsitz in Kirchhundem und die Unternehmer-Familie Becker aus Welschen Ennest haben sich vertraglich auf eine besondere Art von strategischer Partnerschaft verst\u00e4ndigt. Die Mennekes Elektrotechnik erwirbt von der Familie Becker das in Welschen Ennest gelegene, fr\u00fcher zur Unternehmensgruppe Kaiser &amp; Kellermann geh\u00f6rende Areal. Das K&amp;K-Hochhaus sowie die Werkstatt werden weiterhin vom vormaligen Eigen-t\u00fcmer genutzt. Beide Unternehmen versprechen sich von dieser Vereinbarung nachhaltige wirtschaftliche und organisatorische Vorteile. Das neu erworbene Gel\u00e4nde gibt der Firma Mennekes die M\u00f6glichkeit, die Montagebereiche der Ladesysteme und Steckdosenkombinationen sinnvoll an einem Ort zusammenzulegen. So wird Raum f\u00fcr weiteres Wachstum geschaffen, und das Hauptwerk in Kirchhundem entlastet, das zwischen Stra\u00dfe und Hundem an seine Grenzen st\u00f6\u00dft.<\/p>\n<p>Mit dem Kauf bekr\u00e4ftigt der weltweit agierende Spezialist f\u00fcr Steckvorrichtungen erneut sein Vertrauen in die Zukunft seines Standortes im Sauerland und macht mit dieser langfristigen Perspektive zugleich die Arbeitspl\u00e4tze f\u00fcr die Mitarbeiterinnen und Mitarbeiter sicherer. Die Familie Becker ihrerseits sieht in der \u00dcbernahme des Gel\u00e4ndes durch den wachstumsstarken Partner aus Kirchhundem eine sinnvolle und zukunftsf\u00e4hige Perspektive in der Nutzung des Areals. Nach Abschluss der Verhandlungen freuen sich beide Vertragspartner auf die gemeinsame optimale Nutzung des Gel\u00e4ndes und sind davon \u00fcberzeugt, dass mit dieser zukunftsweisenden Weiterentwicklung von Welschen Ennest aus ein neuer, kr\u00e4ftiger Impuls f\u00fcr die Zugkraft und damit f\u00fcr die Stabilit\u00e4t der lokalen Wirtschaft ausgehen kann.<\/p>\n","protected":false},"excerpt":{"rendered":"<p>Die Mennekes-Gruppe mit ihrem Hauptsitz in Kirchhundem und die Unternehmer-Familie Becker aus Welschen Ennest haben sich vertraglich auf eine besondere Art von strategischer Partnerschaft verst\u00e4ndigt&#8230;.<\/p>\n","protected":false},"author":2,"featured_media":2244,"comment_status":"open","ping_status":"open","sticky":false,"template":"","format":"standard","meta":{"_jetpack_memberships_contains_paid_content":false,"footnotes":""},"categories":[11],"tags":[],"class_list":["post-2243","post","type-post","status-publish","format-standard","has-post-thumbnail","hentry","category-regionale-wirtschaft"],"jetpack_featured_media_url":"https:\/\/www.vdsm.net\/wronline\/wp-content\/uploads\/2014\/12\/Walter-Mennekes-Christopher-Mennekes-Prof.-Dr.-Stephan-Becker-und-Franz-Becker-28-11-2014.jpg","jetpack_sharing_enabled":true,"_links":{"self":[{"href":"https:\/\/www.vdsm.net\/wronline\/wp-json\/wp\/v2\/posts\/2243","targetHints":{"allow":["GET"]}}],"collection":[{"href":"https:\/\/www.vdsm.net\/wronline\/wp-json\/wp\/v2\/posts"}],"about":[{"href":"https:\/\/www.vdsm.net\/wronline\/wp-json\/wp\/v2\/types\/post"}],"author":[{"embeddable":true,"href":"https:\/\/www.vdsm.net\/wronline\/wp-json\/wp\/v2\/users\/2"}],"replies":[{"embeddable":true,"href":"https:\/\/www.vdsm.net\/wronline\/wp-json\/wp\/v2\/comments?post=2243"}],"version-history":[{"count":1,"href":"https:\/\/www.vdsm.net\/wronline\/wp-json\/wp\/v2\/posts\/2243\/revisions"}],"predecessor-version":[{"id":2245,"href":"https:\/\/www.vdsm.net\/wronline\/wp-json\/wp\/v2\/posts\/2243\/revisions\/2245"}],"wp:featuredmedia":[{"embeddable":true,"href":"https:\/\/www.vdsm.net\/wronline\/wp-json\/wp\/v2\/media\/2244"}],"wp:attachment":[{"href":"https:\/\/www.vdsm.net\/wronline\/wp-json\/wp\/v2\/media?parent=2243"}],"wp:term":[{"taxonomy":"category","embeddable":true,"href":"https:\/\/www.vdsm.net\/wronline\/wp-json\/wp\/v2\/categories?post=2243"},{"taxonomy":"post_tag","embeddable":true,"href":"https:\/\/www.vdsm.net\/wronline\/wp-json\/wp\/v2\/tags?post=2243"}],"curies":[{"name":"wp","href":"https:\/\/api.w.org\/{rel}","templated":true}]}}