{"id":2238,"date":"2014-11-27T14:56:47","date_gmt":"2014-11-27T13:56:47","guid":{"rendered":"http:\/\/www.vdsm.net\/wronline\/?p=2238"},"modified":"2014-11-27T14:56:47","modified_gmt":"2014-11-27T13:56:47","slug":"arbeitsmarkt-geht-gut-geruestet-in-den-winter","status":"publish","type":"post","link":"https:\/\/www.vdsm.net\/wronline\/arbeitsmarkt-geht-gut-geruestet-in-den-winter\/","title":{"rendered":"Arbeitsmarkt geht gut ger\u00fcstet in den Winter"},"content":{"rendered":"<div id=\"attachment_2239\" style=\"width: 310px\" class=\"wp-caption alignleft\"><a href=\"http:\/\/www.vdsm.net\/wronline\/wp-content\/uploads\/2014\/11\/Wolf_Bettina_VG_AASiegen.jpg\"><img loading=\"lazy\" decoding=\"async\" aria-describedby=\"caption-attachment-2239\" class=\"size-medium wp-image-2239\" src=\"http:\/\/www.vdsm.net\/wronline\/wp-content\/uploads\/2014\/11\/Wolf_Bettina_VG_AASiegen-300x200.jpg\" alt=\"Dr. Bettina Wolf, Vorsitzende der Gesch\u00e4ftsf\u00fchrung der Agentur f\u00fcr Arbeit Siegen. (Quelle: Arbeitsagentur Siegen)\" width=\"300\" height=\"200\" srcset=\"https:\/\/www.vdsm.net\/wronline\/wp-content\/uploads\/2014\/11\/Wolf_Bettina_VG_AASiegen-300x200.jpg 300w, https:\/\/www.vdsm.net\/wronline\/wp-content\/uploads\/2014\/11\/Wolf_Bettina_VG_AASiegen-150x100.jpg 150w, https:\/\/www.vdsm.net\/wronline\/wp-content\/uploads\/2014\/11\/Wolf_Bettina_VG_AASiegen.jpg 400w\" sizes=\"auto, (max-width: 300px) 100vw, 300px\" \/><\/a><p id=\"caption-attachment-2239\" class=\"wp-caption-text\">Dr. Bettina Wolf, Vorsitzende der Gesch\u00e4ftsf\u00fchrung der Agentur f\u00fcr Arbeit Siegen. (Quelle: Arbeitsagentur Siegen)<\/p><\/div>\n<p>Es waren starke Zahlen, die Dr. Bettina Wolf, Vorsitzende der Gesch\u00e4ftsf\u00fchrung der Agentur f\u00fcr Arbeit Siegen, verk\u00fcnden konnte: Die Arbeitslosigkeit sank im November im Vergleich zum Oktober um 345 Personen, das entspricht 2,9 Prozent. Dies war der st\u00e4rkste R\u00fcckgang der Zahl der Arbeitslosen im November seit acht Jahren. Die Arbeitslosenquote fiel auf 5,1 Prozent. Insgesamt waren im November 11.606 M\u00e4nner und Frauen in den Kreisen Siegen-Wittgenstein und Olpe arbeitslos. Auch der Vergleich mit dem November des letzten Jahres, der jahreszeittypische Entwicklungen ausblendet, fiel positiv aus: Im Vergleich zum Vorjahr sank die Zahl der Arbeitslosen um 4,5 Prozent. Damit waren 551 M\u00e4nner und Frauen weniger arbeitslos als vor einem Jahr.<\/p>\n<p>\u201eDer Arbeitsmarkt geht gut ger\u00fcstet in den Winter\u201c, kommentierte Dr. Bettina Wolf optimistisch die Entwicklung. Es sei \u00fcblich, dass die Zahl der Arbeitslosen im November zur\u00fcckgehe, die St\u00e4rke des R\u00fcckgangs sei aber \u00fcberraschend gewesen. Die Arbeitsagentur habe sich in diesem Jahr besonders auf J\u00fcngere und Frauen am Arbeitsmarkt fokussiert, dazu auch organisatorische \u00c4nderungen vorgenommen. \u201eWir sehen jetzt, dass unsere Anstrengungen und die eingeleiteten \u00c4nderungen positive Auswirkungen auf den Arbeitsmarkt haben\u201c, freute sich Dr. Bettina Wolf. \u201eAllen Unkenrufen zum trotz zeigt der R\u00fcckgang aber auch, dass unser heimischer Arbeitsmarkt nach wie vor aufnahmef\u00e4hig ist.\u201c Die Entwicklung sei f\u00fcr die Arbeitsagentur Ansporn, die saisontypischen Anstiege der Arbeitslosigkeit im Winter m\u00f6glichst gut abzufedern.<\/p>\n<p>Die Gr\u00fcnde f\u00fcr den \u00fcblichen R\u00fcckgang im November liegen beispielsweise im Beginn des Weihnachtsgesch\u00e4fts im Einzelhandel. Daher gelang es der Arbeitsagentur auch, insbesondere Frauen eine neue Stelle zu verschaffen. \u201eDiese Entwicklung ist f\u00fcr die Frauen positiv. Wir w\u00fcnschen uns aber noch mehr, dass die Frauen nicht nur f\u00fcr das Weihnachtsgesch\u00e4ft einen neuen Arbeitsplatz finden, sondern dauerhaft auf dem Arbeitsmarkt fu\u00dffassen\u201c, erl\u00e4uterte Dr. Bettina Wolf. Insgesamt ging die Zahl der arbeitslosen Frauen um 202 Personen (3,4 Prozent) im November zur\u00fcck.<\/p>\n<p>Damit gerade Frauen nach einer Familienphase eine dauerhafte Perspektive auf dem Arbeitsmarkt erhalten, bietet die Arbeitsagentur eine besondere Beratung an. \u201eWir haben dazu ein spezielles Team gegr\u00fcndet und unsere Kolleginnen haben noch Beratungstermine frei\u201c, so Dr. Bettina Wolf und appellierte damit an die Frauen in der Region, nach einer Familienphase \u00fcber den Wiedereinstieg in den Job nachzudenken.<\/p>\n<p>Den J\u00fcngeren unter 25 Jahren brachte auch der November positive Nachrichten. Die Arbeitslosigkeit sank in dieser Personengruppe auf 1.266 junge M\u00e4nner und Frauen, das war ein R\u00fcckgang um 3,4 Prozent im Vergleich zum Oktober und um 9 Prozent im Vergleich zum Vorjahr. Die Jugendarbeitslosenquote sank von 4,7 auf 4,5 Prozent.<\/p>\n<p>Im Kreis Siegen-Wittgenstein waren im Oktober 8.290 Personen arbeitslos gemeldet. Damit sank die Zahl der Arbeitslosen im waldreichsten Kreis Deutschlands um 319 Personen bzw. 3,7 Prozent. Im Vergleich zum Vorjahr waren damit 283 M\u00e4nner und Frauen weniger arbeitslos, die Arbeitslosenquote sank auf 5,5 Prozent. Positiver Ausrei\u00dfer war erneut der Bezirk der Gesch\u00e4ftsstelle Bad Berleburg (Altkreis Wittgenstein). Hier sank die Arbeitslosenquote auf 3,6 Prozent, den niedrigsten Wert seit der Wiedervereinigung.<\/p>\n<p>Im Kreis Olpe waren im November 3.316 M\u00e4nner und Frauen arbeitslos gemeldet. Damit ging die Arbeitslosigkeit verhalten um 0,8 Prozent bzw. 26 M\u00e4nner und Frauen zur\u00fcck. Vor einem Jahr waren noch 268 Personen mehr arbeitslos. Die Zahl der Arbeitslosen sank damit um 7,5 Prozent. Die Quote betrug im November 4,3 Prozent und ist seit September unver\u00e4ndert.<\/p>\n<p>Die Betriebe in der Region meldeten im November 780 freie Arbeitsstellen. Damit akquirierte die Arbeitsagentur 91 Stellen mehr als im Vorjahr, das war ein Zuwachs um 13,2 Prozent. Derzeit sind bei der Agentur f\u00fcr Arbeit Siegen noch 2.151 freie Arbeitsstellen in den Kreisen Siegen-Wittgenstein und Olpe registriert, das sind 361 oder 20,2 Prozent mehr als vor einem Jahr. \u201eEinerseits zeigt das die vielen Chancen, die sich auf unserem Arbeitsmarkt bieten\u201c, erl\u00e4uterte Dr. Bettina Wolf, \u201eandererseits betrachten wir einen wachsenden Bestand aber auch immer als Anzeichen, dass Stellen nicht besetzt werden k\u00f6nnen\u201c, so die Agenturleiterin weiter. Die Arbeitgeber seien daher aufgerufen, auch dar\u00fcber nachzudenken, Mitarbeiter weiterzubilden, um so die Stellen besetzen zu k\u00f6nnen. Die Arbeitsagentur biete dazu gerne ihre Beratung an.<\/p>\n<p>Die Zahl der Arbeitslosen summiert sich in Siegen aus Kunden der Arbeitslosenversicherung \/ Arbeitslosengeld (Agentur f\u00fcr Arbeit Siegen) und aus den Kunden der Grundsicherung \/ \u201eHartz IV\u201c (Jobcenter Kreis Siegen-Wittgenstein und Jobcenter Kreis Olpe). Im Bereich der Arbeitslosenversicherung waren im November 4.184 M\u00e4nner und Frauen als arbeitslos registriert. Das waren 182 Personen weniger als im Oktober und 149 M\u00e4nner und Frauen weniger als im November 2013. Im Rechtskreis der Grundsicherung waren bei den Jobcentern des Agenturbezirks 7.422 Personen arbeitslos gemeldet. Dies bedeutete einen R\u00fcckgang um 163 Personen.<\/p>\n<p>\u201eEin sch\u00f6nes Signal ist hier auch der R\u00fcckgang der Zahl der Langzeitarbeitslosen\u201c, zeigte sich Dr. Bettina Wolf erfreut. Die Zahl der Langzeitarbeitslosen sank um 115 Personen bzw. 2,9 Prozent auf nun 3.845 M\u00e4nner und Frauen. \u201eUnser Ziel muss es aber sein, dass Langzeitarbeitslosigkeit erst gar nicht entsteht\u201c, so die Beh\u00f6rdenleiterin weiter. Gemeinsam mit den Jobcentern und den Kreisen Siegen-Wittgenstein und Olpe wolle die Arbeitsagentur daher hier einen weiteren Schwerpunkt der Arbeit setzen.<\/p>\n<p>Das Jobcenter Kreis Siegen-Wittgenstein war im November f\u00fcr 5.440 arbeitslose M\u00e4nner und Frauen zust\u00e4ndig. Dies bedeutete einen R\u00fcckgang von 156 Personen bzw. 2,8 Prozent. Im November 2013 wurden noch 236 M\u00e4nner und Frauen mehr betreut. Die Zahl sank damit um 4,2 Prozent. Das Jobcenter Kreis Olpe betreute im November 1.982 arbeitslose M\u00e4nner und Frauen. Das waren 7 Personen weniger als im Oktober. Im Vergleich zum Vorjahresmonat sank die Anzahl der betreuten Personen um 7,7 Prozent oder 166 M\u00e4nner und Frauen.<\/p>\n","protected":false},"excerpt":{"rendered":"<p>Es waren starke Zahlen, die Dr. Bettina Wolf, Vorsitzende der Gesch\u00e4ftsf\u00fchrung der Agentur f\u00fcr Arbeit Siegen, verk\u00fcnden konnte: Die Arbeitslosigkeit sank im November im Vergleich&#8230;<\/p>\n","protected":false},"author":2,"featured_media":2239,"comment_status":"open","ping_status":"open","sticky":false,"template":"","format":"standard","meta":{"_jetpack_memberships_contains_paid_content":false,"footnotes":""},"categories":[16],"tags":[],"class_list":["post-2238","post","type-post","status-publish","format-standard","has-post-thumbnail","hentry","category-arbeitsmarkt"],"jetpack_featured_media_url":"https:\/\/www.vdsm.net\/wronline\/wp-content\/uploads\/2014\/11\/Wolf_Bettina_VG_AASiegen.jpg","jetpack_sharing_enabled":true,"_links":{"self":[{"href":"https:\/\/www.vdsm.net\/wronline\/wp-json\/wp\/v2\/posts\/2238","targetHints":{"allow":["GET"]}}],"collection":[{"href":"https:\/\/www.vdsm.net\/wronline\/wp-json\/wp\/v2\/posts"}],"about":[{"href":"https:\/\/www.vdsm.net\/wronline\/wp-json\/wp\/v2\/types\/post"}],"author":[{"embeddable":true,"href":"https:\/\/www.vdsm.net\/wronline\/wp-json\/wp\/v2\/users\/2"}],"replies":[{"embeddable":true,"href":"https:\/\/www.vdsm.net\/wronline\/wp-json\/wp\/v2\/comments?post=2238"}],"version-history":[{"count":1,"href":"https:\/\/www.vdsm.net\/wronline\/wp-json\/wp\/v2\/posts\/2238\/revisions"}],"predecessor-version":[{"id":2240,"href":"https:\/\/www.vdsm.net\/wronline\/wp-json\/wp\/v2\/posts\/2238\/revisions\/2240"}],"wp:featuredmedia":[{"embeddable":true,"href":"https:\/\/www.vdsm.net\/wronline\/wp-json\/wp\/v2\/media\/2239"}],"wp:attachment":[{"href":"https:\/\/www.vdsm.net\/wronline\/wp-json\/wp\/v2\/media?parent=2238"}],"wp:term":[{"taxonomy":"category","embeddable":true,"href":"https:\/\/www.vdsm.net\/wronline\/wp-json\/wp\/v2\/categories?post=2238"},{"taxonomy":"post_tag","embeddable":true,"href":"https:\/\/www.vdsm.net\/wronline\/wp-json\/wp\/v2\/tags?post=2238"}],"curies":[{"name":"wp","href":"https:\/\/api.w.org\/{rel}","templated":true}]}}