{"id":2226,"date":"2014-11-18T15:46:48","date_gmt":"2014-11-18T14:46:48","guid":{"rendered":"http:\/\/www.vdsm.net\/wronline\/?p=2226"},"modified":"2014-11-18T15:46:48","modified_gmt":"2014-11-18T14:46:48","slug":"automotive-netzwerk-suedwestfalen-zu-gast-bei-mennekes","status":"publish","type":"post","link":"https:\/\/www.vdsm.net\/wronline\/automotive-netzwerk-suedwestfalen-zu-gast-bei-mennekes\/","title":{"rendered":"Automotive Netzwerk S\u00fcdwestfalen zu Gast bei Mennekes"},"content":{"rendered":"<div id=\"attachment_2227\" style=\"width: 310px\" class=\"wp-caption alignleft\"><a href=\"http:\/\/www.vdsm.net\/wronline\/wp-content\/uploads\/2014\/11\/144-14-Automotive-Netzwerk.jpg\"><img loading=\"lazy\" decoding=\"async\" aria-describedby=\"caption-attachment-2227\" class=\"size-medium wp-image-2227\" src=\"http:\/\/www.vdsm.net\/wronline\/wp-content\/uploads\/2014\/11\/144-14-Automotive-Netzwerk-300x194.jpg\" alt=\"Etwa 30 Mitglieder des Automotive Netzwerkes S\u00fcdwestfalen machten sich bei der Mennekes Elektrotechnik GmbH &amp; Co. KG in Kirchhundem ein Bild von der eindrucksvollen Entwicklung des Unternehmens.\" width=\"300\" height=\"194\" srcset=\"https:\/\/www.vdsm.net\/wronline\/wp-content\/uploads\/2014\/11\/144-14-Automotive-Netzwerk-300x194.jpg 300w, https:\/\/www.vdsm.net\/wronline\/wp-content\/uploads\/2014\/11\/144-14-Automotive-Netzwerk.jpg 600w\" sizes=\"auto, (max-width: 300px) 100vw, 300px\" \/><\/a><p id=\"caption-attachment-2227\" class=\"wp-caption-text\">Etwa 30 Mitglieder des Automotive Netzwerkes S\u00fcdwestfalen machten sich bei der Mennekes Elektrotechnik GmbH &amp; Co. KG in Kirchhundem ein Bild von der eindrucksvollen Entwicklung des Unternehmens.<\/p><\/div>\n<p>Im Rahmen der Veranstaltungsreihe \u201eSupplier meets Supplier\u201c hatte das Automotive Netzwerk S\u00fcdwestfalen zur Mennekes Elektrotechnik GmbH &amp; Co. KG nach Kirchhundem eingeladen. Vor Ort wurden die etwa 30 Netzwerkmitglieder vom gesch\u00e4ftsf\u00fchrenden Gesellschafter Christopher Mennekes begr\u00fc\u00dft, der die eindrucksvolle Unternehmensentwicklung pr\u00e4sentierte. Das Familienunternehmen ist als Weltmarktf\u00fchrer f\u00fcr Industriesteckvorrichtungen mit Tochtergesellschaften und Vertretungen in mehr als 90 L\u00e4ndern pr\u00e4sent und besch\u00e4ftigt weltweit etwa 1000 Mitarbeiter. Mit der Entwicklung des Mennekes-Ladesteckers Typ 2 f\u00fcr Elektrofahrzeuge ist es dem Unternehmen gelungen, zu einem Pionier der Elektromobilit\u00e4t zu werden. In diesem Jahr wurde der Stecker von der EU-Kommission zum Standard f\u00fcr Elektroautos in ganz Europa empfohlen. Damit hat sich der Mittelst\u00e4ndler aus dem Sauerland gegen internationale Konzerne durchgesetzt.<\/p>\n<p>Das Gesch\u00e4ftsfeld Elektromobilit\u00e4t gliedert sich bei dem Unternehmen in zwei Bereiche: Der Gesch\u00e4ftsbereich Mennekes Solutions bietet innovative Ladesysteme f\u00fcr den \u00f6ffentlichen, halb\u00f6ffentlichen und privaten Bereich sowie Infrastrukturkomponenten und Ladekabel. Als Feature der neuen Heimladestation hat Mennekes eine App entwickelt, mit der sich der Kunde bequem aus der Ferne via Smartphone oder Tablet \u00fcber den Ladezustand seines Fahrzeugs informieren und wichtige Abrechnungsdaten ablesen kann. Als zweite Elektromobilit\u00e4tseinheit unter dem Dach der Gruppe bedient der Bereich Mennekes Automotive das Automobilzuliefer-Gesch\u00e4ft. In kurzer Zeit ist diese Gesch\u00e4ftseinheit zu einem wichtigen Entwicklungspartner und Lieferanten f\u00fcr nahezu alle deutschen Automobilhersteller geworden. Auch Tesla und Volvo geh\u00f6ren zum Kundenkreis.<\/p>\n<p>Interessante Einblicke in die Entwicklung der Elektromobilit\u00e4t vermittelte vor Ort Volker Lazzaro, Gesch\u00e4ftsf\u00fchrer der Mennekes Elektrotechnik GmbH &amp; Co. KG. Lazzaro bezeichnet das Auto der Zukunft als eine \u201eBatterie auf R\u00e4dern\u201c. Elektrofahrzeuge sind f\u00fcr ihn nicht nur mit einem neuen Fahrzeugbau, der zum Beispiel ohne Verbrennungsmotoren und Getriebe auskommt, verbunden, sondern sie erfordern auch den Aufbau einer neuen Infrastruktur und sind ein wichtiger Bestandteil der Energiewende. Elektrofahrzeuge bieten Speicherkapazit\u00e4ten, die dringend f\u00fcr die Energiewende gebraucht werden. Damit werden sie zu einem Beschleuniger f\u00fcr den Aufbau intelligenter Stromnetze und einem \u00f6kologischen Umbau der Energieversorgung.<\/p>\n<p>Lazzaro geht davon aus, dass die Zahl der Elektrofahrzeuge in den n\u00e4chsten Jahren deutlich zunehmen wird. Eine Kostendegression bei steigender Batterieproduktion kann dazu ebenso beitragen wie der Ausbau der Infrastruktur und F\u00f6rderma\u00dfnahmen f\u00fcr die Elektromobilit\u00e4t. Au\u00dferdem erfordert insbesondere die zunehmende Motorisierung in den Megacities der Welt neue, klimaschonende Mobilit\u00e4tskonzepte. Hier kann die Elektromobilit\u00e4t einen entscheidenden Beitrag leisten.<\/p>\n","protected":false},"excerpt":{"rendered":"<p>Im Rahmen der Veranstaltungsreihe \u201eSupplier meets Supplier\u201c hatte das Automotive Netzwerk S\u00fcdwestfalen zur Mennekes Elektrotechnik GmbH &amp; Co. KG nach Kirchhundem eingeladen. Vor Ort wurden&#8230;<\/p>\n","protected":false},"author":2,"featured_media":2227,"comment_status":"open","ping_status":"open","sticky":false,"template":"","format":"standard","meta":{"_jetpack_memberships_contains_paid_content":false,"footnotes":""},"categories":[11],"tags":[],"class_list":["post-2226","post","type-post","status-publish","format-standard","has-post-thumbnail","hentry","category-regionale-wirtschaft"],"jetpack_featured_media_url":"https:\/\/www.vdsm.net\/wronline\/wp-content\/uploads\/2014\/11\/144-14-Automotive-Netzwerk.jpg","jetpack_sharing_enabled":true,"_links":{"self":[{"href":"https:\/\/www.vdsm.net\/wronline\/wp-json\/wp\/v2\/posts\/2226","targetHints":{"allow":["GET"]}}],"collection":[{"href":"https:\/\/www.vdsm.net\/wronline\/wp-json\/wp\/v2\/posts"}],"about":[{"href":"https:\/\/www.vdsm.net\/wronline\/wp-json\/wp\/v2\/types\/post"}],"author":[{"embeddable":true,"href":"https:\/\/www.vdsm.net\/wronline\/wp-json\/wp\/v2\/users\/2"}],"replies":[{"embeddable":true,"href":"https:\/\/www.vdsm.net\/wronline\/wp-json\/wp\/v2\/comments?post=2226"}],"version-history":[{"count":1,"href":"https:\/\/www.vdsm.net\/wronline\/wp-json\/wp\/v2\/posts\/2226\/revisions"}],"predecessor-version":[{"id":2228,"href":"https:\/\/www.vdsm.net\/wronline\/wp-json\/wp\/v2\/posts\/2226\/revisions\/2228"}],"wp:featuredmedia":[{"embeddable":true,"href":"https:\/\/www.vdsm.net\/wronline\/wp-json\/wp\/v2\/media\/2227"}],"wp:attachment":[{"href":"https:\/\/www.vdsm.net\/wronline\/wp-json\/wp\/v2\/media?parent=2226"}],"wp:term":[{"taxonomy":"category","embeddable":true,"href":"https:\/\/www.vdsm.net\/wronline\/wp-json\/wp\/v2\/categories?post=2226"},{"taxonomy":"post_tag","embeddable":true,"href":"https:\/\/www.vdsm.net\/wronline\/wp-json\/wp\/v2\/tags?post=2226"}],"curies":[{"name":"wp","href":"https:\/\/api.w.org\/{rel}","templated":true}]}}