{"id":2187,"date":"2014-10-30T14:44:44","date_gmt":"2014-10-30T13:44:44","guid":{"rendered":"http:\/\/www.vdsm.net\/wronline\/?p=2187"},"modified":"2014-10-30T14:44:44","modified_gmt":"2014-10-30T13:44:44","slug":"suedwestfalen-ist-die-industrieregion-nummer-1-in-nrw","status":"publish","type":"post","link":"https:\/\/www.vdsm.net\/wronline\/suedwestfalen-ist-die-industrieregion-nummer-1-in-nrw\/","title":{"rendered":"S\u00fcdwestfalen ist die Industrieregion Nummer 1 in NRW"},"content":{"rendered":"<div id=\"attachment_2188\" style=\"width: 310px\" class=\"wp-caption alignleft\"><a href=\"http:\/\/www.vdsm.net\/wronline\/wp-content\/uploads\/2014\/10\/duinhp.jpg\"><img loading=\"lazy\" decoding=\"async\" aria-describedby=\"caption-attachment-2188\" class=\"size-medium wp-image-2188\" src=\"http:\/\/www.vdsm.net\/wronline\/wp-content\/uploads\/2014\/10\/duinhp-300x300.jpg\" alt=\"Garrelt Duin ist seit dem 21. Juni 2012 Minister f\u00fcr Wirtschaft, Energie, Industrie, Mittelstand und Handwerk des Landes Nordrhein-Westfalen. (Foto: Jonas Pees)\" width=\"300\" height=\"300\" srcset=\"https:\/\/www.vdsm.net\/wronline\/wp-content\/uploads\/2014\/10\/duinhp-300x300.jpg 300w, https:\/\/www.vdsm.net\/wronline\/wp-content\/uploads\/2014\/10\/duinhp-150x150.jpg 150w, https:\/\/www.vdsm.net\/wronline\/wp-content\/uploads\/2014\/10\/duinhp-85x85.jpg 85w, https:\/\/www.vdsm.net\/wronline\/wp-content\/uploads\/2014\/10\/duinhp.jpg 600w\" sizes=\"auto, (max-width: 300px) 100vw, 300px\" \/><\/a><p id=\"caption-attachment-2188\" class=\"wp-caption-text\">Garrelt Duin ist seit dem 21. Juni 2012 Minister f\u00fcr Wirtschaft, Energie, Industrie, Mittelstand und Handwerk des Landes Nordrhein-Westfalen. (Foto: Jonas Pees)<\/p><\/div>\n<p>\u201eHier schl\u00e4gt das industrielle Herz Nordrhein-Westfalens\u201c. Mit diesen Worten begr\u00fc\u00dfte am Montag Landrat Andreas M\u00fcller Garrelt Duin, Minister f\u00fcr Wirtschaft, Energie, Industrie, Mittelstand und Handwerk des Landes NRW in den R\u00e4umen der Sparkasse Siegen an der Morleystra\u00dfe. Der Minister war zu Gast bei der \u201eZukunftsinitiative Wirtschaft Siegen-Wittgenstein 2025\u201c. Dahinter stehen die KM:SI GmbH (Kompetenzregion Mittelstand Siegen-Wittgenstein) und FoKoS, das Forschungskolleg \u201eZukunft menschlich gestalten\u201c der Uni Siegen.<\/p>\n<p>Der Titel seiner Ausf\u00fchrungen lautete \u201eVon der Industrieregion zur Wissensregion \u2013 Chancen f\u00fcr Siegen-Wittgenstein\u201c. Der Gast aus D\u00fcsseldorf w\u00fcrdigte die Veranstaltungsreihe als Grundlage zur Richtungsorientierung, wohin sich die Region entwickeln solle und wolle. Ziel m\u00fcsse sein, dass m\u00f6glichst viele Akteure an einem Strang z\u00f6gen. Zur Verdeutlichung griff er aufs Beispiel Fu\u00dfball zur\u00fcck: \u201eDie deutsche Mannschaft war am erfolgreichsten, wenn sie sich als Einheit pr\u00e4sentiert hat und ihr Talent zum Tragen kommen konnte.\u201c<\/p>\n<p>Besuche in S\u00fcdwestfalen h\u00e4tten ihm gezeigt, so Duin, dass es eine starke Wirtschaft und Industrie gebe, sehr viel Mittelstand und ein vergleichsweise l\u00e4ndliches Umfeld. Duin: \u201eDaraus kann Tolles entstehen.\u201c Die S\u00fcdwestfalen-Regionale habe das Ihre beigetragen, die Region als Einheit zus\u00e4tzlich gewinnen zu lassen. Duin pl\u00e4dierte f\u00fcr verst\u00e4rkte Kooperation in den Bereichen St\u00e4dte und Kreise, Unternehmen sowie Hochschulen und Institute an Hochschulen. Es gelte, ein Mannschaftsverst\u00e4ndnis zu entwickeln und dieses auch nach au\u00dfen zu tragen. Eine Struktur aus vielen \u2013 auch kleinen \u2013 mittelst\u00e4ndischen Unternehmen erachtete der Minister als recht stabil: \u201eWenn Gro\u00dfe in Schwierigkeiten geraten, dann fehlt das an allen Ecken und Kanten.\u201c<\/p>\n<p>Duin verwies auf die Schnelllebigkeit in Wirtschaft, Wissenschaft und Gesellschaft. Die Zeiten, um auf Ver\u00e4nderungen zu reagieren, h\u00e4tten sich sehr verk\u00fcrzt. Anders ausgedr\u00fcckt: \u201eDie Reaktionsgeschwindigkeiten erh\u00f6hen sich immens.\u201c Duin zum Thema Industrie 4.0: \u201eDas Thema muss hier bei uns stattfinden.\u201c F\u00fcr die Region stelle das eine Chance dar. Die Hochschulen und das Knowhow in Unternehmen m\u00fcssten daf\u00fcr zusammengebracht werden. Duin: \u201eWir k\u00f6nnen an die Spitze kommen, wenn wir uns dem Thema jetzt zuwenden.\u201c Der Minister verwies auf eine anstehende neue F\u00f6rderperiode: \u201eWir wollen, dass die Regionen f\u00fcr sich definieren, was ihre Schwerpunkte sind.\u201c<\/p>\n","protected":false},"excerpt":{"rendered":"<p>\u201eHier schl\u00e4gt das industrielle Herz Nordrhein-Westfalens\u201c. Mit diesen Worten begr\u00fc\u00dfte am Montag Landrat Andreas M\u00fcller Garrelt Duin, Minister f\u00fcr Wirtschaft, Energie, Industrie, Mittelstand und Handwerk&#8230;<\/p>\n","protected":false},"author":2,"featured_media":2188,"comment_status":"open","ping_status":"open","sticky":false,"template":"","format":"standard","meta":{"_jetpack_memberships_contains_paid_content":false,"footnotes":""},"categories":[1],"tags":[],"class_list":["post-2187","post","type-post","status-publish","format-standard","has-post-thumbnail","hentry","category-aktuell"],"jetpack_featured_media_url":"https:\/\/www.vdsm.net\/wronline\/wp-content\/uploads\/2014\/10\/duinhp.jpg","jetpack_sharing_enabled":true,"_links":{"self":[{"href":"https:\/\/www.vdsm.net\/wronline\/wp-json\/wp\/v2\/posts\/2187","targetHints":{"allow":["GET"]}}],"collection":[{"href":"https:\/\/www.vdsm.net\/wronline\/wp-json\/wp\/v2\/posts"}],"about":[{"href":"https:\/\/www.vdsm.net\/wronline\/wp-json\/wp\/v2\/types\/post"}],"author":[{"embeddable":true,"href":"https:\/\/www.vdsm.net\/wronline\/wp-json\/wp\/v2\/users\/2"}],"replies":[{"embeddable":true,"href":"https:\/\/www.vdsm.net\/wronline\/wp-json\/wp\/v2\/comments?post=2187"}],"version-history":[{"count":1,"href":"https:\/\/www.vdsm.net\/wronline\/wp-json\/wp\/v2\/posts\/2187\/revisions"}],"predecessor-version":[{"id":2189,"href":"https:\/\/www.vdsm.net\/wronline\/wp-json\/wp\/v2\/posts\/2187\/revisions\/2189"}],"wp:featuredmedia":[{"embeddable":true,"href":"https:\/\/www.vdsm.net\/wronline\/wp-json\/wp\/v2\/media\/2188"}],"wp:attachment":[{"href":"https:\/\/www.vdsm.net\/wronline\/wp-json\/wp\/v2\/media?parent=2187"}],"wp:term":[{"taxonomy":"category","embeddable":true,"href":"https:\/\/www.vdsm.net\/wronline\/wp-json\/wp\/v2\/categories?post=2187"},{"taxonomy":"post_tag","embeddable":true,"href":"https:\/\/www.vdsm.net\/wronline\/wp-json\/wp\/v2\/tags?post=2187"}],"curies":[{"name":"wp","href":"https:\/\/api.w.org\/{rel}","templated":true}]}}