{"id":2179,"date":"2014-10-30T10:32:22","date_gmt":"2014-10-30T09:32:22","guid":{"rendered":"http:\/\/www.vdsm.net\/wronline\/?p=2179"},"modified":"2014-10-30T10:32:22","modified_gmt":"2014-10-30T09:32:22","slug":"naturnah-tagen-in-siegerland-wittgenstein","status":"publish","type":"post","link":"https:\/\/www.vdsm.net\/wronline\/naturnah-tagen-in-siegerland-wittgenstein\/","title":{"rendered":"\u201eNaturnah Tagen in Siegerland-Wittgenstein\u201c"},"content":{"rendered":"<div id=\"attachment_2180\" style=\"width: 310px\" class=\"wp-caption alignleft\"><a href=\"http:\/\/www.vdsm.net\/wronline\/wp-content\/uploads\/2014\/10\/Tagungsallianz.jpg\"><img loading=\"lazy\" decoding=\"async\" aria-describedby=\"caption-attachment-2180\" class=\"size-medium wp-image-2180\" src=\"http:\/\/www.vdsm.net\/wronline\/wp-content\/uploads\/2014\/10\/Tagungsallianz-300x200.jpg\" alt=\"F\u00fcr naturnahes Tagen wirbt die Regionale Tagungsallianz, in der sich 26 heimische Anbieter zusammengeschlossen haben. (Foto: Touristikverband Siegerland-Wittgenstein e.V.)\" width=\"300\" height=\"200\" srcset=\"https:\/\/www.vdsm.net\/wronline\/wp-content\/uploads\/2014\/10\/Tagungsallianz-300x200.jpg 300w, https:\/\/www.vdsm.net\/wronline\/wp-content\/uploads\/2014\/10\/Tagungsallianz-150x100.jpg 150w, https:\/\/www.vdsm.net\/wronline\/wp-content\/uploads\/2014\/10\/Tagungsallianz.jpg 600w\" sizes=\"auto, (max-width: 300px) 100vw, 300px\" \/><\/a><p id=\"caption-attachment-2180\" class=\"wp-caption-text\">F\u00fcr naturnahes Tagen wirbt die Regionale Tagungsallianz, in der sich 26 heimische Anbieter zusammengeschlossen haben. (Foto: Touristikverband Siegerland-Wittgenstein e.V.)<\/p><\/div>\n<p>Siegen-Wittgenstein ist nicht nur ein bedeutender Wirtschaftsstandort, sondern auch der waldreichste Kreis Deutschlands. \u00d6konomie und \u00d6kologie bilden dabei keine Gegens\u00e4tze. Vielmehr erg\u00e4nzen sie sich auf eine Weise, die den Industriestandort und die Tourismusregion zwischen Sieg, Lahn und Eder zu etwas Besonderem macht. Das ha\u00adben auch die Mitglieder der Tagungsallianz Siegerland-Wittgenstein er\u00adkannt und als Motto auf ihre Fahne geschrieben. \u201eNaturnah Tagen in Siegerland-Wittgenstein\u201c heisst der Slogan, mit dem die 26 Mitgliedsbetriebe der Ta\u00adgungsallianz f\u00fcr ihre Angebote werben. Denn der Tagungs- und Ge\u00adsch\u00e4ftstourismus boomt. Drei Millionen Tagungs- und Weiterbildungs\u00adveranstaltungen finden j\u00e4hrlich in Deutschland statt und generieren dabei 80 Millionen \u00dcbernachtungen und 66 Millionen EUR Um\u00adsatz. Ein enormes Potenzial, das die Allianz touristisch noch st\u00e4rker f\u00fcr die Region nutzen will.<\/p>\n<p>Doch wie wird man auf diesem hart umk\u00e4mpften Markt wahrgenommen? Am besten gemeinsam, da sind sich die Allianzmitglieder sicher. Statt einzeln f\u00fcr ihre Angebote zu werben, b\u00fcndeln sie seit An\u00adfang 2013 ihre Werbeetats in einer gemeinsamen Interessenvertretung. Neben kostensenkenden Synergieeffekten streben sie dabei auch eine Erh\u00f6hung der Wertsch\u00f6pfung durch den Tagungstourismus an. Gleichzeitig wollen sie die Region als Wirtschafts- und Wissenschaftsstandort in den Focus der interessierten \u00d6ffentlichkeit r\u00fccken. Und das nicht nur nach au\u00dfen. \u201eWir verstehen unsere Initiative na\u00adt\u00fcrlich auch als ein Angebot an die heimische Wirtschaft. Naturnahes Tagen ist sicherlich auch f\u00fcr die hier ans\u00e4ssigen Unternehmen ein durchaus interessantes Angebot\u201c, unterstreicht Roswitha Still, Gesch\u00e4ftsf\u00fchrerin des heimischen Touristikverbandes und der Allianz.<\/p>\n<p>\u201eUnternehmen, die Tagungen planen, wollen schnell einen umfassenden \u00dcberblick \u00fcber das verf\u00fcgbare Angebot erhalten. Diese Transparenz schafft beispielsweise unsere gemeinsame Brosch\u00fcre auch f\u00fcr heimische Betriebe. Diese sind, so unsere Erfahrung, oftmals \u00fcberrascht, was vor Ort oder in der unmittelbaren Nachbarschaft so alles m\u00f6glich ist\u201c, erg\u00e4nzt Friedrich Schmidt, Vorsitzender der Re\u00adgionalen Tagungsallianz und Gesch\u00e4ftsf\u00fchrer der Siegerlandhalle in Siegen. Neben Hotels und Tagungsst\u00e4tten geh\u00f6ren der Initiative auch Eventservice-Anbieter und Unternehmen f\u00fcr Veranstaltungstechnik an. Die Gr\u00fcnde f\u00fcr eine Mitgliedschaft be\u00adschreibt Andreas Benkendorf, Inhaber Hotel \u201eAlte Schule\u201c so: \u201eAls die Tagungsallianz gegr\u00fcndet wurde, ha\u00adben wir dies als Chance gesehen, sich gemeinsam vor Ort als Partner und Dienstleister im Raum S\u00fcdwestfalen vorzustellen. So wird die Suche f\u00fcr eine Ta\u00adgungsveranstaltung oder Be\u00adtriebsfeier wesentlich vereinfacht.\u201c<\/p>\n<p>\u201eTagungen sind oftmals die Impulse f\u00fcr das t\u00e4gliche Ar\u00adbeiten. Gerade die verkehrsg\u00fcnstige Lage und die wirtschaftliche St\u00e4rke der Region sind f\u00fcr uns der Motor, individuelle Tagungen zu veranstalten. Wir verstehen uns als Bausteinlieferant f\u00fcr pfiffige Teambuilding-Massnahmen, um eine erfolgreiche Tagung aufzuwerten. Emotionale Einmaligkeit gepaart mit dem Er\u00adfolg der Tagung machen das Siegerland zum Sieger-Land\u201c, unterstreicht Christoph D\u00fcber, Inhaber der Eventagentur \u201eOKAY Veranstaltungen\u201c. Interessierte Unternehmen k\u00f6nnen sich an Arne J\u00e4hrling vom Touristikverband Siegerland-Wittgen\u00adstein\/Re\u00adgionale Ta\u00adgungsallianz wenden (Telefon: 0271-33310-22). Informationen hier\u00adzu gibt es im In\u00adternet unter: www.naturnah-tagen.de.<\/p>\n","protected":false},"excerpt":{"rendered":"<p>Siegen-Wittgenstein ist nicht nur ein bedeutender Wirtschaftsstandort, sondern auch der waldreichste Kreis Deutschlands. \u00d6konomie und \u00d6kologie bilden dabei keine Gegens\u00e4tze. Vielmehr erg\u00e4nzen sie sich auf&#8230;<\/p>\n","protected":false},"author":2,"featured_media":2180,"comment_status":"open","ping_status":"open","sticky":false,"template":"","format":"standard","meta":{"_jetpack_memberships_contains_paid_content":false,"footnotes":""},"categories":[11],"tags":[],"class_list":["post-2179","post","type-post","status-publish","format-standard","has-post-thumbnail","hentry","category-regionale-wirtschaft"],"jetpack_featured_media_url":"https:\/\/www.vdsm.net\/wronline\/wp-content\/uploads\/2014\/10\/Tagungsallianz.jpg","jetpack_sharing_enabled":true,"_links":{"self":[{"href":"https:\/\/www.vdsm.net\/wronline\/wp-json\/wp\/v2\/posts\/2179","targetHints":{"allow":["GET"]}}],"collection":[{"href":"https:\/\/www.vdsm.net\/wronline\/wp-json\/wp\/v2\/posts"}],"about":[{"href":"https:\/\/www.vdsm.net\/wronline\/wp-json\/wp\/v2\/types\/post"}],"author":[{"embeddable":true,"href":"https:\/\/www.vdsm.net\/wronline\/wp-json\/wp\/v2\/users\/2"}],"replies":[{"embeddable":true,"href":"https:\/\/www.vdsm.net\/wronline\/wp-json\/wp\/v2\/comments?post=2179"}],"version-history":[{"count":1,"href":"https:\/\/www.vdsm.net\/wronline\/wp-json\/wp\/v2\/posts\/2179\/revisions"}],"predecessor-version":[{"id":2181,"href":"https:\/\/www.vdsm.net\/wronline\/wp-json\/wp\/v2\/posts\/2179\/revisions\/2181"}],"wp:featuredmedia":[{"embeddable":true,"href":"https:\/\/www.vdsm.net\/wronline\/wp-json\/wp\/v2\/media\/2180"}],"wp:attachment":[{"href":"https:\/\/www.vdsm.net\/wronline\/wp-json\/wp\/v2\/media?parent=2179"}],"wp:term":[{"taxonomy":"category","embeddable":true,"href":"https:\/\/www.vdsm.net\/wronline\/wp-json\/wp\/v2\/categories?post=2179"},{"taxonomy":"post_tag","embeddable":true,"href":"https:\/\/www.vdsm.net\/wronline\/wp-json\/wp\/v2\/tags?post=2179"}],"curies":[{"name":"wp","href":"https:\/\/api.w.org\/{rel}","templated":true}]}}