{"id":2159,"date":"2014-10-16T12:12:39","date_gmt":"2014-10-16T10:12:39","guid":{"rendered":"http:\/\/www.vdsm.net\/wronline\/?p=2159"},"modified":"2014-10-16T12:12:39","modified_gmt":"2014-10-16T10:12:39","slug":"berufsorientierung-si-wi-jetzt-bei-facebook-online","status":"publish","type":"post","link":"https:\/\/www.vdsm.net\/wronline\/berufsorientierung-si-wi-jetzt-bei-facebook-online\/","title":{"rendered":"\u201eBerufsorientierung Si-Wi&#8220; jetzt bei Facebook online"},"content":{"rendered":"<p>Wie geht\u2019s nach der Schule weiter? Diese Frage steht fr\u00fcher oder sp\u00e4ter bei jedem Sch\u00fcler an. Und \u2013 das zeigen die Erfahrungen \u2013 je eher man sich mit diesem Thema besch\u00e4ftigt, umso reibungsloser klappt der \u00dcbergang von der Schule in eine Ausbildung oder ein Studium. Der Kreis Siegen-Wittgenstein will Jugendliche dabei unterst\u00fctzen \u2013 unter anderem mit einer neuen Facebook-Seite. Die hei\u00dft \u201e<a class=\"link\" href=\"http:\/\/www.facebook.com\/berufsorientierungsiwi\" target=\"_blank\">Berufsorientierung Si-Wi<\/a>&#8222;. Dort gibt es st\u00e4ndig aktuelle Informationen \u00fcber Aus- und Weiterbildungsangebote in der Region.<\/p>\n<p>\u201eEinfach, modern und m\u00f6glichst tagesaktuell \u2013 das ist der Anspruch unserer Facebook-Seite&#8220;, sagt Lukas Kroll, Mitarbeiter der Kommunalen Koordinierung des Kreises und Administrator der Social-Media-Fanpage: \u201eWir werden nur Dinge posten, die f\u00fcr Sch\u00fcler beim \u00dcbergang zur Ausbildung wichtig oder interessant sein k\u00f6nnen: Ob Orientierungsveranstaltungen, Arbeitshilfen oder Weiterbildungsangebote. Mit \u201aBerufsorientierung Si-Wi\u2018 erh\u00e4lt man mit einem Klick die wichtigsten News auf sein Smartphone \u2013 und das gefiltert, komprimiert und verst\u00e4ndlich aufbereitet.&#8220; Die Spannbreite der Informationen reicht von den Schnuppertagen im Rahmen des Landesvorhabens \u201eKein Abschluss ohne Anschluss&#8220; bis hin zu spannenden Tipps und Tricks zur Berufsorientierung f\u00fcr Abiturienten.<\/p>\n<p>Dabei ist \u201eBerufsorientierung-Si-Wi&#8220; nicht nur Newsmelder, sondern auch Ideengeber. \u201eInsider-Infos und Hintergrundgeschichten, aber auch der Austausch mit Freunden und Klassenkameraden \u00fcber die Schritte in die Berufswelt stehen im Fokus der Facebook-Seite, wie bereits vor kurzem bei der Jobs-Si&#8220;, erl\u00e4utert Lukas Kroll. Sein Wunsch: \u201eSch\u00fcler profitieren von Erfahrungen anderer und finden unserer Facebook-Seite Tipps und gute Ideen, die ihnen beim Start ins Berufsleben helfen.&#8220;<\/p>\n","protected":false},"excerpt":{"rendered":"<p>Wie geht\u2019s nach der Schule weiter? Diese Frage steht fr\u00fcher oder sp\u00e4ter bei jedem Sch\u00fcler an. Und \u2013 das zeigen die Erfahrungen \u2013 je eher&#8230;<\/p>\n","protected":false},"author":2,"featured_media":0,"comment_status":"open","ping_status":"open","sticky":false,"template":"","format":"standard","meta":{"_jetpack_memberships_contains_paid_content":false,"footnotes":""},"categories":[8],"tags":[],"class_list":["post-2159","post","type-post","status-publish","format-standard","hentry","category-ausbildung"],"jetpack_featured_media_url":"","jetpack_sharing_enabled":true,"_links":{"self":[{"href":"https:\/\/www.vdsm.net\/wronline\/wp-json\/wp\/v2\/posts\/2159","targetHints":{"allow":["GET"]}}],"collection":[{"href":"https:\/\/www.vdsm.net\/wronline\/wp-json\/wp\/v2\/posts"}],"about":[{"href":"https:\/\/www.vdsm.net\/wronline\/wp-json\/wp\/v2\/types\/post"}],"author":[{"embeddable":true,"href":"https:\/\/www.vdsm.net\/wronline\/wp-json\/wp\/v2\/users\/2"}],"replies":[{"embeddable":true,"href":"https:\/\/www.vdsm.net\/wronline\/wp-json\/wp\/v2\/comments?post=2159"}],"version-history":[{"count":1,"href":"https:\/\/www.vdsm.net\/wronline\/wp-json\/wp\/v2\/posts\/2159\/revisions"}],"predecessor-version":[{"id":2160,"href":"https:\/\/www.vdsm.net\/wronline\/wp-json\/wp\/v2\/posts\/2159\/revisions\/2160"}],"wp:attachment":[{"href":"https:\/\/www.vdsm.net\/wronline\/wp-json\/wp\/v2\/media?parent=2159"}],"wp:term":[{"taxonomy":"category","embeddable":true,"href":"https:\/\/www.vdsm.net\/wronline\/wp-json\/wp\/v2\/categories?post=2159"},{"taxonomy":"post_tag","embeddable":true,"href":"https:\/\/www.vdsm.net\/wronline\/wp-json\/wp\/v2\/tags?post=2159"}],"curies":[{"name":"wp","href":"https:\/\/api.w.org\/{rel}","templated":true}]}}