{"id":2148,"date":"2014-09-30T10:19:56","date_gmt":"2014-09-30T08:19:56","guid":{"rendered":"http:\/\/www.vdsm.net\/wronline\/?p=2148"},"modified":"2014-09-30T10:19:56","modified_gmt":"2014-09-30T08:19:56","slug":"saisontypische-herbstbelebung-auf-dem-arbeitsmarkt","status":"publish","type":"post","link":"https:\/\/www.vdsm.net\/wronline\/saisontypische-herbstbelebung-auf-dem-arbeitsmarkt\/","title":{"rendered":"Saisontypische Herbstbelebung auf dem Arbeitsmarkt"},"content":{"rendered":"<p><a href=\"http:\/\/www.vdsm.net\/wronline\/wp-content\/uploads\/2011\/12\/AASiegen.jpg\"><img loading=\"lazy\" decoding=\"async\" class=\"alignleft size-full wp-image-104\" src=\"http:\/\/www.vdsm.net\/wronline\/wp-content\/uploads\/2011\/12\/AASiegen.jpg\" alt=\"Arbeitsagentur Siegen\" width=\"250\" height=\"188\" \/><\/a>\u201eMit der leichten Herbstbelebung in unserer Region konnten wir viele arbeitslose M\u00e4nner und Frauen beim Sprung in den Arbeitsmarkt unterst\u00fctzen. Vor allem die j\u00fcngeren Menschen unter 25 Jahren haben von der guten Lage auf dem heimischen Arbeitsmarkt profitiert. Die Unternehmen erkennen ihren Handlungsbedarf zur Fachkr\u00e4ftesicherung und stellen die ausgebildeten Nachwuchskr\u00e4fte ein\u201c, erl\u00e4utert Dr. Bettina Wolf, Vorsitzende der Gesch\u00e4ftsf\u00fchrung der Agentur f\u00fcr Arbeit Siegen.<\/p>\n<p>Die Arbeitslosenquote des Agenturbezirks Siegen sank im September von 5,4 auf 5,2 Prozent. In diesem Monat waren im Bezirk der Agentur f\u00fcr Arbeit Siegen 3,5 Prozent weniger Personen arbeitslos als im August (436 Personen). Im Vergleich zum Vorjahr ist dies ein R\u00fcckgang um 2,2 Prozent (274 Personen). Insgesamt sind im Agenturbezirk noch 11.963 Menschen ohne Besch\u00e4ftigung.<\/p>\n<p>Im Vergleich zum Vormonat August haben sich im September 4,1 Prozent (102 Personen) weniger arbeitslos gemeldet. Im Vorjahresvergleich ist das ein R\u00fcckgang von 7,7 Prozent (201 Personen). Alle Personengruppen konnten von dem leichten Aufschwung am Arbeitsmarkt profitieren. Dr. Bettina Wolf: \u201eWir kehren zum positiven Trend von vor den Ferien zur\u00fcck. Wir bleiben verhalten optimistisch, m\u00fcssen aber feststellen, dass die positive Entwicklung vorwiegend saisontypisch ist.\u201c<\/p>\n<p>Besonders erfreulich ist die Entwicklung bei den arbeitslosen Jugendlichen und jungen Erwachsenen unter 25 Jahren. Im Vergleich zum Vormonat ist die Zahl um 13,3 Prozent (217 Personen) gesunken. Damit waren im September auch 84 junge M\u00e4nner und Frauen weniger arbeitslos als noch vor einem Jahr, ein R\u00fcckgang um 5,6 Prozent. Die Jugendarbeitslosenquote sank dementsprechend deutlich. Sie ging um 0,7 Prozentpunkte auf 5,1 Prozent zur\u00fcck.<\/p>\n<p>Die Arbeitsagentur sieht sich auf ihrem Weg, verst\u00e4rkt auf die Jugendarbeitslosigkeit aufmerksam zu machen, best\u00e4tigt. \u201eDer R\u00fcckgang ist ein gutes Zeichen, wir wollen aber gemeinsam mit unseren Partnern weiter daran arbeiten, damit immer mehr junge Menschen in der Region berufliche Perspektiven bekommen\u201c, betont Dr. Bettina Wolf.<\/p>\n<p>Die Arbeitsagentur registrierte im Kreis Siegen-Wittgenstein im September 8.645 arbeitslose M\u00e4nner und Frauen. Im Vergleich zum August sank die Zahl der Arbeitslosen damit um 295 Personen, das entspricht einem R\u00fcckgang 3,3 Prozent. Im Vergleich zum Vorjahr blieb die Zahl der Arbeitslosen fast gleich, sie sank leicht um 8 Personen. Die Jugendarbeitslosenquote ging um 0,8 Prozentpunkte auf 5,6 Prozent zur\u00fcck.<\/p>\n<p>Im Kreis Olpe sind derzeit 3.318 Menschen arbeitslos gemeldet. Die Arbeitslosenquote sank in diesem Monat von 4,5 auf 4,3 Prozent. Im Vergleich zum September 2013 sind diesen Monat 7,4 Prozent (266 Personen) weniger arbeitslos gemeldet. Die Jugendarbeitslosenquote im Kreis Olpe geht um 0,7 Prozentpunkte auf 4,1 Prozent zur\u00fcck.<\/p>\n<p>Im September haben die Betriebe insgesamt 869 freie Stellen gemeldet. Das sind 26 mehr als im Vormonat (+3,1 Prozent) und 19 Stellen mehr als im Vorjahr (+2,2 Prozent). Seit Jahresbeginn akquirierte der Arbeitgeber-Service der Agentur f\u00fcr Arbeit Siegen bei den Arbeitgebern in Olpe und Siegen-Wittgenstein 7.683 freie Arbeitsstellen, ein Plus um 881 Stellen bzw. 13 Prozent. Dr. Bettina Wolf: \u201eDie Stellenmeldungen bleiben auf einem hohen Niveau. Die hohen Zuw\u00e4chse des Fr\u00fchlings stabilisieren sich jedoch allm\u00e4hlich. Wir werben bei den Betrieben weiter daf\u00fcr, verf\u00fcgbare Arbeitskr\u00e4fte an die Unternehmen zu binden, um aus dem wertvollen Know-how Wettbewerbsvorteile zu ziehen.\u201c<\/p>\n<p>Die Zahl der Arbeitslosen summiert sich in Siegen aus Kunden der Arbeitslosenversicherung (Agentur f\u00fcr Arbeit Siegen) und aus den Kunden der Grundsicherung (Jobcenter Kreis Siegen-Wittgenstein und Jobcenter Kreis Olpe). Im Rechtskreis des SGB III der Agentur f\u00fcr Arbeit Siegen ist die Zahl der Arbeitslosen im Vergleich zum Vormonat um 5,3 Prozent (244 Personen) gesunken. Im Rechtskreis der Jobcenter ist ein R\u00fcckgang um 2,5 Prozent (192 Personen) zu verzeichnen. Im Bereich der Arbeitslosenversicherung ergibt sich im Vorjahresvergleich eine geringf\u00fcgige Zunahme der Zahl der arbeitslos gemeldeten Menschen um 0,1 Prozent (4 Personen). Im Vergleich zum Vorjahr bedeutet das bei der Grundsicherung einen R\u00fcckgang um 3,5 Prozent (278 Personen).<\/p>\n<p>Das Jobcenter Kreis Siegen-Wittgenstein ist aktuell f\u00fcr 5.621 arbeitslose M\u00e4nner und Frauen zust\u00e4ndig. Im Vergleich zum August ergibt sich ein R\u00fcckgang der Arbeitslosigkeit um 3,2 Prozent (183 Personen). Vor einem Jahr waren 97 Personen mehr arbeitslos.<\/p>\n<p>Beim Jobcenter Kreis Olpe wurde im Vormonatsvergleich ebenfalls ein R\u00fcckgang bei der Arbeitslosigkeit verzeichnet. Aktuell betr\u00e4gt die Zahl der gemeldeten Arbeitslosen 1.983. Der Vergleich zum August ergibt eine Minderung um 0,5 Prozent (9 Personen). Im September des letzten Jahres waren noch 181 M\u00e4nner und Frauen mehr arbeitslos. Damit ging die Zahl der Arbeitslosen in diesem Bereich um 8,4 Prozent zur\u00fcck.<\/p>\n","protected":false},"excerpt":{"rendered":"<p>\u201eMit der leichten Herbstbelebung in unserer Region konnten wir viele arbeitslose M\u00e4nner und Frauen beim Sprung in den Arbeitsmarkt unterst\u00fctzen. Vor allem die j\u00fcngeren Menschen&#8230;<\/p>\n","protected":false},"author":2,"featured_media":0,"comment_status":"open","ping_status":"open","sticky":false,"template":"","format":"standard","meta":{"_jetpack_memberships_contains_paid_content":false,"footnotes":""},"categories":[16],"tags":[],"class_list":["post-2148","post","type-post","status-publish","format-standard","hentry","category-arbeitsmarkt"],"jetpack_featured_media_url":"","jetpack_sharing_enabled":true,"_links":{"self":[{"href":"https:\/\/www.vdsm.net\/wronline\/wp-json\/wp\/v2\/posts\/2148","targetHints":{"allow":["GET"]}}],"collection":[{"href":"https:\/\/www.vdsm.net\/wronline\/wp-json\/wp\/v2\/posts"}],"about":[{"href":"https:\/\/www.vdsm.net\/wronline\/wp-json\/wp\/v2\/types\/post"}],"author":[{"embeddable":true,"href":"https:\/\/www.vdsm.net\/wronline\/wp-json\/wp\/v2\/users\/2"}],"replies":[{"embeddable":true,"href":"https:\/\/www.vdsm.net\/wronline\/wp-json\/wp\/v2\/comments?post=2148"}],"version-history":[{"count":1,"href":"https:\/\/www.vdsm.net\/wronline\/wp-json\/wp\/v2\/posts\/2148\/revisions"}],"predecessor-version":[{"id":2149,"href":"https:\/\/www.vdsm.net\/wronline\/wp-json\/wp\/v2\/posts\/2148\/revisions\/2149"}],"wp:attachment":[{"href":"https:\/\/www.vdsm.net\/wronline\/wp-json\/wp\/v2\/media?parent=2148"}],"wp:term":[{"taxonomy":"category","embeddable":true,"href":"https:\/\/www.vdsm.net\/wronline\/wp-json\/wp\/v2\/categories?post=2148"},{"taxonomy":"post_tag","embeddable":true,"href":"https:\/\/www.vdsm.net\/wronline\/wp-json\/wp\/v2\/tags?post=2148"}],"curies":[{"name":"wp","href":"https:\/\/api.w.org\/{rel}","templated":true}]}}