{"id":2136,"date":"2014-09-17T08:23:24","date_gmt":"2014-09-17T06:23:24","guid":{"rendered":"http:\/\/www.vdsm.net\/wronline\/?p=2136"},"modified":"2014-09-17T08:23:24","modified_gmt":"2014-09-17T06:23:24","slug":"familienfest-der-vetter-krantechnik-und-vetter-kranservice","status":"publish","type":"post","link":"https:\/\/www.vdsm.net\/wronline\/familienfest-der-vetter-krantechnik-und-vetter-kranservice\/","title":{"rendered":"Familienfest der Vetter Krantechnik und Vetter Kranservice"},"content":{"rendered":"<div id=\"attachment_2137\" style=\"width: 310px\" class=\"wp-caption alignleft\"><a href=\"http:\/\/www.vdsm.net\/wronline\/wp-content\/uploads\/2014\/09\/H45_14.jpg\"><img loading=\"lazy\" decoding=\"async\" aria-describedby=\"caption-attachment-2137\" class=\"size-medium wp-image-2137\" src=\"http:\/\/www.vdsm.net\/wronline\/wp-content\/uploads\/2014\/09\/H45_14-300x200.jpg\" alt=\"Klaus und Heidi Vetter \u00fcberreichten  einen Spendenscheck an Frank Weber von \u201eMiteinander Helfen e.V.\u201c\" width=\"300\" height=\"200\" srcset=\"https:\/\/www.vdsm.net\/wronline\/wp-content\/uploads\/2014\/09\/H45_14-300x200.jpg 300w, https:\/\/www.vdsm.net\/wronline\/wp-content\/uploads\/2014\/09\/H45_14-150x100.jpg 150w, https:\/\/www.vdsm.net\/wronline\/wp-content\/uploads\/2014\/09\/H45_14.jpg 600w\" sizes=\"auto, (max-width: 300px) 100vw, 300px\" \/><\/a><p id=\"caption-attachment-2137\" class=\"wp-caption-text\">Klaus und Heidi Vetter \u00fcberreichten einen Spendenscheck an Frank Weber von \u201eMiteinander Helfen e.V.\u201c<\/p><\/div>\n<p>Am 6. September 2014 richteten die Vetter Krantechnik und Vetter Kranservice am neuen Werksstandort in Haiger\/Kalteiche einen gro\u00dfen Familientag f\u00fcr alle Besch\u00e4ftigten und deren Angeh\u00f6rige aus. Anlass war das 125-j\u00e4hrige Firmenjubil\u00e4um der zur Vetter Holding GmbH geh\u00f6renden Familienunternehmen. Viele hundert Besucher, Mitarbeiter\/innen und ihre Angeh\u00f6rigen wie auch zahlreiche Ehemalige nutzten den sonnigen Sp\u00e4tsommertag, um sich bei vielen Attraktionen und kulinarischen Gen\u00fcssen \u00fcber Vergangenes und Aktuelles miteinander auszutauschen und das neue Kranwerk ausgiebig zu besichtigen.<\/p>\n<p>Dieser Tag war f\u00fcr die Inhaberfamilie auch ein Anliegen, die gro\u00dfe Verbundenheit zum heimatlichen Standort Eiserfeld zum Ausdruck zu bringen, wo das Unternehmen 125 Jahre lang ans\u00e4ssig war und wo sich auch heute noch die Hauptverwaltung befindet. Die Firmeninhaber Klaus und Heidi Vetter \u00fcberreichten einen symbolischen Spendenscheck an Frank Weber, den 1. Vorsitzenden des Vereins \u201eMiteinander Helfen e.V.\u201c, der sich \u00fcber dieses gro\u00dfz\u00fcgige Geschenk sichtlich freute. Er berichtete kurz \u00fcber das Entstehen und die Aktivit\u00e4ten des Eiserfelder Vereins und dankte der Familie Vetter im Namen der Vereinsmitglieder sehr herzlich. Er k\u00fcndigte an, dass ein erheblicher Teil der Spende zu Gunsten sozialer Projekte, wie auch von der Familie Vetter gew\u00fcnscht, verwendet werde.<\/p>\n","protected":false},"excerpt":{"rendered":"<p>Am 6. September 2014 richteten die Vetter Krantechnik und Vetter Kranservice am neuen Werksstandort in Haiger\/Kalteiche einen gro\u00dfen Familientag f\u00fcr alle Besch\u00e4ftigten und deren Angeh\u00f6rige&#8230;<\/p>\n","protected":false},"author":2,"featured_media":2137,"comment_status":"open","ping_status":"open","sticky":false,"template":"","format":"standard","meta":{"_jetpack_memberships_contains_paid_content":false,"footnotes":""},"categories":[11],"tags":[],"class_list":["post-2136","post","type-post","status-publish","format-standard","has-post-thumbnail","hentry","category-regionale-wirtschaft"],"jetpack_featured_media_url":"https:\/\/www.vdsm.net\/wronline\/wp-content\/uploads\/2014\/09\/H45_14.jpg","jetpack_sharing_enabled":true,"_links":{"self":[{"href":"https:\/\/www.vdsm.net\/wronline\/wp-json\/wp\/v2\/posts\/2136","targetHints":{"allow":["GET"]}}],"collection":[{"href":"https:\/\/www.vdsm.net\/wronline\/wp-json\/wp\/v2\/posts"}],"about":[{"href":"https:\/\/www.vdsm.net\/wronline\/wp-json\/wp\/v2\/types\/post"}],"author":[{"embeddable":true,"href":"https:\/\/www.vdsm.net\/wronline\/wp-json\/wp\/v2\/users\/2"}],"replies":[{"embeddable":true,"href":"https:\/\/www.vdsm.net\/wronline\/wp-json\/wp\/v2\/comments?post=2136"}],"version-history":[{"count":1,"href":"https:\/\/www.vdsm.net\/wronline\/wp-json\/wp\/v2\/posts\/2136\/revisions"}],"predecessor-version":[{"id":2138,"href":"https:\/\/www.vdsm.net\/wronline\/wp-json\/wp\/v2\/posts\/2136\/revisions\/2138"}],"wp:featuredmedia":[{"embeddable":true,"href":"https:\/\/www.vdsm.net\/wronline\/wp-json\/wp\/v2\/media\/2137"}],"wp:attachment":[{"href":"https:\/\/www.vdsm.net\/wronline\/wp-json\/wp\/v2\/media?parent=2136"}],"wp:term":[{"taxonomy":"category","embeddable":true,"href":"https:\/\/www.vdsm.net\/wronline\/wp-json\/wp\/v2\/categories?post=2136"},{"taxonomy":"post_tag","embeddable":true,"href":"https:\/\/www.vdsm.net\/wronline\/wp-json\/wp\/v2\/tags?post=2136"}],"curies":[{"name":"wp","href":"https:\/\/api.w.org\/{rel}","templated":true}]}}