{"id":2131,"date":"2014-09-11T11:49:01","date_gmt":"2014-09-11T09:49:01","guid":{"rendered":"http:\/\/www.vdsm.net\/wronline\/?p=2131"},"modified":"2014-09-15T08:49:25","modified_gmt":"2014-09-15T06:49:25","slug":"fuenfter-tag-der-technik-in-siegen","status":"publish","type":"post","link":"https:\/\/www.vdsm.net\/wronline\/fuenfter-tag-der-technik-in-siegen\/","title":{"rendered":"F\u00fcnfter \u201eTag der Technik\u201c in Siegen: Die Fabrik kommt wieder in die Stadt"},"content":{"rendered":"<p><a href=\"http:\/\/www.vdsm.net\/wronline\/wp-content\/uploads\/2014\/09\/MG_7396.jpg\"><img loading=\"lazy\" decoding=\"async\" class=\"alignleft size-medium wp-image-2132\" src=\"http:\/\/www.vdsm.net\/wronline\/wp-content\/uploads\/2014\/09\/MG_7396-300x200.jpg\" alt=\"_MG_7396\" width=\"300\" height=\"200\" srcset=\"https:\/\/www.vdsm.net\/wronline\/wp-content\/uploads\/2014\/09\/MG_7396-300x200.jpg 300w, https:\/\/www.vdsm.net\/wronline\/wp-content\/uploads\/2014\/09\/MG_7396-150x100.jpg 150w, https:\/\/www.vdsm.net\/wronline\/wp-content\/uploads\/2014\/09\/MG_7396.jpg 600w\" sizes=\"auto, (max-width: 300px) 100vw, 300px\" \/><\/a>Am Samstag, dem 13. September 2014, ist es wieder soweit: Zum f\u00fcnften Mal findet der \u201eTag der Technik\u201c in Siegen\u00a0 statt. Von 11.00 bis 17.00 Uhr l\u00e4dt der Aktions- und Erlebnistag die Region dazu ein, Technik und regionale Industrie in ihren vielseitigen Formen und M\u00f6glichkeiten zu erleben. Jungen Menschen bietet er gleichzeitig auch ein Forum zur Berufsorientierung. Tradition und Zukunft werden an einem Ort verbunden; zwischen Lokschuppen und Berufskolleg entsteht wieder eine Technik-Erlebniswelt, die zahlreiche Mitmachaktionen und ein unterhaltsames Rahmenprogramm bietet.<\/p>\n<p>Urspr\u00fcnglich entstanden aus einem Forschungsprojekt zur Technikregion Siegerland der Universit\u00e4t handelt es sich mittlerweile um eine Veranstaltung, die von der Stadt Siegen, den Sozialpartnern, heimischen Firmen und vor allem einem hohen Ma\u00df an b\u00fcrgerschaftlichem Engagement getragen wird.<\/p>\n<p>Die wichtigsten Wirtschaftszweige unserer Region sind aus den historischen Wurzeln der Eisengewinnung und -verarbeitung entstanden. Umso naheliegender ist es, die technische Kompetenz dieser Unternehmen einmal j\u00e4hrlich auf anschauliche, originelle und fr\u00f6hliche Art und Weise der Bev\u00f6lkerung (und sich selbst) n\u00e4herzubringen. Das Siegerland ist eine alte Kulturlandschaft, die seit weit mehr als 2000 Jahren vom &#8211; man k\u00f6nnte fast sagen: aus Eisen gepr\u00e4gt ist. Millionen Tonnen Erz schaffte man aus den Bergwerken, verh\u00fcttete es mit Holzkohle aus den Haubergen, sp\u00e4ter mit Steinkohlekoks in riesigen Hoch\u00f6fen.<\/p>\n<p>Heute arbeiten im Siegerland prozentual mehr Menschen in der verarbeitenden Industrie als zum Beispiel im Ruhrgebiet. Die oftmals Eigent\u00fcmer gef\u00fchrten Unternehmen sind vielfach Weltmarktf\u00fchrer in ihren Branchen. Neben Unternehmen, die Metallerzeugnisse herstellen, denjenigen die sich mit Metallbearbeitung und -erzeugung befassen, ist der Maschinen- und Anlagenbau eine zentrale Leitbranche der Region, wo vor allem Walzwerke, Maschinen und Anlagen f\u00fcr die Stahl- und NE-Metallindustrie, Werkzeug- und Walzenbearbeitungsmaschinen sowie Maschinen f\u00fcr den Beh\u00e4lterbau und die R\u00f6hrenherstellung produziert werden. Eine Hightech-Branche, die das \u201eMade aus dem Siegerland&#8220; zu einem weltweit gefragten Markenzeichen gemacht hat.<\/p>\n<p>Um diese Vorreiterstellung und das Knowhow zu halten, ben\u00f6tigt es junge, ideenreiche und t\u00fcchtige Menschen, die \u201eanpacken\u201c und tolle Produkte schaffen. Um dem herrschenden Nachwuchsmangel in technischen Berufen zu begegnen und die Identit\u00e4t mit der Industrieregion zur st\u00e4rken, haben Vereine, Verb\u00e4nde und Unternehmen den \u201eTag der Technik\u201c ins Leben gerufen. Ziel ist es, die Faszination von Technik sowie die vielf\u00e4ltigen Berufsperspektiven anschaulich zu pr\u00e4sentieren. Sch\u00fclerinnen und Sch\u00fcler, auch und gerade mit nichttechnischer Bildung, werden zum Mitmachen und Experimentieren eingeladen. Vorf\u00fchrungen, Ausk\u00fcnfte zu Ausbildung und Studium, Mitmach-Aktionen, Workshops sowie Informationsst\u00e4nde zu verschiedenen Technologien und Unternehmen lassen sie die \u201eTechnik live erleben\u201c.<\/p>\n<p>Der \u201eTag der Technik\u201c bietet eine bunte Mischung aus Unterhaltung, Information und Kunst, um Jugendliche f\u00fcr technische Berufe zu begeistern. Verschiedene Mitmachaktionen formen sich zur echten \u201eWerkStadt\u201c. Neben einer Schmiede- und GusswerkStadt, in der live geschmiedet und gegossen werden kann, gibt es u. a. eine Motor WerkStadt mit spannenden Einblicken in die Motortechnik. Auch die AWO Werkst\u00e4tten, das THW oder die Universit\u00e4t Siegen sind mit Technik-Angeboten dabei. Das Rahmenprogramm bietet ebenfalls einige Attraktionen. Ein Highlight hier: die Science-Show des Gymnasiums Stift Keppel. Sie zeigt spannende physikalische und technische Experimente auf der gro\u00dfen B\u00fchne.<\/p>\n<p>Ein weiteres Highlight ist der kostenlose Shuttleservice mit dem H\u00fcbbelbummler, der von einer Sonderhaltestelle am Bahnhofsvorplatz zum Veranstaltungsort und zur\u00fcck f\u00e4hrt und so f\u00fcr eine attraktive Verbindung zur Werkstadt sorgt. F\u00fcr das leibliche Wohl ist ebenfalls gesorgt.<\/p>\n<p>Und das Beste zum Schluss: der Eintritt zum \u201eTag der Technik\u201c ist frei!<\/p>\n<p>Weitere Informationen zum Tag der Technik finden Sie in dem beiliegenden Programmheft und im Internet unter http:\/\/www.tag-der-technik-siegen.de.<\/p>\n","protected":false},"excerpt":{"rendered":"<p>Am Samstag, dem 13. September 2014, ist es wieder soweit: Zum f\u00fcnften Mal findet der \u201eTag der Technik\u201c in Siegen\u00a0 statt. Von 11.00 bis 17.00&#8230;<\/p>\n","protected":false},"author":2,"featured_media":2132,"comment_status":"open","ping_status":"open","sticky":false,"template":"","format":"standard","meta":{"_jetpack_memberships_contains_paid_content":false,"footnotes":""},"categories":[8],"tags":[],"class_list":["post-2131","post","type-post","status-publish","format-standard","has-post-thumbnail","hentry","category-ausbildung"],"jetpack_featured_media_url":"https:\/\/www.vdsm.net\/wronline\/wp-content\/uploads\/2014\/09\/MG_7396.jpg","jetpack_sharing_enabled":true,"_links":{"self":[{"href":"https:\/\/www.vdsm.net\/wronline\/wp-json\/wp\/v2\/posts\/2131","targetHints":{"allow":["GET"]}}],"collection":[{"href":"https:\/\/www.vdsm.net\/wronline\/wp-json\/wp\/v2\/posts"}],"about":[{"href":"https:\/\/www.vdsm.net\/wronline\/wp-json\/wp\/v2\/types\/post"}],"author":[{"embeddable":true,"href":"https:\/\/www.vdsm.net\/wronline\/wp-json\/wp\/v2\/users\/2"}],"replies":[{"embeddable":true,"href":"https:\/\/www.vdsm.net\/wronline\/wp-json\/wp\/v2\/comments?post=2131"}],"version-history":[{"count":3,"href":"https:\/\/www.vdsm.net\/wronline\/wp-json\/wp\/v2\/posts\/2131\/revisions"}],"predecessor-version":[{"id":2135,"href":"https:\/\/www.vdsm.net\/wronline\/wp-json\/wp\/v2\/posts\/2131\/revisions\/2135"}],"wp:featuredmedia":[{"embeddable":true,"href":"https:\/\/www.vdsm.net\/wronline\/wp-json\/wp\/v2\/media\/2132"}],"wp:attachment":[{"href":"https:\/\/www.vdsm.net\/wronline\/wp-json\/wp\/v2\/media?parent=2131"}],"wp:term":[{"taxonomy":"category","embeddable":true,"href":"https:\/\/www.vdsm.net\/wronline\/wp-json\/wp\/v2\/categories?post=2131"},{"taxonomy":"post_tag","embeddable":true,"href":"https:\/\/www.vdsm.net\/wronline\/wp-json\/wp\/v2\/tags?post=2131"}],"curies":[{"name":"wp","href":"https:\/\/api.w.org\/{rel}","templated":true}]}}