{"id":2127,"date":"2014-08-28T11:15:48","date_gmt":"2014-08-28T09:15:48","guid":{"rendered":"http:\/\/www.vdsm.net\/wronline\/?p=2127"},"modified":"2014-08-28T11:15:48","modified_gmt":"2014-08-28T09:15:48","slug":"arbeitsmarkt-trotzt-der-sommerflaute","status":"publish","type":"post","link":"https:\/\/www.vdsm.net\/wronline\/arbeitsmarkt-trotzt-der-sommerflaute\/","title":{"rendered":"Arbeitsmarkt trotzt der Sommerflaute"},"content":{"rendered":"<p><a href=\"http:\/\/www.vdsm.net\/wronline\/wp-content\/uploads\/2011\/12\/AASiegen.jpg\"><img loading=\"lazy\" decoding=\"async\" class=\"alignleft size-full wp-image-104\" src=\"http:\/\/www.vdsm.net\/wronline\/wp-content\/uploads\/2011\/12\/AASiegen.jpg\" alt=\"Arbeitsagentur Siegen\" width=\"250\" height=\"188\" \/><\/a>\u201eEntgegen der saisontypischen Entwicklung ist die Zahl der Arbeitslosen nur marginal gestiegen. Das best\u00e4tigt den positiven Jahrestrend. Der leichte Anstieg ist, wie im Sommer \u00fcblich, auf die jungen M\u00e4nner und Frauen unter 25 Jahren zur\u00fcckzuf\u00fchren, die nach ihrer frisch abgeschlossenen Ausbildung auf der Suche nach einem neuen Arbeitsplatz sind. Diese jungen und gut ausgebildeten Fachkr\u00e4fte werden aber von den Unternehmen gesucht, deswegen werden sie sehr schnell eine Anschlussbesch\u00e4ftigung finden\u201c, so Dr. Bettina Wolf, Vorsitzende der Gesch\u00e4ftsf\u00fchrung der Agentur f\u00fcr Arbeit Siegen.<\/p>\n<p>Im August stieg die Zahl der Arbeitslosen um 25 Personen auf jetzt 12.399 M\u00e4nner und Frauen. Das entspricht einer Arbeitslosenquote von 5,4 Prozent. Damit ging die Zahl der Arbeitslosen im Jahresvergleich zur\u00fcck, vor einem Jahr waren noch 250 M\u00e4nner und Frauen mehr arbeitslos. Auff\u00e4lligste Gruppe waren die unter 25 J\u00e4hrigen. Hier waren im August 1.631 Personen arbeitslos, ein Anstieg um 50 Personen. Die Jugendarbeitslosigkeitsquote stieg damit um 0,1 Prozentpunkte auf 5,8 Prozent. Vor einem Jahr lag die Quote noch bei 6,6 Prozent. Dr. Bettina Wolf: \u201eDie langfristige Entwicklung zeigt, dass die Unternehmen die Chance, junge Fachkr\u00e4fte an sich zu binden, immer st\u00e4rker nutzen. Als Arbeitsagentur machen wir den Betrieben weiter interessante Angebote, damit jeder junge Mensch aus der Region die Chance erh\u00e4lt, eine Ausbildung zu absolvieren und eine berufliche Perspektive in der Region zu finden.\u201c<\/p>\n<p>Die Region d\u00fcrfe aufgrund des wachsenden Fachkr\u00e4ftebedarfes keine jungen Menschen verlieren, so die Leiterin der Arbeitsagentur. Dabei beruft sich Dr. Bettina Wolf auf Berechnungen des Siegener Instituts f\u00fcr statistische Prognosen, Statmath. Demnach wird der Arbeitsmarkt in den Kreisen Siegen-Wittgenstein und Olpe allein aus Altersgr\u00fcnden bis 2032 knapp 23.000 weniger Arbeitskr\u00e4fte haben. Die Arbeitsagentur arbeitet daher verst\u00e4rkt daran, Personenkreise, die bisher nicht auf dem Arbeitsmarkt aktiv sind, f\u00fcr eine berufliche T\u00e4tigkeit in der Region zu motivieren. \u201eDazu geh\u00f6ren insbesondere auch Frauen, die bisher einer Familien- oder Pflegephase waren\u201c, erl\u00e4utert Dr. Bettina Wolf. Die Arbeitsagentur veranstaltet daher am 12. September im agentureigenen Berufsinformationszentrum eine Auftaktb\u00f6rse, bei der sich Frauen \u00fcber Chancen und Perspektiven auf dem heimischen Arbeitsmarkt informieren k\u00f6nnen. Besonderes Highlight ist ein Auftritt der Siegerl\u00e4nder Kultfigur \u201eDaub\u2019s Melanie\u201c die mit einem Augenzwinkern von ihrem eigenen beruflichen Wiedereinstieg berichten wird.<\/p>\n<p>Der Arbeitsmarkt im Kreis Siegen-Wittgenstein zeigte sich stabil. Die Zahl der Arbeitslosen stieg, kaum merklich, um 5 Personen auf 8.940 M\u00e4nner und Frauen. Die Arbeitslosenquote liegt damit unver\u00e4ndert bei 5,9 Prozent und damit auch auf dem Wert des Vorjahres. Im Vergleich zum Vorjahr kam es zu einem leichten Anstieg der Zahl der Arbeitslosen um 35 Personen (0,4 Prozent). Im Kreis Olpe stieg die Zahl der Arbeitslosen um 20 M\u00e4nner und Frauen auf 3.459 Personen. Die Arbeitslosenquote blieb konstant auf 4,5 Prozent. Im Vergleich zum Vorjahresmonat waren 285 Personen weniger arbeitslos, ein deutlicher R\u00fcckgang von 7,6 Prozent.<\/p>\n<p>Die Betriebe im Bezirk der Agentur f\u00fcr Arbeit Siegen meldeten dem Arbeitgeber-Service im August 843 freie Stellen. Damit ging die Zahl der monatlichen Stellenmeldungen im Vergleich zum Juli um 148 Stellen (-14,9 Prozent) zur\u00fcck, stieg aber im Vergleich zum August des letzten Jahres um 60 Stellen (+7,7 Prozent) an. Insgesamt wurden der Agentur f\u00fcr Arbeit Siegen in diesem Jahr bereits 6.814 freie Stellen gemeldet, das sind 862 Stellen mehr als im Vorjahreszeitraum, ein Plus von 14,5 Prozent.<\/p>\n<p>Die Zahl der Arbeitslosen setzt sich im Bezirk der Agentur f\u00fcr Arbeit Siegen aus den Kunden der Arbeitslosenversicherung (Agentur f\u00fcr Arbeit) und aus den Kunden der Grundsicherung (Jobcenter Kreis Siegen-Wittgenstein und Jobcenter Kreis Olpe) zusammen. Im Rechtskreis der Agentur f\u00fcr Arbeit Siegen waren im Juli 4.603 M\u00e4nner und Frauen arbeitslos gemeldet. Dies war ein Anstieg um 31 Personen, was 0,7 Prozent entspricht. Im Vorjahresvergleich war ein leichter R\u00fcckgang um 42 M\u00e4nner und Frauen zu verzeichnen. Die Jobcenter im Kreis Siegen Wittgenstein und im Kreis Olpe registrierten einen leichten R\u00fcckgang bei der Zahl der Arbeitslosen um 6 Personen auf 7.796 M\u00e4nner und Frauen, d.h. 0,1 Prozent. Das Jobcenter Kreis Siegen-Wittgenstein betreute im Juli 5.804 arbeitslose M\u00e4nner und Frauen. Damit waren im August 22 Personen (0,4 Prozent) im Rechtskreis des Jobcenters Siegen-Wittgenstein mehr arbeitslos als im Juli. Im Vergleich zum August 2013 sank die Zahl der betreuten arbeitslosen Personen um 18 bzw. 0,3 Prozent. Das Jobcenter Kreis Olpe verzeichnete einen R\u00fcckgang bei der Zahl der Arbeitslosen. Im Vergleich zum Juli ging die Zahl der vom Jobcenter Kreis Olpe betreuten Arbeitslosen um 28 M\u00e4nner und Frauen zur\u00fcck, dies entspricht 1,4 Prozent. Damit werden nun 1.992 Personen betreut. Vor einem Jahr waren es 190 M\u00e4nner und Frauen mehr, damit ging die Zahl um 8,7 Prozent zur\u00fcck.<\/p>\n<p>Ausbildungsmarkt<\/p>\n<p>Das Zwischenfazit der Agentur f\u00fcr Arbeit Siegen zum Ausbildungsmarkt f\u00e4llt verhalten positiv aus. \u201eBis August 2014 haben sich weniger Bewerberinnen und Bewerber um Ausbildungsstellen als im Vorjahr gemeldet\u201c, erl\u00e4utert Dr. Bettina Wolf. Seit Oktober 2013 haben sich 3582 Jugendliche bei der heimischen Arbeitsagentur gemeldet, die einen Ausbildungsplatz suchen, das sind 45 weniger als im Vorjahr. Gleichzeitig schaffte es der Arbeitgeber-Service der Agentur f\u00fcr Arbeit Siegen 100 betriebliche Ausbildungsstellen mehr als im Vorjahr zu akquirieren. Damit stellte die heimische Wirtschaft bis August 2014 in diesem Ausbildungsjahr 2.843 Lehrstellen zur Verf\u00fcgung.<\/p>\n<p>Dennoch sind Stand August immer noch 473 junge M\u00e4nner und Frauen unversorgt, haben also noch keinen Lehrvertrag unterschrieben. Das sind 54 Personen mehr als im Vorjahr. Dr. Bettina Wolf: \u201eDas Thema Ausbildung erfordert Engagement und Einsatzwillen \u2013 sowohl von Betrieben als auch Auszubildenden. Daher freue mich \u00fcber die gemeldeten Ausbildungspl\u00e4tze. Wir m\u00fcssen jetzt noch dazu kommen, eine st\u00e4rkere Bereitschaft f\u00fcr Jugendliche mit Ecken und Kanten zu entwickeln.\u201c Mit Ecken und Kanten meint die Agenturleiterin Jugendliche, die nicht immer erste Wahl, sind, sich aber mit Anstrengung zu guten Fachkr\u00e4ften entwickeln k\u00f6nnen. \u201eWir wissen, dass das nicht leicht ist und bieten den Betrieben dabei auch unsere Unterst\u00fctzung an\u201c, erl\u00e4utert Dr. Bettina Wolf. Unterst\u00fctzung hei\u00dft im Klartext, dass die Agentur f\u00fcr Arbeit bei Leistungsproblemen kostenlos Nachhilfe zur Verf\u00fcgung stellt und bei Bedarf auch sozialp\u00e4dagogische Unterst\u00fctzung anbietet. \u201eWir wollen jedem jungen Menschen die Chance auf eine abgeschlossene Ausbildung bieten\u201c, beschreibt Dr. Bettina Wolf das Ziel der Arbeitsagentur. Bis Oktober arbeitet die Arbeitsagentur nun mit Hochdruck daran, den noch suchenden Jugendlichen die verbleibenden Ausbildungspl\u00e4tze zu vermitteln. Eine abschlie\u00dfende Bilanz zum Ausbildungsmarkt wird am 30. Oktober gezogen.<\/p>\n","protected":false},"excerpt":{"rendered":"<p>\u201eEntgegen der saisontypischen Entwicklung ist die Zahl der Arbeitslosen nur marginal gestiegen. Das best\u00e4tigt den positiven Jahrestrend. Der leichte Anstieg ist, wie im Sommer \u00fcblich,&#8230;<\/p>\n","protected":false},"author":2,"featured_media":0,"comment_status":"open","ping_status":"open","sticky":false,"template":"","format":"standard","meta":{"_jetpack_memberships_contains_paid_content":false,"footnotes":""},"categories":[16],"tags":[],"class_list":["post-2127","post","type-post","status-publish","format-standard","hentry","category-arbeitsmarkt"],"jetpack_featured_media_url":"","jetpack_sharing_enabled":true,"_links":{"self":[{"href":"https:\/\/www.vdsm.net\/wronline\/wp-json\/wp\/v2\/posts\/2127","targetHints":{"allow":["GET"]}}],"collection":[{"href":"https:\/\/www.vdsm.net\/wronline\/wp-json\/wp\/v2\/posts"}],"about":[{"href":"https:\/\/www.vdsm.net\/wronline\/wp-json\/wp\/v2\/types\/post"}],"author":[{"embeddable":true,"href":"https:\/\/www.vdsm.net\/wronline\/wp-json\/wp\/v2\/users\/2"}],"replies":[{"embeddable":true,"href":"https:\/\/www.vdsm.net\/wronline\/wp-json\/wp\/v2\/comments?post=2127"}],"version-history":[{"count":2,"href":"https:\/\/www.vdsm.net\/wronline\/wp-json\/wp\/v2\/posts\/2127\/revisions"}],"predecessor-version":[{"id":2129,"href":"https:\/\/www.vdsm.net\/wronline\/wp-json\/wp\/v2\/posts\/2127\/revisions\/2129"}],"wp:attachment":[{"href":"https:\/\/www.vdsm.net\/wronline\/wp-json\/wp\/v2\/media?parent=2127"}],"wp:term":[{"taxonomy":"category","embeddable":true,"href":"https:\/\/www.vdsm.net\/wronline\/wp-json\/wp\/v2\/categories?post=2127"},{"taxonomy":"post_tag","embeddable":true,"href":"https:\/\/www.vdsm.net\/wronline\/wp-json\/wp\/v2\/tags?post=2127"}],"curies":[{"name":"wp","href":"https:\/\/api.w.org\/{rel}","templated":true}]}}