{"id":2107,"date":"2014-07-31T11:31:58","date_gmt":"2014-07-31T09:31:58","guid":{"rendered":"http:\/\/www.vdsm.net\/wronline\/?p=2107"},"modified":"2014-07-31T11:31:58","modified_gmt":"2014-07-31T09:31:58","slug":"leichtes-sommerloch-auf-dem-arbeitsmarkt","status":"publish","type":"post","link":"https:\/\/www.vdsm.net\/wronline\/leichtes-sommerloch-auf-dem-arbeitsmarkt\/","title":{"rendered":"Leichtes Sommerloch auf dem Arbeitsmarkt"},"content":{"rendered":"<p><a href=\"http:\/\/www.vdsm.net\/wronline\/wp-content\/uploads\/2011\/12\/AASiegen.jpg\"><img loading=\"lazy\" decoding=\"async\" class=\"alignleft size-full wp-image-104\" src=\"http:\/\/www.vdsm.net\/wronline\/wp-content\/uploads\/2011\/12\/AASiegen.jpg\" alt=\"Arbeitsagentur Siegen\" width=\"250\" height=\"188\" \/><\/a>\u201eAuf dem Arbeitsmarkt macht sich der Sommer bemerkbar. Viele Berufsausbildungen enden jetzt und aufgrund der Ferienzeit sind Entscheidungen in Unternehmen \u2013 etwa zu Neueinstellungen \u2013 leider verz\u00f6gert. Wir kennen den Sommer als Phase der Neuorientierung vieler junger Menschen. Nach Abschluss der Ausbildung sind sie nun auf der Suche nach neuen Arbeitgebern. Die Betriebe in der Region m\u00fcssen diese motivierten und flexiblen jungen Menschen nur noch einstellen. Das ist eine gro\u00dfe Chance f\u00fcr die Jugendlichen und eine tolle M\u00f6glichkeit f\u00fcr die Arbeitgeber\u201c, beschreibt Dr. Bettina Wolf, Vorsitzende der Gesch\u00e4ftsf\u00fchrung der Agentur f\u00fcr Arbeit Siegen, den saison\u00fcblichen Anstieg der Arbeitslosigkeit. Im Juli stieg die Zahl der Arbeitslosen auf 12.374 Personen. Damit waren im Vergleich zum Vormonat 426 M\u00e4nner und Frauen mehr arbeitslos, ein Zuwachs um 3,6 Prozent. Die Arbeitslosenquote stieg von 5,2 auf 5,4 Prozent.<\/p>\n<p>Besonders bei den J\u00fcngeren unter 25 Jahren machte sich diese Entwicklung bemerkbar. Hier waren 314 M\u00e4nner und Frauen mehr arbeitslos. Die Zahl der Arbeitslosen kletterte auf 1.581 junge M\u00e4nner und Frauen, ein Anstieg von 24,8 Prozent. Die Quote der Jugendarbeitslosigkeit steigt von 4,5 auf 5,7 Prozent. \u201eWie erwartet ist die Zahl der arbeitslosen J\u00fcngeren gestiegen. Der fr\u00fche Ferienbeginn und das besonders gute Ausbildungsjahr 2011 macht sich jetzt bemerkbar. Damals haben die Arbeitgeber im Vergleich zu den Vorjahren besonders viele junge Menschen in Ausbildung eingestellt. Diese Ausbildungen enden nun\u201c, erl\u00e4utert Dr. Bettina Wolf den sprunghaften Anstieg.<\/p>\n<p>Dennoch ist die Leiterin der heimischen Arbeitsagentur zuversichtlich, dass die jungen Menschen schnell wieder in Arbeit kommen. \u201eUnsere frischgebackenen Fachkr\u00e4fte sind richtige Sch\u00e4tze f\u00fcr die heimischen Betriebe. Sie sind meist flexibel, mobil und besonders motiviert. Dar\u00fcber hinaus sind die Fachkenntnisse auf aktuellstem Stand. Es sind also die zuk\u00fcnftigen Mitarbeiter, die die Betriebe sich so h\u00e4ufig w\u00fcnschen.\u201c Die Arbeitsagentur werde in den n\u00e4chsten Tagen ihre Vermittlungsaktivit\u00e4ten weiter konzentrieren, damit die jungen Menschen und die Betriebe zusammengef\u00fchrt werden k\u00f6nnen und die Arbeitslosigkeit rasch endet, so Dr. Bettina Wolf weiter.<\/p>\n<p>Dennoch ist f\u00fcr die Arbeitsagentur der Bereich der betrieblichen Ausbildung nur ein wichtiger Teilaspekt, wenn es darum geht, den Fachkr\u00e4ftebedarf der Region auch zuk\u00fcnftig zu stillen. \u201eWir haben als Arbeitsagentur 10 konkrete Handlungsfelder ausgemacht, die wir bearbeiten wollen, um die Betriebe weiterhin mit passenden Mitarbeitern zu versorgen\u201c, erl\u00e4utert die Leiterin der heimischen Arbeitsagentur. Neben dem wichtigen Thema Ausbildung sind die Personengruppen \u201eStudienabbrecher\u201c und \u201eFrauen in der Familienphase\u201c Bereiche, in denen sich die Arbeitsagentur zuk\u00fcnftig noch st\u00e4rker engagieren wird. \u201eZurzeit arbeiten wir daran, f\u00fcr beide Felder spezielle Anlaufstellen zur Verf\u00fcgung zu stellen, um diese beiden Gruppen noch st\u00e4rker dabei zu unterst\u00fctzen, einen neuen Job in der Region zu finden\u201c, k\u00fcndigt Dr. Bettina Wolf an.<\/p>\n<p>Im Kreis Siegen &#8211; Wittgenstein waren im Juli 8.935 M\u00e4nner und Frauen arbeitslos. Das waren 310 Personen mehr als im Juni (+3,6 Prozent). Auch gegen\u00fcber dem Vorjahresmonat stieg die Zahl der Arbeitslosen um 3,3 Prozent bzw. 284 Personen. Die Arbeitslosenquote in Siegen-Wittengestein stieg um 0,2 Prozentpunkte auf 5,9 Prozent an. Im Kreis Olpe stieg die Zahl der Arbeitslosen um 116 Personen auf 3.439 M\u00e4nner und Frauen, ein Zuwachs um 3,5 Prozent. Die Arbeitslosenquote stieg um 0,2 Prozentpunkte auf 4,5 Prozent. Der positive Trend der vergangenen Monate im Vergleich zum Vorjahr setzte sich jedoch fort. Im Vergleich zum Juli 2013 waren 167 Personen weniger arbeitslos, ein R\u00fcckgang um 4,6 Prozent.<\/p>\n<p>Der Arbeitgeber-Service der Agentur f\u00fcr Arbeit Siegen akquirierte im Juli 991 Arbeitsstellen. Damit meldeten die Betriebe 11,1 Prozent mehr Stellen als im Juni, ein Zuwachs um 99 Stellen. Auch im Vorjahresvergleich registrierte die heimische Arbeitsagentur einen deutlich Trend nach oben bei den freien Stellen. Die Zahl der Stellen stieg im Vergleich zum Juli 2013 um 27,9 Prozent, die Unternehmen meldeten 216 Stellen mehr. Insgesamt hat die Agentur f\u00fcr Arbeit Siegen zurzeit 2.226 freie Stellen in ihrer Datenbank. \u201eDie Entwicklung der freien Stellen unterstreicht die insgesamt positive Entwicklung auf dem Arbeitsmarkt. Einige freie Stellen sind allerdings schon lange unbesetzt, weil die Arbeitgeber nicht die passenden Bewerber finden k\u00f6nnen. Daf\u00fcr bieten wir schon sehr fr\u00fchzeitig an, die Stellen mit klugen L\u00f6sungen \u2013 etwa verkn\u00fcpften Weiterbildungsangeboten oder passenden Arbeitszeitmodellen f\u00fcr Frauen \u2013 f\u00fcr gr\u00f6\u00dfere Personenkreise interessant zu machen\u201c, erl\u00e4utert Dr. Bettina Wolf das Beratungsangebot der Agentur f\u00fcr Arbeit.<\/p>\n<p>Die Zahl der Arbeitslosen setzt sich im Bezirk der Agentur f\u00fcr Arbeit Siegen aus den Kunden der Arbeitslosenversicherung (Agentur f\u00fcr Arbeit) und aus den Kunden der Grundsicherung (Jobcenter Kreis Siegen-Wittgenstein und Jobcenter Kreis Olpe) zusammen. Im Rechtskreis der Agentur f\u00fcr Arbeit Siegen waren im Juli 4.572 M\u00e4nner und Frauen arbeitslos gemeldet. Dies war ein Anstieg 329 Personen, was 7,8 Prozent entspricht. Im Vorjahresvergleich war ein leichter Anstieg um 95 M\u00e4nner und Frauen zu verzeichnen.<\/p>\n<p>Die Jobcenter im Kreis Siegen Wittgenstein und im Kreis Olpe registrierten einen leichten Zuwachs bei der Zahl der Arbeitslosen um 97 Personen auf 7.802 M\u00e4nner und Frauen, d.h. 1,3 Prozent. Das <strong>Jobcenter Kreis Siegen-Wittgenstein<\/strong> betreute im Juli 5.782 arbeitslose M\u00e4nner und Frauen. Damit waren im Juli 97 Personen (1,7 Prozent) im Rechtskreis des Jobcenters Siegen-Wittgenstein mehr arbeitslos als im Juni. Im Vergleich zum Juli 2013 stieg die Zahl der betreuten arbeitslosen Personen um 167 bzw. 3,0 Prozent. Das <strong>Jobcenter Kreis Olpe<\/strong> verzeichnete keine Ver\u00e4nderung bei der Zahl der Arbeitslosen. Wie im Juni werden auch im Juli insgesamt 2.020 arbeitslose M\u00e4nner und Frauen vom Jobcenter Kreis Olpe betreut. Im Vergleich zum Vorjahresmonat bedeutet dies jedoch einen R\u00fcckgang um 145 Personen, was 6,7 Prozent entspricht.<\/p>\n<p><strong>Ausbildungsmarkt<\/strong><\/p>\n<p>\u201eJetzt aber los, Bewerbungen schreiben und gemeinsam mit der Berufsberatung nach L\u00f6sungen suchen!\u201c, appelliert Dr. Bettina Wolf eindringlich an die Jugendlichen, die noch auf der Suche nach einem freien Ausbildungsplatz sind. Denn die Zeit dr\u00e4ngt: Die ersten Ausbildungen beginnen bereits am 01. August.<\/p>\n<p>Dennoch gibt es immer noch einige freie Ausbildungsstellen. Derzeit sind noch 647 freie Ausbildungsstellen gemeldet. Insgesamt haben die heimischen Betriebe in diesem Jahr bisher 2.805 betriebliche Ausbildungsstellen gemeldet. Die Unternehmen stellten damit 95 Lehrstellen mehr zur Verf\u00fcgung als im Vorjahr. Dem gegen\u00fcber stehen noch 692 junge M\u00e4nner und Frauen, die bisher keinen Ausbildungsplatz finden konnten.<\/p>\n<p>Das sind 90 Jugendliche weniger als im Juli 2013, eine Verringerung um 11,5 Prozent. \u201eSollte sich dieser R\u00fcckgang bis zum Abschluss des Ausbildungsjahres im September fortsetzen, w\u00e4re das eine sch\u00f6ne Entwicklung, da damit immer mehr Jugendliche eine Perspektive in unserer Region bekommen\u201c, freut sich Dr. Bettina Wolf. Die Leiterin der Arbeitsagentur macht aber auch deutlich: \u201eDie Betriebe beginnen inzwischen deutlich fr\u00fcher mit ihrer Suche nach dem passenden Auszubildenden, weshalb begehrte Stellen, wie etwa duale Studienpl\u00e4tze, h\u00e4ufig schnell besetzt sind. F\u00fcr die Jugendlichen bedeutet das, dass sie sich m\u00f6glichst fr\u00fch mit dem Thema Berufswahl auseinandersetzen m\u00fcssen.\u201c Und daf\u00fcr hat die Arbeitsagentur eine gute Unterst\u00fctzung im Angebot: Die Berufsberatung.<\/p>\n","protected":false},"excerpt":{"rendered":"<p>\u201eAuf dem Arbeitsmarkt macht sich der Sommer bemerkbar. Viele Berufsausbildungen enden jetzt und aufgrund der Ferienzeit sind Entscheidungen in Unternehmen \u2013 etwa zu Neueinstellungen \u2013&#8230;<\/p>\n","protected":false},"author":2,"featured_media":0,"comment_status":"open","ping_status":"open","sticky":false,"template":"","format":"standard","meta":{"_jetpack_memberships_contains_paid_content":false,"footnotes":""},"categories":[16],"tags":[],"class_list":["post-2107","post","type-post","status-publish","format-standard","hentry","category-arbeitsmarkt"],"jetpack_featured_media_url":"","jetpack_sharing_enabled":true,"_links":{"self":[{"href":"https:\/\/www.vdsm.net\/wronline\/wp-json\/wp\/v2\/posts\/2107","targetHints":{"allow":["GET"]}}],"collection":[{"href":"https:\/\/www.vdsm.net\/wronline\/wp-json\/wp\/v2\/posts"}],"about":[{"href":"https:\/\/www.vdsm.net\/wronline\/wp-json\/wp\/v2\/types\/post"}],"author":[{"embeddable":true,"href":"https:\/\/www.vdsm.net\/wronline\/wp-json\/wp\/v2\/users\/2"}],"replies":[{"embeddable":true,"href":"https:\/\/www.vdsm.net\/wronline\/wp-json\/wp\/v2\/comments?post=2107"}],"version-history":[{"count":2,"href":"https:\/\/www.vdsm.net\/wronline\/wp-json\/wp\/v2\/posts\/2107\/revisions"}],"predecessor-version":[{"id":2109,"href":"https:\/\/www.vdsm.net\/wronline\/wp-json\/wp\/v2\/posts\/2107\/revisions\/2109"}],"wp:attachment":[{"href":"https:\/\/www.vdsm.net\/wronline\/wp-json\/wp\/v2\/media?parent=2107"}],"wp:term":[{"taxonomy":"category","embeddable":true,"href":"https:\/\/www.vdsm.net\/wronline\/wp-json\/wp\/v2\/categories?post=2107"},{"taxonomy":"post_tag","embeddable":true,"href":"https:\/\/www.vdsm.net\/wronline\/wp-json\/wp\/v2\/tags?post=2107"}],"curies":[{"name":"wp","href":"https:\/\/api.w.org\/{rel}","templated":true}]}}