{"id":2104,"date":"2014-07-30T15:22:11","date_gmt":"2014-07-30T13:22:11","guid":{"rendered":"http:\/\/www.vdsm.net\/wronline\/?p=2104"},"modified":"2014-07-30T15:22:11","modified_gmt":"2014-07-30T13:22:11","slug":"160-maedchen-hatten-mut","status":"publish","type":"post","link":"https:\/\/www.vdsm.net\/wronline\/160-maedchen-hatten-mut\/","title":{"rendered":"160 M\u00e4dchen hatten \u201eMuT&#8220;"},"content":{"rendered":"<p><span style=\"color: #000000;\"><a href=\"http:\/\/www.vdsm.net\/wronline\/wp-content\/uploads\/2014\/07\/homepage_mut.jpg\"><img loading=\"lazy\" decoding=\"async\" class=\"alignleft size-medium wp-image-2105\" src=\"http:\/\/www.vdsm.net\/wronline\/wp-content\/uploads\/2014\/07\/homepage_mut-300x153.jpg\" alt=\"homepage_mut\" width=\"300\" height=\"153\" srcset=\"https:\/\/www.vdsm.net\/wronline\/wp-content\/uploads\/2014\/07\/homepage_mut-300x153.jpg 300w, https:\/\/www.vdsm.net\/wronline\/wp-content\/uploads\/2014\/07\/homepage_mut.jpg 450w\" sizes=\"auto, (max-width: 300px) 100vw, 300px\" \/><\/a>\u201eDankesch\u00f6n&#8220; hat Martina B\u00f6ttcher, die Gleichstellungsbeauftrage des Kreises Siegen-Wittgenstein, jetzt allen Beteiligten am Projekt \u201eMuT \u2013 M\u00e4dchen und Technik \u2013 Vorbildfrauen geben Einblicke in Zukunftsberufe&#8220; gesagt. Dazu hatte sie 80 Sch\u00fclerinnen, 40 Vorbildfrauen, Lehrer, Eltern und alle Projektpartner in die Aula des Kulturhauses L\u00ffz eingeladen, d<\/span><span style=\"color: #000000;\">ie in diesem Jahr am Projekt teilgenommen hatten. Insgesamt war die Aula mit rund 200 G\u00e4sten voll besetzt.<\/span><br style=\"color: #000000;\" \/><br style=\"color: #000000;\" \/><span style=\"color: #000000;\">Hinter dem Projekt \u201eMuT&#8220; stand die Idee, bei M\u00e4dchen Vorurteile \u00fcber vermeintlich typische M\u00e4nnerberufe abzubauen und ihnen die Chancen und M\u00f6glichkeiten aufzuzeigen, die naturwissenschaftlich-technische Berufe gerade in unserer Region bieten. Deshalb schauten die M\u00e4dchen ein halbes Schuljahr lang Vorbildfrauen \u00fcber die Schulter. Dabei sammelten sie durchaus spannende Eindr\u00fccke, die sie im Rahmen der \u201eDankesch\u00f6n&#8220;-Veranstaltung pr\u00e4sentierten \u2013 in einer Ausstellung und zum Teil auch als Pr\u00e4sentation auf der B\u00fchne.\u00a0<\/span><br style=\"color: #000000;\" \/><br style=\"color: #000000;\" \/><span style=\"color: #000000;\">Dabei wurde deutlich: Vermeintlich typische M\u00e4nnerberufe sind l\u00e4ngst nicht mehr so k\u00f6rperlich anstrengend oder dreckig, wie viele sich das vorstellen. Sie sind abwechslungsreich, bieten Karrierechancen und vor allem auch wesentlich bessere Verdienstm\u00f6glichkeiten als die typischen Frauenberufe. So verwundert es auch nicht, dass einige der M\u00e4dchen auf diesem Weg weiter gehen wollen und im n\u00e4chsten Schritt Praktika in den Unternehmen machen m\u00f6chten, die sie jetzt kennengelernt haben.\u00a0<\/span><br style=\"color: #000000;\" \/><br style=\"color: #000000;\" \/><span style=\"color: #000000;\">In einer Gespr\u00e4chsrunde machte Landrat Andreas M\u00fcller deutlich, dass er dieses Projekt richtig gut findet und den M\u00e4dchen w\u00fcnscht, gute Entscheidungen f\u00fcr ihr sp\u00e4teres Berufsleben zu treffen. Gemeinsam mit Martina B\u00f6ttcher bedankte sich der Landrat bei allen Beteiligten, die viel Kreativit\u00e4t, Zeit und Energie in die Durchf\u00fchrung des Projektes gesteckt haben. Vor allem die logistische Durchf\u00fchrung war bei vielen Beteiligten eine Herkulesaufgabe, machte auch Vio Kuhn deutlich, Projektmitarbeiterin von Martina B\u00f6ttcher.\u00a0<\/span><br style=\"color: #000000;\" \/><br style=\"color: #000000;\" \/><span style=\"color: #000000;\">Die 80 Sch\u00fclerinnen der Jahrgangsstufe 8 kamen von der Realschule Oberes Schloss in Siegen, vom Gymnasium Netphen, dem St\u00e4dtischen Gymnasium Bad Laasphe, der Hauptschule Deuz, der Bertha-von-Suttner-Gesamtschule in Siegen und der Carl-Kraemer Realschule in Hilchenbach.\u00a0<\/span><br style=\"color: #000000;\" \/><br style=\"color: #000000;\" \/><span style=\"color: #000000;\">Die Vorbildfrauen deckten die unterschiedlichsten Berufe und Firmen ab: von Dipl. Ingenieurin, Industriemechanikerin und Energieelektronikerin \u00fcber Werkzeugmacherin, Produktdesignerin, Mechatronikerin und Technische Zeichnerin bis hin zu Feuerwehrfrau,\u00a0 Garten- und Landschaftsg\u00e4rtnerin, Mediendesignerin und Buchbinderin. Die Frauen arbeiten in kleinen Handwerksbetrieben, gro\u00dfen Industrieunternehmen, an der Uni oder auch in Verwaltungen.\u00a0<\/span><br style=\"color: #000000;\" \/><br style=\"color: #000000;\" \/><span style=\"color: #000000;\">\u201eMuT&#8220; war ein Projekt, das der Kreis Siegen-Wittgenstein im Rahmen der Fachkr\u00e4fteinitiative durchgef\u00fchrt hat, gef\u00f6rdert mit Geldern des Landes Nordrhein-Westfalen und der Europ\u00e4ischen Union. Regional wurde das Projekt neben den vielen teilnehmenden Firmen von der Stadt Siegen, den Gewerkschaften IGMetall und Verdi, der Unternehmerschaft, der Sparkasse Siegen und dem Berufskolleg Technik als Kooperationspartner unterst\u00fctzt.<\/span><br style=\"color: #000000;\" \/><span style=\"color: #000000;\">\u00a0<\/span><br style=\"color: #000000;\" \/><span style=\"color: #000000;\">Insgesamt lief das Projekt zwei Jahre lang, so dass insgesamt 160 Sch\u00fclerinnen und 80 Vorbildfrauen daran teilgenommen haben. Carsten Duif vom Arbeitsministerium machte bei der Dankesch\u00f6n-Veranstaltung deutlich, dass ihm \u201eMuT&#8220; richtig gut gef\u00e4llt und er sich vorstellen kann, dass man diese erfolgreiche Idee andernorts in Nordrhein-Westfalen aufgreift.\u00a0<\/span><br style=\"color: #000000;\" \/><br style=\"color: #000000;\" \/><span style=\"color: #000000;\">Nachdem das zweij\u00e4hrige Projekt nun abgeschlossen ist, stellt sich die Frage, wie es in Siegen-Wittgenstein weitergeht. \u201eInteresse bei den Schulen und Unternehmen gibt es&#8220;, sagt Martina B\u00f6ttcher. Allerdings haben sich inzwischen die Rahmenbedingungen ver\u00e4ndert: Durch das Landesprojekt \u201eKein Abschluss ohne Anschluss&#8220; nimmt die Berufsorientierung jetzt ohnehin einen gr\u00f6\u00dferen Raum in den Schulen ein. Der Kreis Siegen-Wittgenstein ist mit dem beim Fachservice Schule und Bildung angesiedelten Regionalen Bildungsb\u00fcro eine von sieben Referenzkommunen f\u00fcr diesen Bereich.\u00a0\u00a0<\/span><br style=\"color: #000000;\" \/><br style=\"color: #000000;\" \/><span style=\"color: #000000;\">Derzeit werden die Ergebnisse einer Befragung der an \u201eMuT&#8220; teilnehmenden Sch\u00fclerinnen ausgewertet. Auch die Vorschl\u00e4ge von Vorbildfrauen, Betrieben und nicht zuletzt Eltern wurden in Form einer Ideenbox f\u00fcr eine gelungene Berufsorientierung gesammelt. Weitere Resultate k\u00f6nnte eine wissenschaftliche Arbeit der Soziologiestudentin Jana Klein bringen, die mit Unterst\u00fctzung der ebenfalls am MuT teilnehmenden Firma Bombardier in Dreis-Tiefenbach ihre Bachelorarbeit an der Uni Siegen zum Thema \u201eFachkr\u00e4ftemangel und geschlechtsspezifische Arbeitsmarktsegregation&#8220; schreibt. \u201eWenn alle Ergebnisse vorliegen, werden wir mit allen Beteiligten weitere Gespr\u00e4che f\u00fchren und schauen, wie es mit \u201aMuT\u2018 weitergehen kann&#8220;, so das Fazit von Martina B\u00f6ttcher.\u00a0<\/span><\/p>\n","protected":false},"excerpt":{"rendered":"<p>\u201eDankesch\u00f6n&#8220; hat Martina B\u00f6ttcher, die Gleichstellungsbeauftrage des Kreises Siegen-Wittgenstein, jetzt allen Beteiligten am Projekt \u201eMuT \u2013 M\u00e4dchen und Technik \u2013 Vorbildfrauen geben Einblicke in Zukunftsberufe&#8220;&#8230;<\/p>\n","protected":false},"author":2,"featured_media":2105,"comment_status":"open","ping_status":"open","sticky":false,"template":"","format":"standard","meta":{"_jetpack_memberships_contains_paid_content":false,"footnotes":""},"categories":[8],"tags":[],"class_list":["post-2104","post","type-post","status-publish","format-standard","has-post-thumbnail","hentry","category-ausbildung"],"jetpack_featured_media_url":"https:\/\/www.vdsm.net\/wronline\/wp-content\/uploads\/2014\/07\/homepage_mut.jpg","jetpack_sharing_enabled":true,"_links":{"self":[{"href":"https:\/\/www.vdsm.net\/wronline\/wp-json\/wp\/v2\/posts\/2104","targetHints":{"allow":["GET"]}}],"collection":[{"href":"https:\/\/www.vdsm.net\/wronline\/wp-json\/wp\/v2\/posts"}],"about":[{"href":"https:\/\/www.vdsm.net\/wronline\/wp-json\/wp\/v2\/types\/post"}],"author":[{"embeddable":true,"href":"https:\/\/www.vdsm.net\/wronline\/wp-json\/wp\/v2\/users\/2"}],"replies":[{"embeddable":true,"href":"https:\/\/www.vdsm.net\/wronline\/wp-json\/wp\/v2\/comments?post=2104"}],"version-history":[{"count":1,"href":"https:\/\/www.vdsm.net\/wronline\/wp-json\/wp\/v2\/posts\/2104\/revisions"}],"predecessor-version":[{"id":2106,"href":"https:\/\/www.vdsm.net\/wronline\/wp-json\/wp\/v2\/posts\/2104\/revisions\/2106"}],"wp:featuredmedia":[{"embeddable":true,"href":"https:\/\/www.vdsm.net\/wronline\/wp-json\/wp\/v2\/media\/2105"}],"wp:attachment":[{"href":"https:\/\/www.vdsm.net\/wronline\/wp-json\/wp\/v2\/media?parent=2104"}],"wp:term":[{"taxonomy":"category","embeddable":true,"href":"https:\/\/www.vdsm.net\/wronline\/wp-json\/wp\/v2\/categories?post=2104"},{"taxonomy":"post_tag","embeddable":true,"href":"https:\/\/www.vdsm.net\/wronline\/wp-json\/wp\/v2\/tags?post=2104"}],"curies":[{"name":"wp","href":"https:\/\/api.w.org\/{rel}","templated":true}]}}