{"id":2094,"date":"2014-07-28T14:51:27","date_gmt":"2014-07-28T12:51:27","guid":{"rendered":"http:\/\/www.vdsm.net\/wronline\/?p=2094"},"modified":"2014-07-28T14:51:27","modified_gmt":"2014-07-28T12:51:27","slug":"erfolgsmodell-kooperative-ausbildung","status":"publish","type":"post","link":"https:\/\/www.vdsm.net\/wronline\/erfolgsmodell-kooperative-ausbildung\/","title":{"rendered":"Erfolgsmodell \u201eKooperative Ausbildung\u201c"},"content":{"rendered":"<div id=\"attachment_2095\" style=\"width: 310px\" class=\"wp-caption alignleft\"><a href=\"http:\/\/www.vdsm.net\/wronline\/wp-content\/uploads\/2014\/07\/IB-Foto_KooperativeAusbildung2014.jpg\"><img loading=\"lazy\" decoding=\"async\" aria-describedby=\"caption-attachment-2095\" class=\"size-medium wp-image-2095\" src=\"http:\/\/www.vdsm.net\/wronline\/wp-content\/uploads\/2014\/07\/IB-Foto_KooperativeAusbildung2014-300x77.jpg\" alt=\"Die frisch gebackenen Absolventinnen und Absolventen des IB k\u00f6nnen in die n\u00e4chste Etappe ihres Berufslebens starten.\" width=\"300\" height=\"77\" srcset=\"https:\/\/www.vdsm.net\/wronline\/wp-content\/uploads\/2014\/07\/IB-Foto_KooperativeAusbildung2014-300x77.jpg 300w, https:\/\/www.vdsm.net\/wronline\/wp-content\/uploads\/2014\/07\/IB-Foto_KooperativeAusbildung2014.jpg 800w\" sizes=\"auto, (max-width: 300px) 100vw, 300px\" \/><\/a><p id=\"caption-attachment-2095\" class=\"wp-caption-text\">Die frisch gebackenen Absolventinnen und Absolventen des IB k\u00f6nnen in die n\u00e4chste Etappe ihres Berufslebens starten.<\/p><\/div>\n<p>In einem feierlichen Rahmen hat der Internationale Bund (IB) jetzt seine diesj\u00e4hrigen Ausbildungsabsolventinnen und -absolventen in seinem Bildungszentrum Siegen verabschiedet. Zw\u00f6lf junge Menschen nahmen nach einer Ansprache von Tanja Krieger, der Ausbildungskoordinatorin beim IB in Siegen, freudestrahlend ihre Ausbildungszertifikate entgegen. Unter den Absolventinnen und Absolventen sind Amanda Avdula, Daniela Bilek, Daniel Chrobot, Ibrahim D., Michael Kremer, Tina Oberl\u00e4nder, Dennis P., Sarah Piontek, Viktoria Sorokina, Kevin Trapp, Liesa Marlen Uebach und Wladislaus Wagner. Sie haben sich f\u00fcr die Berufe des Maschinen- und Anlagenf\u00fchrers, des Fachlageristen, des Verk\u00e4ufers und des Kfz-Servicemechanikers qualifiziert. So unterschiedlich auch die Hintergr\u00fcnde jeder und jedes Einzelnen sind, eines haben sie gemeinsam: sie sind allesamt froh und stolz, den stellenweise recht m\u00fchsamen Weg einer Berufsausbildung eingeschlagen und zu Ende gebracht zu haben. \u201eOhne die Unterst\u00fctzung der Arbeitsagentur, die uns die Ausbildung beim IB erm\u00f6glicht hat, h\u00e4tten wir das aber nicht geschafft und st\u00fcnden jetzt nicht hier\u201c, sind sie sich einig.<\/p>\n<p>Bei der \u201eBaE-k\u201c handelt es sich um ein von der Agentur f\u00fcr Arbeit Siegen und dem Jobcenter Siegen-Wittgenstein gef\u00f6rdertes und initiiertes Ausbildungsprogramm, die sogenannte \u201eBerufsausbildung in au\u00dferbetrieblichen Einrichtungen &#8211; kooperatives Modell\u201c. \u201eZiel der BaE-k ist es, Ausbildungssuchenden die M\u00f6glichkeit zu er\u00f6ffnen, einen anerkannten Berufsabschluss zu erwerben. Sie erh\u00f6hen damit ihre Chancen, ihren Weg ins Erwerbsleben und in ein selbstbestimmtes Leben zu finden\u201c, so die Koordinatorinnen der Ma\u00dfnahme bei der Agentur f\u00fcr Arbeit, Anja Simon, und beim Jobcenter Siegen-Wittgenstein, Anja Kammler. Angesichts der demografischen Entwicklung und sinkender Schulabg\u00e4ngerzahlen ist die BaE-k gleichzeitig auch ein Beitrag in einem B\u00fcndel von Ma\u00dfnahmen von Agentur f\u00fcr Arbeit und Jobcenter Kreis Siegen-Wittgenstein, um dem Problem fehlender Arbeitskr\u00e4fte zu begegnen und die regionale Wirtschaft zu st\u00e4rken. Denn die BaE-k richtet sich gerade an Jugendliche, die besondere Unterst\u00fctzung brauchen, um eine Ausbildung erfolgreich abzuschlie\u00dfen und sonst vielleicht gar keinen Ausbildungsplatz bekommen w\u00fcrden. Daher k\u00f6nnen Jugendliche auch nur teilnehmen, wenn dies vorher in Beratungsgespr\u00e4chen mit Arbeitsagentur oder Jobcenter besprochen und gekl\u00e4rt wurde. Wichtig ist, dass festgestellt wurde, dass eine Ausbildung nur unter den Bedingungen der BaE-k erfolgreich gelingen kann.<\/p>\n<p>Mehr als die H\u00e4lfte der Absolventinnen und Absolventen kann bereits die Fr\u00fcchte ihrer M\u00fchen ernten und sich \u00fcber eine Anschlussbesch\u00e4ftigung in einem hiesigen Unternehmen freuen. \u201eDies zeugt vom Erfolg der Ma\u00dfnahme und von zufriedenen Unternehmen und Auszubildenden\u201c, zeigt sich Tanja Krieger \u00fcberzeugt.<\/p>\n<p>Das Besondere an der BaE-k ist, dass die Jugendlichen ihren Ausbildungsvertrag mit dem IB als Kooperationstr\u00e4ger der Arbeitsagentur abschlie\u00dfen, ihre fachpraktische Ausbildung jedoch in einem regionalen Ausbildungsbetrieb in Industrie, Handel, Dienstleistung und Handwerk absolvieren. Zum Erlernen der Fachtheorie besuchen sie die \u00f6rtlichen Berufsschulen und legen ihre Pr\u00fcfungen vor der zust\u00e4ndigen Kammer ab. Mit der Durchf\u00fchrung der BaE-k im Raum Siegen ist der Internationale Bund (IB West gGmbH f\u00fcr Bildung und soziale Dienste) in seinem Bildungszentrum in Siegen bereits seit 2005 beauftragt. Dort erhalten die Jugendlichen auch zus\u00e4tzlichen St\u00fctz- und F\u00f6rderunterricht sowie sozialp\u00e4dagogische Hilfestellung bei der Bew\u00e4ltigung privater wie beruflicher Probleme durch qualifiziertes Fachpersonal. \u201eDas war eine tolle Sache, dass wir hier eine feste Lerngruppe und immer einen Ansprechpartner hatten, egal, um was es auch ging\u201c, zeigen sich die frisch gebackenen Absolventinnen und Absolventen r\u00fcckblickend begeistert.<\/p>\n","protected":false},"excerpt":{"rendered":"<p>In einem feierlichen Rahmen hat der Internationale Bund (IB) jetzt seine diesj\u00e4hrigen Ausbildungsabsolventinnen und -absolventen in seinem Bildungszentrum Siegen verabschiedet. Zw\u00f6lf junge Menschen nahmen nach&#8230;<\/p>\n","protected":false},"author":2,"featured_media":2095,"comment_status":"open","ping_status":"open","sticky":false,"template":"","format":"standard","meta":{"_jetpack_memberships_contains_paid_content":false,"footnotes":""},"categories":[8],"tags":[],"class_list":["post-2094","post","type-post","status-publish","format-standard","has-post-thumbnail","hentry","category-ausbildung"],"jetpack_featured_media_url":"https:\/\/www.vdsm.net\/wronline\/wp-content\/uploads\/2014\/07\/IB-Foto_KooperativeAusbildung2014.jpg","jetpack_sharing_enabled":true,"_links":{"self":[{"href":"https:\/\/www.vdsm.net\/wronline\/wp-json\/wp\/v2\/posts\/2094","targetHints":{"allow":["GET"]}}],"collection":[{"href":"https:\/\/www.vdsm.net\/wronline\/wp-json\/wp\/v2\/posts"}],"about":[{"href":"https:\/\/www.vdsm.net\/wronline\/wp-json\/wp\/v2\/types\/post"}],"author":[{"embeddable":true,"href":"https:\/\/www.vdsm.net\/wronline\/wp-json\/wp\/v2\/users\/2"}],"replies":[{"embeddable":true,"href":"https:\/\/www.vdsm.net\/wronline\/wp-json\/wp\/v2\/comments?post=2094"}],"version-history":[{"count":1,"href":"https:\/\/www.vdsm.net\/wronline\/wp-json\/wp\/v2\/posts\/2094\/revisions"}],"predecessor-version":[{"id":2096,"href":"https:\/\/www.vdsm.net\/wronline\/wp-json\/wp\/v2\/posts\/2094\/revisions\/2096"}],"wp:featuredmedia":[{"embeddable":true,"href":"https:\/\/www.vdsm.net\/wronline\/wp-json\/wp\/v2\/media\/2095"}],"wp:attachment":[{"href":"https:\/\/www.vdsm.net\/wronline\/wp-json\/wp\/v2\/media?parent=2094"}],"wp:term":[{"taxonomy":"category","embeddable":true,"href":"https:\/\/www.vdsm.net\/wronline\/wp-json\/wp\/v2\/categories?post=2094"},{"taxonomy":"post_tag","embeddable":true,"href":"https:\/\/www.vdsm.net\/wronline\/wp-json\/wp\/v2\/tags?post=2094"}],"curies":[{"name":"wp","href":"https:\/\/api.w.org\/{rel}","templated":true}]}}