{"id":2059,"date":"2014-07-08T10:34:08","date_gmt":"2014-07-08T08:34:08","guid":{"rendered":"http:\/\/www.vdsm.net\/wronline\/?p=2059"},"modified":"2014-07-08T10:34:08","modified_gmt":"2014-07-08T08:34:08","slug":"horn-co-gruppe-huk-umweltlabor-investiert-18-mio-euro-in-die-zukunft","status":"publish","type":"post","link":"https:\/\/www.vdsm.net\/wronline\/horn-co-gruppe-huk-umweltlabor-investiert-18-mio-euro-in-die-zukunft\/","title":{"rendered":"Horn &#038;\u2008Co. Gruppe: HuK Umweltlabor investiert 1,8 Mio. Euro in die Zukunft"},"content":{"rendered":"<div id=\"attachment_2060\" style=\"width: 310px\" class=\"wp-caption alignleft\"><a href=\"http:\/\/www.vdsm.net\/wronline\/wp-content\/uploads\/2014\/07\/Neubau-HuK-Gebaeude.jpg\"><img loading=\"lazy\" decoding=\"async\" aria-describedby=\"caption-attachment-2060\" class=\"size-medium wp-image-2060\" src=\"http:\/\/www.vdsm.net\/wronline\/wp-content\/uploads\/2014\/07\/Neubau-HuK-Gebaeude-300x198.jpg\" alt=\"Der Anbau des HuK\u2008Umweltlabors erhielt eine markante Fassadengestaltung. (Foto: HuK)\" width=\"300\" height=\"198\" srcset=\"https:\/\/www.vdsm.net\/wronline\/wp-content\/uploads\/2014\/07\/Neubau-HuK-Gebaeude-300x198.jpg 300w, https:\/\/www.vdsm.net\/wronline\/wp-content\/uploads\/2014\/07\/Neubau-HuK-Gebaeude-150x100.jpg 150w, https:\/\/www.vdsm.net\/wronline\/wp-content\/uploads\/2014\/07\/Neubau-HuK-Gebaeude.jpg 700w\" sizes=\"auto, (max-width: 300px) 100vw, 300px\" \/><\/a><p id=\"caption-attachment-2060\" class=\"wp-caption-text\">Der Anbau des HuK\u2008Umweltlabors erhielt eine markante Fassadengestaltung. (Foto: HuK)<\/p><\/div>\n<p>Insgesamt 1,8 Millionen Euro hat die in Siegen an\u00ads\u00e4ssige Horn &amp;\u2008Co Gruppe in die Erweiterung ihres Umweltlabors am Standort Wenden investiert. Ein we\u00adsent\u00adlicher Grund da\u00adf\u00fcr ist der steigenden Bedarf an chemischen und mikrobiologischen Untersuchungen. Nach der Umsetzung neuer Rechtsvorschriften, die sowohl Privathaushalte wie auch \u00f6ffentliche Einrichtungen be\u00adtreffen, hat sich die Auftragslage des HuK\u2008Um\u00adweltlabors in den letzten f\u00fcnf Jahren nahezu verdoppelt. Um auf diese Entwicklung an\u00adgemessen reagieren zu k\u00f6nnen, wurde durch die Investition zu\u00ads\u00e4tzlicher Platz f\u00fcr die 28 Mitarbeiterinnen und Mitarbeiter sowie f\u00fcr neue Analyseger\u00e4te geschaffen.<\/p>\n<p>Speziell die Untersuchung von Wasser gewinnt zunehmend an Bedeutung. Nicht zuletzt durch die mehrfach bekannt gewordenen Verunreinigungen von Abw\u00e4ssern durch Legionellen ist die Sensibilit\u00e4t in der Bev\u00f6lkerung f\u00fcr diese Problematik deutlich ge\u00adstiegen. Hinzu kommt, dass der Gesetzgeber die Vorschrif\u00adten der Trinkwasserverordnung erheblich versch\u00e4rft hat. Mit der neuen Abteilung \u201eMi\u00adkro\u00adbiologie\u201c kann das Um\u00adwelt\u00adlabor jetzt\u00a0auch den Bereich der Hygieneuntersuchungen abdecken. So\u00adbald die daf\u00fcr erforderliche Akkreditierung abgeschlossen ist, bietet das Labor den vollen Service als staatlich anerkannte Untersuchungseinrichtung an.<\/p>\n<div id=\"attachment_2061\" style=\"width: 310px\" class=\"wp-caption alignleft\"><a href=\"http:\/\/www.vdsm.net\/wronline\/wp-content\/uploads\/2014\/07\/Einblick-in-die-neuen-Laborr\u00e4ume-der-HuK-Umweltlabor-GmbH.jpg\"><img loading=\"lazy\" decoding=\"async\" aria-describedby=\"caption-attachment-2061\" class=\"size-medium wp-image-2061\" src=\"http:\/\/www.vdsm.net\/wronline\/wp-content\/uploads\/2014\/07\/Einblick-in-die-neuen-Laborr\u00e4ume-der-HuK-Umweltlabor-GmbH-300x106.jpg\" alt=\"Unser Bild zeigt die erweiterten R\u00e4umlichkeiten des HuK\u2008Umweltlabors in Wenden-H\u00fcnsborn. (Foto:\u2008HuK)\" width=\"300\" height=\"106\" srcset=\"https:\/\/www.vdsm.net\/wronline\/wp-content\/uploads\/2014\/07\/Einblick-in-die-neuen-Laborr\u00e4ume-der-HuK-Umweltlabor-GmbH-300x106.jpg 300w, https:\/\/www.vdsm.net\/wronline\/wp-content\/uploads\/2014\/07\/Einblick-in-die-neuen-Laborr\u00e4ume-der-HuK-Umweltlabor-GmbH.jpg 700w\" sizes=\"auto, (max-width: 300px) 100vw, 300px\" \/><\/a><p id=\"caption-attachment-2061\" class=\"wp-caption-text\">Unser Bild zeigt die erweiterten R\u00e4umlichkeiten des HuK\u2008Umweltlabors in Wenden-H\u00fcnsborn. (Foto:\u2008HuK)<\/p><\/div>\n<p>\u201eWir haben viele Kunden im Umkreis von einhundert Kilometern. Derzeit bearbeiten wir schon Analyseauftr\u00e4ge f\u00fcr \u00fcber 40 Wasserverb\u00e4nde in der Region. Nun k\u00f6nnen wir weitere Auftr\u00e4ge annehmen\u201c, betont Gesch\u00e4ftsf\u00fchrer Dr. Lars F\u00fcchtjohann. Ein Massenlabor wolle man allerdings nicht werden. \u201eWir verstehen uns vielmehr als Probleml\u00f6ser f\u00fcr unsere Kunden, die inzwischen nicht mehr nur aus der Region, sondern aus ganz Europa kommen.\u201c<\/p>\n<p>Neben dem Hauptstandort in Wenden-H\u00fcnsborn unterh\u00e4lt das 1994 gegr\u00fcndete La\u00adbor auch eine Zweigstelle in Wetzlar. Dort werden vor allem Proben aus dem Stahlbereich untersucht und das praktisch rund um die Uhr \u201eim Takt der Kunden.\u201c Das HuK Umweltlabor war von Anfang an ein fester Be\u00adstandteil der Horn &amp;\u2008Co. Gruppe. Es wurde vor 20 Jahren als neutrales und akkreditiertes Pr\u00fcflabor gegr\u00fcndet.<\/p>\n<div id=\"attachment_2062\" style=\"width: 310px\" class=\"wp-caption alignleft\"><a href=\"http:\/\/www.vdsm.net\/wronline\/wp-content\/uploads\/2014\/07\/Abschiedsrede-Hr.-Gr\u00e4bener.jpg\"><img loading=\"lazy\" decoding=\"async\" aria-describedby=\"caption-attachment-2062\" class=\"size-medium wp-image-2062\" src=\"http:\/\/www.vdsm.net\/wronline\/wp-content\/uploads\/2014\/07\/Abschiedsrede-Hr.-Gr\u00e4bener-300x200.jpg\" alt=\"Heinz Gr\u00e4bener wurde in den wohlverdienten Ruhestand verabschiedet. (Foto:\u2008HuK)\" width=\"300\" height=\"200\" srcset=\"https:\/\/www.vdsm.net\/wronline\/wp-content\/uploads\/2014\/07\/Abschiedsrede-Hr.-Gr\u00e4bener-300x200.jpg 300w, https:\/\/www.vdsm.net\/wronline\/wp-content\/uploads\/2014\/07\/Abschiedsrede-Hr.-Gr\u00e4bener-150x100.jpg 150w, https:\/\/www.vdsm.net\/wronline\/wp-content\/uploads\/2014\/07\/Abschiedsrede-Hr.-Gr\u00e4bener.jpg 700w\" sizes=\"auto, (max-width: 300px) 100vw, 300px\" \/><\/a><p id=\"caption-attachment-2062\" class=\"wp-caption-text\">Heinz Gr\u00e4bener wurde in den wohlverdienten Ruhestand verabschiedet. (Foto:\u2008HuK)<\/p><\/div>\n<p>Von Anfang an war Dr. William Kwarteng als Gesch\u00e4ftsf\u00fchrer und Gesellschafter mit dabei. Die Abk\u00fcrzung \u201eHuK\u201c steht auch f\u00fcr \u201eHorn und Kwarteng\u201c. \u201eDamals waren wir zwei Mitarbeiter. Das be\u00addeutete viel Arbeit\u201c, erinnert er sich. Die neuen Gesch\u00e4ftsf\u00fchrer des Umweltlabors kommen beide aus dem eigenen Unternehmen. Argjend Kameraj hat in der IT-Abteilung der Horn &amp;\u2008Co. Gruppe begonnen und sp\u00e4ter in den Bereichen Controlling, Finanzen und Personal Erfahrungen gesammelt. Neben dem HuK\u2008Umweltlabor hat er auch die kaufm\u00e4nnische Gesch\u00e4ftsf\u00fchrung der Horn &amp;\u2008Co. Gruppe als Nachfolger von Heinz Gr\u00e4bener \u00fcbernommen, der insgesamt 23 Jahre lang die Geschicke der Gruppe als Gesch\u00e4ftsf\u00fchrer ma\u00dfgeblich mitgestaltet hat. 40 Jahren war\u00a0er f\u00fcr das Unternehmen t\u00e4tig. Mit 65 Jahren wurde er jetzt in den wohlverdienten Ruhestand verabschiedet.<\/p>\n<p>Dr. Lars F\u00fcchtjohann wurde bereits vor seiner Promotion eingestellt. Der ge\u00adb\u00fcrtige Letmather hat an der Universit\u00e4t Dortmund Chemie studiert und war bislang als Prokurist f\u00fcr das Umweltlabor t\u00e4tig. Gefeiert wurde die Erweiterung des Umweltlabors \u00fcbrigens mit einem Kunden- und einem Familientag. Weitere Informationen zum Unternehmen gibt es im Internet unter: <a href=\"http:\/\/www.horn-co.de\" target=\"_blank\">http:\/\/www.horn-co.de<\/a>.<\/p>\n","protected":false},"excerpt":{"rendered":"<p>Insgesamt 1,8 Millionen Euro hat die in Siegen an\u00ads\u00e4ssige Horn &amp;\u2008Co Gruppe in die Erweiterung ihres Umweltlabors am Standort Wenden investiert. Ein we\u00adsent\u00adlicher Grund da\u00adf\u00fcr&#8230;<\/p>\n","protected":false},"author":2,"featured_media":2060,"comment_status":"open","ping_status":"open","sticky":false,"template":"","format":"standard","meta":{"_jetpack_memberships_contains_paid_content":false,"footnotes":""},"categories":[1],"tags":[],"class_list":["post-2059","post","type-post","status-publish","format-standard","has-post-thumbnail","hentry","category-aktuell"],"jetpack_featured_media_url":"https:\/\/www.vdsm.net\/wronline\/wp-content\/uploads\/2014\/07\/Neubau-HuK-Gebaeude.jpg","jetpack_sharing_enabled":true,"_links":{"self":[{"href":"https:\/\/www.vdsm.net\/wronline\/wp-json\/wp\/v2\/posts\/2059","targetHints":{"allow":["GET"]}}],"collection":[{"href":"https:\/\/www.vdsm.net\/wronline\/wp-json\/wp\/v2\/posts"}],"about":[{"href":"https:\/\/www.vdsm.net\/wronline\/wp-json\/wp\/v2\/types\/post"}],"author":[{"embeddable":true,"href":"https:\/\/www.vdsm.net\/wronline\/wp-json\/wp\/v2\/users\/2"}],"replies":[{"embeddable":true,"href":"https:\/\/www.vdsm.net\/wronline\/wp-json\/wp\/v2\/comments?post=2059"}],"version-history":[{"count":1,"href":"https:\/\/www.vdsm.net\/wronline\/wp-json\/wp\/v2\/posts\/2059\/revisions"}],"predecessor-version":[{"id":2063,"href":"https:\/\/www.vdsm.net\/wronline\/wp-json\/wp\/v2\/posts\/2059\/revisions\/2063"}],"wp:featuredmedia":[{"embeddable":true,"href":"https:\/\/www.vdsm.net\/wronline\/wp-json\/wp\/v2\/media\/2060"}],"wp:attachment":[{"href":"https:\/\/www.vdsm.net\/wronline\/wp-json\/wp\/v2\/media?parent=2059"}],"wp:term":[{"taxonomy":"category","embeddable":true,"href":"https:\/\/www.vdsm.net\/wronline\/wp-json\/wp\/v2\/categories?post=2059"},{"taxonomy":"post_tag","embeddable":true,"href":"https:\/\/www.vdsm.net\/wronline\/wp-json\/wp\/v2\/tags?post=2059"}],"curies":[{"name":"wp","href":"https:\/\/api.w.org\/{rel}","templated":true}]}}