{"id":2043,"date":"2014-07-01T11:01:21","date_gmt":"2014-07-01T09:01:21","guid":{"rendered":"http:\/\/www.vdsm.net\/wronline\/?p=2043"},"modified":"2014-07-01T11:01:21","modified_gmt":"2014-07-01T09:01:21","slug":"aufwaertstrend-auf-dem-arbeitsmarkt-geht-weiter","status":"publish","type":"post","link":"https:\/\/www.vdsm.net\/wronline\/aufwaertstrend-auf-dem-arbeitsmarkt-geht-weiter\/","title":{"rendered":"Aufw\u00e4rtstrend auf dem Arbeitsmarkt geht weiter"},"content":{"rendered":"<p><a href=\"http:\/\/www.vdsm.net\/wronline\/wp-content\/uploads\/2011\/12\/AASiegen.jpg\"><img loading=\"lazy\" decoding=\"async\" class=\"alignleft size-full wp-image-104\" src=\"http:\/\/www.vdsm.net\/wronline\/wp-content\/uploads\/2011\/12\/AASiegen.jpg\" alt=\"Arbeitsagentur Siegen\" width=\"250\" height=\"188\" \/><\/a>\u201eDer positive Trend f\u00fcr die J\u00fcngeren, an dem wir seit Jahresbeginn arbeiten, setzt sich fort. Erneut sind weniger junge Menschen arbeitslos im Vormonat. Es gelingt uns auch weiterhin gut, den jungen Menschen eine Perspektive in unserer Region zu bieten\u201c, freut sich Dr. Bettina Wolf, Vorsitzende der Gesch\u00e4ftsf\u00fchrung der Agentur f\u00fcr Arbeit Siegen. \u201eWir sehen uns als Arbeitsagentur in unserem Weg best\u00e4tigt, dass wir uns als Fokusthema in diesem Jahr die jungen Menschen ausgew\u00e4hlt haben. Unser Projekt \u201eStars f\u00fcr Fachkr\u00e4ftesicherung\u201c, mit dem wir auf die vielfach gute Ausbildung unserer j\u00fcngeren Arbeitslosen hinweisen, l\u00e4uft gut. Die aktuelle Entwicklung zeigt: Die jungen Menschen werden von der Region dringend gebraucht.\u201c Im Juni waren 11.948 M\u00e4nner und Frauen arbeitslos, das waren 296 weniger als Vormonat. Die Zahl reduzierte sich damit um 2,4 Prozent. Die Arbeitslosenquote ging um 0,1 Prozentpunkte auf 5,2 Prozent zur\u00fcck. Vor einem Jahr waren 49 Personen mehr arbeitslos, die Arbeitslosenquote betrug 5,3 Prozent.<\/p>\n<p>Der Arbeitsmarkt f\u00fcr die J\u00fcngeren unter 25 entwickelte sich fast gleichbleibend positiv. Im Juni waren 1.267 j\u00fcngere M\u00e4nnern und Frauen arbeitslos, das sind 35 Personen bzw. 2,7 Prozent weniger. Im Vergleich zum Vorjahr ging die Zahl um 7,8 Prozent zur\u00fcck, das hei\u00dft, es waren 107 Personen weniger arbeitslos. Im Vergleich zum Juni dieses Jahres ging die Arbeitslosenquote der J\u00fcngeren, die unter 25 Jahre alt sind, um 0,2 Prozentpunkte auf 4,5 Prozent zur\u00fcck. \u201eDie Entwicklung bei den arbeitslosen M\u00e4nnern und Frauen, die j\u00fcnger als 25 Jahren sind, ist erfreulich. Auch unabh\u00e4ngig von saisonalen Einfl\u00fcssen ist die Arbeitslosigkeit hier zur\u00fcckgegangen. Das zeigt, dass der heimische Arbeitsmarkt den j\u00fcngeren Fachkr\u00e4ften gute Perspektiven bietet.\u201c Im n\u00e4chsten Monat rechnet die Leiterin der heimischen Arbeitsagentur saisonbedingt mit steigenden Arbeitslosenzahlen, da sich dann viele junge Menschen nach ihrer abgeschlossenen Ausbildung kurzzeitig arbeitslos melden.<\/p>\n<p>Auch die arbeitslosen M\u00e4nner und Frauen mit ausl\u00e4ndischem Hintergrund hatten im Juni bessere Perspektiven einen Job zu finden. Die Zahl der ausl\u00e4ndischen arbeitslosen Personen sank um 71 Personen auf 2.173, ein R\u00fcckgang um 3,2 Prozent.<\/p>\n<p>Im Kreis Siegen &#8211; Wittgenstein betrug die Zahl der arbeitslosen Personen im Juni 8.625. Das waren 190 weniger als im Mai, die Zahl ging damit um 2,2 Prozent zur\u00fcck. Die Arbeitslosenquote betr\u00e4gt nun 5,7 Prozent. Vor einem Jahr waren 190 Personen weniger arbeitslos. Damit stieg die Zahl der Arbeitslosen im Jahresvergleich um 2,3 Prozent an. Die Quote stieg im Jahresvergleich um 0,1 Prozentpunkte an, vor einem Jahr lag sie bei 5,6 Prozent.<\/p>\n<p>Im Kreis Olpe waren im Juni 3.323 M\u00e4nner und Frauen arbeitslos. Damit ging die Zahl der Zahl der Arbeitslosen hier um 106 Personen zur\u00fcck, ein Minus von 3,1 Prozent. Die Arbeitslosenquote verbesserte sich im Vergleich zum Mai um 0,1 Prozentpunkte auf jetzt 4,3 Prozent. Im Vergleich zum Vorjahr zeigt sich der R\u00fcckgang deutlicher. Vor einem Jahr waren im Kreis Olpe 239 Personen mehr arbeitslos. Damit fiel die Zahl der Arbeitslosen um 6,7 Prozent. Die Arbeitslosenquote sank im Vorjahresvergleich um 0,3 Prozentpunkte, vor einem Jahr lag sie noch bei 4,6 Prozent.<\/p>\n<p>\u201eDie Kreis Olpe entwickelt sich in diesem Jahr zum Zugpferd in unserem Agenturbezirk. Die Entwicklung verl\u00e4uft hier besonders positiv. Die metallverarbeitenden Betriebe, allen voran der Automotivebereich, leisten hierzu einen wichtigen Beitrag\u201c, erl\u00e4utert Dr. Bettina Wolf.<\/p>\n<p>Der Arbeitgeber-Service der Agentur f\u00fcr Arbeit Siegen akquirierte im vergangenen Monat 792 freie Stellen. Das waren 88 Stellen mehr als im Mai. Damit meldeten die Arbeitgeber der Region 145 Stellen mehr als im Vorjahreszeitraum, ein Plus von 22,4 Prozent. Derzeit f\u00fchrt die heimische Agentur f\u00fcr Arbeit 1.897 freie Stellen in ihrem Bestand, das sind 226 Stellen mehr als im vergangenen Jahr. Seit Jahresbeginn haben die Betriebe im Bezirk der Arbeitsagentur Siegen bereits 4.401 freie Stellen gemeldet. Auch hier zeichnet sich ein Zuwachs um 11,2 Prozent im Vergleich zum Vorjahr ab. \u201eDer Bedarf nach Fachkr\u00e4ften ist in unserer Region ungebrochen gro\u00df. Ich lade die Betriebe herzlich ein, mit uns ins Gespr\u00e4ch zu kommen, wie wir durch Qualifizierung und fr\u00fche Weichenstellungen daf\u00fcr sorgen, dass die Unternehmen weiter auf gen\u00fcgend f\u00e4hige Mitarbeiterinnen und Mitarbeiter z\u00e4hlen k\u00f6nnen\u201c, appelliert Dr. Bettina Wolf an die Arbeitgeber, sich dem Thema Fachkr\u00e4ftesicherung mit Ausbildung und Weiterbildung zu widmen.<\/p>\n<p>Die Zahl der Arbeitslosen setzt sich im Bezirk der Agentur f\u00fcr Arbeit Siegen aus den Kunden der Arbeitslosenversicherung (Agentur f\u00fcr Arbeit) und aus den Kunden der Grundsicherung (Jobcenter Kreis Siegen-Wittgenstein und Jobcenter Kreis Olpe) zusammen. Im Rechtskreis der Agentur f\u00fcr Arbeit Siegen waren im Juni 4.243 Personen arbeitslos gemeldet. Das sind 106 M\u00e4nner und Frauen weniger als im Vormonat, die Zahl ging damit um 2,4 Prozent zur\u00fcck. Im Vergleich zum Vorjahr ver\u00e4nderte sich die Zahl der Arbeitslosen im Bereich der Agentur f\u00fcr Arbeit Siegen geringf\u00fcgig, sie sank um zwei Personen.<\/p>\n<p>Die Zahl der Arbeitslosen im Bereich der Grundsicherung sank im Vergleich zum Mai um 190 Personen auf nun 7.705 M\u00e4nner und Frauen. Sie ging damit um 2,4 Prozent zur\u00fcck.<\/p>\n<p>Das Jobcenter Kreis Siegen-Wittgenstein betreute im Juni 5.685 arbeitslose M\u00e4nner und Frauen. Damit ging die Zahl um 136 Personen im Vergleich zum Mai zur\u00fcck, ein R\u00fcckgang um 2,3 Prozent. Vor einem Jahr betrug die Zahl noch 5.563 Personen, damals wurden 122 arbeitslose M\u00e4nner und Frauen weniger durch das Jobcenter Kreis Siegen-Wittgenstein betreut.<\/p>\n<p>Auch das Jobcenter Kreis Olpe verzeichnete im Juni einen R\u00fcckgang der betreuten arbeitslosen M\u00e4nner und Frauen im Vergleich zum Mai. Im Juni waren 2.020 arbeitslose Personen registriert, das waren 54 M\u00e4nner und Frauen weniger als im Mai, ein R\u00fcckgang um 2,6 Prozent. Auch der Vorjahresvergleich beim Jobcenter Kreis Olpe zeigt eine positive Entwicklung. Im Vergleich zu Juni 2013 sank die Zahl der betreuten arbeitslosen M\u00e4nner und Frauen um 169 Personen, das ist ein R\u00fcckgang um 7,7 Prozent.<\/p>\n<p>\u201eEs ist wieder sch\u00f6n zu sehen, wie viele Jugendliche die M\u00f6glichkeit genutzt haben, und die Ausbildungsmesse in Siegen und die Berufsmesse in Olpe besucht haben. Auf beiden Messen k\u00f6nnen die Jugendlichen den Ausbildungsbetrieb von Morgen kennenlernen. Diese Chance haben auf jeder Messe mehrere Tausend junge Menschen genutzt \u2013 ein toller Erfolg\u201c, bilanziert Dr. Bettina Wolf r\u00fcckblickend. Die hohe Nachfrage bei den Betrieben nach einem Standplatz zeige, wie etabliert und wichtig diese Veranstaltungen f\u00fcr die Unternehmen seien, um die passenden Auszubildenden zu finden. \u201eWer jetzt noch einen Ausbildungsplatz sucht, findet gerade im Verkauf von Lebensmitteln noch freie Ausbildungsstellen. Auch Jugendliche, die gerne K\u00f6che werden m\u00f6chten oder ihre berufliche Zukunft im Logistikbereich sehen, finden noch offene T\u00fcren\u201c, motiviert Dr. Bettina Wolf die Jugendlichen, sich jetzt noch um die verbleibenden Ausbildungspl\u00e4tze zu bem\u00fchen.<\/p>\n<p>Derzeit sind bei der Agentur f\u00fcr Arbeit Siegen noch 814 freie Ausbildungsstellen gemeldet, das sind 56 mehr als im vergangenen Jahr, ein Plus von 7,4 Prozent. Die Anzahl der von den Betrieben insgesamt gemeldeten Ausbildungspl\u00e4tze lag mit 2.775 Ausbildungsstellen um 1,4 Prozent (- 38 Stellen) unter dem Vorjahreswert.<\/p>\n<p>Insgesamt haben sich bei der Agentur f\u00fcr Arbeit Siegen 3.430 Bewerberinnen und Bewerber um Ausbildungsstellen gemeldet, das sind 8 Personen mehr als im Vorjahr. Derzeit sind noch 1.036 Bewerberinnen und Bewerber auf der Suche nach einer Lehrstelle, das sind 23 Personen weniger (-2,2 Prozent) als im Vorjahr.<\/p>\n<p>\u201eAuch die Jugendlichen, die erst im kommenden Sommer mit einer Ausbildungsstelle durchstarten wollen, sind schon jetzt gefordert und sollten sich bei uns melden. Bei kaufm\u00e4nnischen Ausbildungen und den tollen dualen Studienpl\u00e4tzen, die die Betriebe anbieten, laufen die Auswahlprozesse bereits und erste Vertr\u00e4ge werden unterschrieben. Unsere Berufsberaterinnen und Berufsberater finden gemeinsam mit den Jugendlichen den richtigen Ausbildungsberuf\u201c, l\u00e4dt Dr. Bettina Wolf die Jugendlichen ein, sich fr\u00fchzeitig bei der Berufsberatung der Agentur f\u00fcr Arbeit zu melden.<\/p>\n","protected":false},"excerpt":{"rendered":"<p>\u201eDer positive Trend f\u00fcr die J\u00fcngeren, an dem wir seit Jahresbeginn arbeiten, setzt sich fort. Erneut sind weniger junge Menschen arbeitslos im Vormonat. Es gelingt&#8230;<\/p>\n","protected":false},"author":2,"featured_media":0,"comment_status":"open","ping_status":"open","sticky":false,"template":"","format":"standard","meta":{"_jetpack_memberships_contains_paid_content":false,"footnotes":""},"categories":[16],"tags":[],"class_list":["post-2043","post","type-post","status-publish","format-standard","hentry","category-arbeitsmarkt"],"jetpack_featured_media_url":"","jetpack_sharing_enabled":true,"_links":{"self":[{"href":"https:\/\/www.vdsm.net\/wronline\/wp-json\/wp\/v2\/posts\/2043","targetHints":{"allow":["GET"]}}],"collection":[{"href":"https:\/\/www.vdsm.net\/wronline\/wp-json\/wp\/v2\/posts"}],"about":[{"href":"https:\/\/www.vdsm.net\/wronline\/wp-json\/wp\/v2\/types\/post"}],"author":[{"embeddable":true,"href":"https:\/\/www.vdsm.net\/wronline\/wp-json\/wp\/v2\/users\/2"}],"replies":[{"embeddable":true,"href":"https:\/\/www.vdsm.net\/wronline\/wp-json\/wp\/v2\/comments?post=2043"}],"version-history":[{"count":1,"href":"https:\/\/www.vdsm.net\/wronline\/wp-json\/wp\/v2\/posts\/2043\/revisions"}],"predecessor-version":[{"id":2044,"href":"https:\/\/www.vdsm.net\/wronline\/wp-json\/wp\/v2\/posts\/2043\/revisions\/2044"}],"wp:attachment":[{"href":"https:\/\/www.vdsm.net\/wronline\/wp-json\/wp\/v2\/media?parent=2043"}],"wp:term":[{"taxonomy":"category","embeddable":true,"href":"https:\/\/www.vdsm.net\/wronline\/wp-json\/wp\/v2\/categories?post=2043"},{"taxonomy":"post_tag","embeddable":true,"href":"https:\/\/www.vdsm.net\/wronline\/wp-json\/wp\/v2\/tags?post=2043"}],"curies":[{"name":"wp","href":"https:\/\/api.w.org\/{rel}","templated":true}]}}