{"id":2025,"date":"2014-06-25T08:06:35","date_gmt":"2014-06-25T06:06:35","guid":{"rendered":"http:\/\/www.vdsm.net\/wronline\/?p=2025"},"modified":"2014-06-25T08:10:21","modified_gmt":"2014-06-25T06:10:21","slug":"arndt-g-kirchhoff-neuer-metallarbeitgeberpraesident-in-nrw","status":"publish","type":"post","link":"https:\/\/www.vdsm.net\/wronline\/arndt-g-kirchhoff-neuer-metallarbeitgeberpraesident-in-nrw\/","title":{"rendered":"Arndt G. Kirchhoff neuer Pr\u00e4sident von METALL NRW"},"content":{"rendered":"<div id=\"attachment_2026\" style=\"width: 210px\" class=\"wp-caption alignleft\"><a href=\"http:\/\/www.vdsm.net\/wronline\/wp-content\/uploads\/2014\/06\/Arndt-Kirchhoff.jpg\"><img loading=\"lazy\" decoding=\"async\" aria-describedby=\"caption-attachment-2026\" class=\"size-full wp-image-2026\" src=\"http:\/\/www.vdsm.net\/wronline\/wp-content\/uploads\/2014\/06\/Arndt-Kirchhoff.jpg\" alt=\"Arndt G. Kirchhoff\" width=\"200\" height=\"248\" \/><\/a><p id=\"caption-attachment-2026\" class=\"wp-caption-text\">Arndt G. Kirchhoff<\/p><\/div>\n<p>Die nordrhein-westf\u00e4lischen Metallarbeitgeber haben Arndt G\u00fcnter Kirchhoff (59) zu ihrem neuen Pr\u00e4sidenten gew\u00e4hlt. Er ist damit auch Leiter der Kommission der Metallarbeitgeber f\u00fcr die Tarifverhandlungen. Das teilte der Verband der Metall- und Elektro-Industrie Nordrhein-Westfalen (METALL NRW) am Dienstag in D\u00fcsseldorf mit. Kirchhoff ist Nachfolger von Horst-Werner Maier-Hunke (76), der zum Ehrenpr\u00e4sidenten von METALL NRW ernannt wurde. Maier-Hunke hatte f\u00fcr dieses Amt nicht mehr kandidiert und damit nach acht Jahren seine T\u00e4tigkeit als Pr\u00e4sident beendet.<\/p>\n<p>Kirchhoff dankte Maier-Hunke f\u00fcr seinen enormen Einsatz als glaubw\u00fcrdiger Vertreter f\u00fcr die Anliegen der Unternehmen der nordrhein-westf\u00e4lischen Metall- und Elektroindustrie. Maier-Hunke habe in den vergangenen acht Jahren nicht nur die Tarifpolitik in NRW gepr\u00e4gt, sondern auch \u00fcber die Grenzen des Landes hinweg Spuren hinterlassen. \u201eMit dem Tarifabschluss im Krisenjahr 2010 haben Sie deutsche Tarifgeschichte geschrieben\u201c, sagte Kirchhoff. Der in Nordrhein-Westfalen verhandelte Pilotabschluss f\u00fcr die deutsche M+E-Industrie habe in der schwersten Rezession der Nachkriegszeit wichtige Elemente zur Besch\u00e4ftigungssicherung enthalten. So h\u00e4tten Tausende von Arbeitspl\u00e4tzen gesichert werden k\u00f6nnen.<\/p>\n<p>Mit Blick auf sein neues Amt erkl\u00e4rte Kirchhoff: \u201eIch bin gern Unternehmer in diesem Land und freue mich auf meine neue Aufgabe bei METALL NRW.\u201c Der Tarifpolitik komme seiner Ansicht nach bei der Gestaltung der Wettbewerbsbedingungen am Standort Nordrhein-Westfalen eine \u00fcberragende Bedeutung zu. Er wolle den in den letzten Jahren eingeschlagenen Weg hin zu einer Flexibilisierung des Fl\u00e4chentarifvertrags fortsetzen. Dies sei notwendig, um im weltweiten Wettbewerb jene Auftr\u00e4ge zu gewinnen, die die Arbeitspl\u00e4tze im wichtigsten Industriezweig des Landes sichern. \u201eIch biete der IG Metall eine faire und vertrauensvolle Zusammenarbeit an\u201c, betonte Kirchhoff.<\/p>\n<p>Arndt G\u00fcnter Kirchhoff geh\u00f6rt dem Vorstand von METALL NRW seit 2000 an und ist seit 2006 Mitglied des Vorstandsrates und Vizepr\u00e4sident des Verbandes. Als Vorsitzender der Fachgruppe Metall ist der Attendorner Unternehmer seit 2000 Mitglied des Vorstands des Arbeitgeberverbandes f\u00fcr den Kreis Olpe. Der 1955 in Essen geborene \u00a0Diplom-Wirtschaftsingenieur ist Gesch\u00e4ftsf\u00fchrender Gesellschafter und CEO der KIRCHHOFF Holding GmbH &amp; Co. KG. Die familiengef\u00fchrte Unternehmensgruppe ist mit weltweit rund 10.500 Mitarbeitern und einem Jahresumsatz von 1,6 Milliarden Euro eine der bedeutendsten mittelst\u00e4ndischen Firmen der Autozuliefererbranche. Nach dem Studium des Wirtschaftsingenieurwesens und des Maschinenbaus an der TU Darmstadt war Kirchhoff zun\u00e4chst Leiter der zentralen Auftragsabwicklung Deutsche Babcock Werke AG, bevor er 1990 Gesch\u00e4ftsf\u00fchrender Gesellschafter der KIRCHHOFF Gruppe wurde.<\/p>\n<p>Kirchhoff engagiert sich seit langem in Organisationen der Wirtschaft. Er ist Pr\u00e4sident des Instituts der deutschen Wirtschaft K\u00f6ln und Mitglied der Pr\u00e4sidien der Bundesvereinigung der Deutschen Arbeitgeberverb\u00e4nde (BDA) und des Bundesverbandes der Deutschen Industrie (BDI). \u00dcberdies ist er Vizepr\u00e4sident des Verbandes der Deutschen Automobilindustrie (VDA). Au\u00dferdem ist Kirchhoff Vizepr\u00e4sident der Landesvereinigung der Unternehmensverb\u00e4nde Nordrhein-Westfalen (unternehmer nrw) und stellvertretender Vorsitzender des Mittelstandsbeirates der Landesregierung des Landes Nordrhein-Westfalen.<\/p>\n<p>Horst-Werner Maier-Hunke, 1938 im Allg\u00e4u geboren, schloss nach dem Wehrdienst sein Studium 1965 als Dipl.-Betriebswirt ab. Nach seiner Zeit als Leiter des deutschen Entwicklungsdienstes in Nepal war er bis 1980 bei BASF Farben und Fasern t\u00e4tig, zuletzt als Direktor. Seitdem ist er Gesch\u00e4ftsf\u00fchrer der DURABLE Hunke &amp; Jochheim GmbH &amp; Co. KG, Iserlohn. Das Produktprogramm umfasst mehr als 2.000 Artikel im Bereich B\u00fcro- und Organisationsmittel. Das Unternehmen erwirtschaftete 2013 mit rund 600 Mitarbeitern einen Umsatz von 100 Millionen Euro. Maier-Hunke ist seit 2006 Vizepr\u00e4sident des Arbeitgeberverbandes Gesamtmetall. Seit 2004 ist Maier-Hunke Pr\u00e4sident der Landesvereinigung der Unternehmensverb\u00e4nde Nordrhein-Westfalen (unternehmer nrw) und Mitglied des Pr\u00e4sidiums der Bundesvereinigung der Deutschen Arbeitgeberverb\u00e4nde. In Anerkennung seiner Verdienste um die Weiterentwicklung \u00a0der Sozialpartnerschaft zwischen Arbeitnehmern und Arbeitgebern wurde Maier-Hunke mit dem Bundesverdienstkreuz 1. Klasse ausgezeichnet. Seit 2009 ist Maier-Hunke Honorarkonsul der Republik Estland.<\/p>\n<p>Zu Vizepr\u00e4sidenten wurden gew\u00e4hlt: Horst Gabriel (Solingen), Dr. Margarete Haase (K\u00f6ln), Dietrich Kramer (Bielefeld), Dr. Stephan A. Kufferath-Kassner (D\u00fcren), Dietmar Meder (D\u00fcsseldorf), Herbert K. Meyer (Essen). Als Schatzmeister des Verbandes wurde Egbert Neuhaus (Arnsberg) best\u00e4tigt.<\/p>\n","protected":false},"excerpt":{"rendered":"<p>Die nordrhein-westf\u00e4lischen Metallarbeitgeber haben Arndt G\u00fcnter Kirchhoff (59) zu ihrem neuen Pr\u00e4sidenten gew\u00e4hlt. Er ist damit auch Leiter der Kommission der Metallarbeitgeber f\u00fcr die Tarifverhandlungen&#8230;.<\/p>\n","protected":false},"author":2,"featured_media":2026,"comment_status":"open","ping_status":"open","sticky":false,"template":"","format":"standard","meta":{"_jetpack_memberships_contains_paid_content":false,"footnotes":""},"categories":[1],"tags":[],"class_list":["post-2025","post","type-post","status-publish","format-standard","has-post-thumbnail","hentry","category-aktuell"],"jetpack_featured_media_url":"https:\/\/www.vdsm.net\/wronline\/wp-content\/uploads\/2014\/06\/Arndt-Kirchhoff.jpg","jetpack_sharing_enabled":true,"_links":{"self":[{"href":"https:\/\/www.vdsm.net\/wronline\/wp-json\/wp\/v2\/posts\/2025","targetHints":{"allow":["GET"]}}],"collection":[{"href":"https:\/\/www.vdsm.net\/wronline\/wp-json\/wp\/v2\/posts"}],"about":[{"href":"https:\/\/www.vdsm.net\/wronline\/wp-json\/wp\/v2\/types\/post"}],"author":[{"embeddable":true,"href":"https:\/\/www.vdsm.net\/wronline\/wp-json\/wp\/v2\/users\/2"}],"replies":[{"embeddable":true,"href":"https:\/\/www.vdsm.net\/wronline\/wp-json\/wp\/v2\/comments?post=2025"}],"version-history":[{"count":4,"href":"https:\/\/www.vdsm.net\/wronline\/wp-json\/wp\/v2\/posts\/2025\/revisions"}],"predecessor-version":[{"id":2030,"href":"https:\/\/www.vdsm.net\/wronline\/wp-json\/wp\/v2\/posts\/2025\/revisions\/2030"}],"wp:featuredmedia":[{"embeddable":true,"href":"https:\/\/www.vdsm.net\/wronline\/wp-json\/wp\/v2\/media\/2026"}],"wp:attachment":[{"href":"https:\/\/www.vdsm.net\/wronline\/wp-json\/wp\/v2\/media?parent=2025"}],"wp:term":[{"taxonomy":"category","embeddable":true,"href":"https:\/\/www.vdsm.net\/wronline\/wp-json\/wp\/v2\/categories?post=2025"},{"taxonomy":"post_tag","embeddable":true,"href":"https:\/\/www.vdsm.net\/wronline\/wp-json\/wp\/v2\/tags?post=2025"}],"curies":[{"name":"wp","href":"https:\/\/api.w.org\/{rel}","templated":true}]}}