{"id":20048,"date":"2020-08-21T11:12:26","date_gmt":"2020-08-21T09:12:26","guid":{"rendered":"https:\/\/www.vdsm.net\/wronline\/?p=20048"},"modified":"2020-08-21T11:12:26","modified_gmt":"2020-08-21T09:12:26","slug":"digitale-messe-plattform-der-ihk-siegen","status":"publish","type":"post","link":"https:\/\/www.vdsm.net\/wronline\/digitale-messe-plattform-der-ihk-siegen\/","title":{"rendered":"Digitale Messe-Plattform der IHK Siegen"},"content":{"rendered":"<p>In diesem Jahr konnten die geplanten Ausbildungsmessen in Siegen und Olpe aufgrund der Corona-Pandemie nicht stattfinden. Dadurch fehlen ein wichtiges Bindeglied zwischen Ausbildungsunternehmen und angehenden Auszubildenden sowie die notwendigen Austausch- und Informationsm\u00f6glichkeiten. Um f\u00fcr das Ausbildungsjahr 2021 Sch\u00fclerinnen, Sch\u00fcler, Lehrkr\u00e4fte sowie Eltern \u00fcber Ausbildungsm\u00f6glichkeiten in der Region zu informieren, hat die IHK Siegen eine <a href=\"https:\/\/www.ihk-siegen-messen.de\" target=\"_blank\" rel=\"noopener noreferrer\">Digitale Messe-Plattform<\/a> f\u00fcr die Regionen Siegen, Olpe und Wittgenstein erarbeitet.<\/p>\n<p><strong>Digitale Unternehmenspr\u00e4sentation \u2013 mehr Unternehmensbeteiligung gew\u00fcnscht<\/strong><br \/>\n<a href=\"https:\/\/www.vdsm.net\/wronline\/wp-content\/uploads\/2020\/08\/065-20-IHK_Siegen_Messen_Logo_WEB.jpg\"><img loading=\"lazy\" decoding=\"async\" class=\"size-medium wp-image-20050 alignleft\" src=\"https:\/\/www.vdsm.net\/wronline\/wp-content\/uploads\/2020\/08\/065-20-IHK_Siegen_Messen_Logo_WEB-300x107.jpg\" alt=\"\" width=\"300\" height=\"107\" srcset=\"https:\/\/www.vdsm.net\/wronline\/wp-content\/uploads\/2020\/08\/065-20-IHK_Siegen_Messen_Logo_WEB-300x107.jpg 300w, https:\/\/www.vdsm.net\/wronline\/wp-content\/uploads\/2020\/08\/065-20-IHK_Siegen_Messen_Logo_WEB-768x274.jpg 768w, https:\/\/www.vdsm.net\/wronline\/wp-content\/uploads\/2020\/08\/065-20-IHK_Siegen_Messen_Logo_WEB.jpg 777w\" sizes=\"auto, (max-width: 300px) 100vw, 300px\" \/><\/a>Bei der Digitalen Messe-Plattform k\u00f6nnen sich die Unternehmen umfangreich pr\u00e4sentieren: Neben den allgemeinen Kontaktdaten und dem Firmenlogo werden die Ausbildungsbereiche und -berufe sowie die dualen Studieng\u00e4nge mit direkten Ansprechpartnern ver\u00f6ffentlicht. Dar\u00fcberhinaus besteht die M\u00f6glichkeit, weitere Informationen, wie Kurzportraits, Links zur Homepage sowie Kurzfilme, einzustellen. Die Unternehmenspr\u00e4sentation geht damit weit \u00fcber die bisherigen Messeflyer hinaus. \u201eSch\u00f6n w\u00e4re es, wenn alle Unternehmen, die an den Messen teilnehmen m\u00f6chten, sich hier pr\u00e4sentieren\u201c, verdeutlicht Dagmar Gierse, Referat Berufliche Bildung und Projektkoordinatorin, das IHK-Angebot, \u201edann ist die Messe-Plattform breit aufgestellt, um Sch\u00fclerinnen, Sch\u00fclern, Eltern und Lehrern umfassende Informationen zur Ausbildung bieten zu k\u00f6nnen.\u201c<\/p>\n<p><strong>Wie funktioniert die Digitale Messe-Plattform?<\/strong><br \/>\nSch\u00fclerinnen und Sch\u00fcler \u2013 sowie weitere Interessierte \u2013 finden \u00fcber die unterschiedlichen Filterfunktionen ihren angestrebten Wunschberuf. Die Berufe sind alphabetisch sortiert und Berufsfeldern zugeordnet. F\u00fcr Detailinformationen f\u00fchrt ein Link auf die Seite BERUFENET der Arbeitsagentur. M\u00f6glich ist ebenfalls, direkt \u00fcber die Unternehmen nach deren Ausbildungsangeboten zu suchen. Dagmar Gierse erg\u00e4nzt: \u201eDie Nutzung der Digitalen Messe-Plattform ist f\u00fcr die Unternehmen kostenfrei und bietet somit ein weiteres Angebot f\u00fcr die Fachkr\u00e4ftesicherung der Regionen Siegerland, Olpe und Wittgenstein.\u201c<\/p>\n<p><strong>Ausbildungssituation des Kammerbezirks in 2020<\/strong><br \/>\nIHK-Gesch\u00e4ftsf\u00fchrer Klaus Fenster berichtet \u00fcber die deutlichen R\u00fcckg\u00e4nge der eingetragenen<br \/>\nAusbildungsvertr\u00e4ge in diesem Jahr: \u201eDie IHK-zugeh\u00f6rigen Unternehmen in Siegen-Wittgenstein und Olpe schlossen im ersten Halbjahr knapp 500 Lehrvertr\u00e4ge weniger als im Vergleichszeitraum des Vorjahres ab.\u201c Vor diesem Hintergrund haben die IHK-Mitarbeiter bei \u00fcber 600 Ausbildungsbetrieben telefonisch nachgefragt. Bei diesen Gespr\u00e4chen wurde deutlich, dass noch knapp 400 offene Stellen f\u00fcr geeignete Bewerber angeboten werden. Diese \u201eLast-Minute-Ausbildungspl\u00e4tze\u201c sind auf die IHK-Homepage zu finden und wurden zus\u00e4tzlich \u00fcber die Social-Media-Kan\u00e4le beworben.<\/p>\n<p>Klaus Fenster f\u00fcgt hinzu, dass auf Initiative der Partner des regionalen Ausbildungskonsens die traditionell erst im Oktober beginnende Nachvermittlungsaktion schon im August durchgef\u00fchrt wird. Die \u201a\u201aLast Minute Ausbildungsplatzb\u00f6rse\u201c startet bereits am kommenden Montag: Am 24.08.2020 in Siegen, am 25.08.2020 in Olpe und am 26.08.2020 in Bad Berleburg. Berater der Kammern, der Kreise und der Arbeitsagentur weisen auf offene Ausbildungsstellen in Industrie, Handwerk und den freien Berufen hin und stellen den Kontakt zu den Unternehmen her. Es besteht f\u00fcr die Bewerber die M\u00f6glichkeit vor Ort, ein kostenloses Bewerbungsfoto machen zu lassen sowie einen Bewerbungscheck durchzuf\u00fchren.<\/p>\n<p>Die B\u00f6rsen finden an folgenden Terminen in den Regionen Siegen, Olpe und Wittgenstein statt:<br \/>\n\u2022 Montag, 24.08.2020, 14:00-17:00 Uhr, Foyer der Siegerlandhalle<br \/>\n\u2022 Dienstag, 25.08.2020, 14:00-17:00 Uhr, Stadthalle Olpe<br \/>\n\u2022 Mittwoch, 26.08.2020, 15:30-17:00 Uhr, Berufskolleg Bad Berleburg<\/p>\n<p>Bei dem B\u00f6rsenbesuch werden die geltenden Hygieneregeln, Maskenpflicht, Abstand bewahren und Zugangsbegrenzung zu den Beraterpl\u00e4tzen, eingehalten.<\/p>\n<p>Text und Logo: <a href=\"https:\/\/www.ihk-siegen.de\/\" target=\"_blank\" rel=\"noopener noreferrer\">IHK Siegen<\/a><\/p>\n","protected":false},"excerpt":{"rendered":"<p>In diesem Jahr konnten die geplanten Ausbildungsmessen in Siegen und Olpe aufgrund der Corona-Pandemie nicht stattfinden. Dadurch fehlen ein wichtiges Bindeglied zwischen Ausbildungsunternehmen und angehenden&#8230;<\/p>\n","protected":false},"author":6,"featured_media":20052,"comment_status":"open","ping_status":"open","sticky":false,"template":"","format":"standard","meta":{"_jetpack_newsletter_access":"","_jetpack_dont_email_post_to_subs":false,"_jetpack_newsletter_tier_id":0,"_jetpack_memberships_contains_paywalled_content":false,"_jetpack_feature_clip_id":0,"_jetpack_memberships_contains_paid_content":false,"footnotes":"","jetpack_post_was_ever_published":false},"categories":[8,32,30],"tags":[],"class_list":["post-20048","post","type-post","status-publish","format-standard","has-post-thumbnail","hentry","category-ausbildung","category-infos","category-vermischtes"],"jetpack_sharing_enabled":true,"jetpack_featured_media_url":"https:\/\/www.vdsm.net\/wronline\/wp-content\/uploads\/2020\/08\/Screenshot-Digitale-Ausbildungsmessen_WEB.jpg","_links":{"self":[{"href":"https:\/\/www.vdsm.net\/wronline\/wp-json\/wp\/v2\/posts\/20048","targetHints":{"allow":["GET"]}}],"collection":[{"href":"https:\/\/www.vdsm.net\/wronline\/wp-json\/wp\/v2\/posts"}],"about":[{"href":"https:\/\/www.vdsm.net\/wronline\/wp-json\/wp\/v2\/types\/post"}],"author":[{"embeddable":true,"href":"https:\/\/www.vdsm.net\/wronline\/wp-json\/wp\/v2\/users\/6"}],"replies":[{"embeddable":true,"href":"https:\/\/www.vdsm.net\/wronline\/wp-json\/wp\/v2\/comments?post=20048"}],"version-history":[{"count":3,"href":"https:\/\/www.vdsm.net\/wronline\/wp-json\/wp\/v2\/posts\/20048\/revisions"}],"predecessor-version":[{"id":20053,"href":"https:\/\/www.vdsm.net\/wronline\/wp-json\/wp\/v2\/posts\/20048\/revisions\/20053"}],"wp:featuredmedia":[{"embeddable":true,"href":"https:\/\/www.vdsm.net\/wronline\/wp-json\/wp\/v2\/media\/20052"}],"wp:attachment":[{"href":"https:\/\/www.vdsm.net\/wronline\/wp-json\/wp\/v2\/media?parent=20048"}],"wp:term":[{"taxonomy":"category","embeddable":true,"href":"https:\/\/www.vdsm.net\/wronline\/wp-json\/wp\/v2\/categories?post=20048"},{"taxonomy":"post_tag","embeddable":true,"href":"https:\/\/www.vdsm.net\/wronline\/wp-json\/wp\/v2\/tags?post=20048"}],"curies":[{"name":"wp","href":"https:\/\/api.w.org\/{rel}","templated":true}]}}