{"id":20041,"date":"2020-08-20T12:20:42","date_gmt":"2020-08-20T10:20:42","guid":{"rendered":"https:\/\/www.vdsm.net\/wronline\/?p=20041"},"modified":"2020-08-20T12:20:42","modified_gmt":"2020-08-20T10:20:42","slug":"svb-versorgen-gebaeude-des-kreises-mit-naturstrom-und-erdgas","status":"publish","type":"post","link":"https:\/\/www.vdsm.net\/wronline\/svb-versorgen-gebaeude-des-kreises-mit-naturstrom-und-erdgas\/","title":{"rendered":"SVB versorgen Geb\u00e4ude des Kreises mit Naturstrom und Erdgas"},"content":{"rendered":"<p>\u201eEin starkes Zeichen f\u00fcr den Klimaschutz\u201c, betont Landrat Andreas M\u00fcller, der das Ziel ausgegeben hat, dass die Kreisverwaltung bis 2030 klimaneutraler Arbeitgeber wird. Ein wichtiger Schritt dahin ist die Zusammenarbeit mit den Siegener Versorgungsbetrieben (SVB).<\/p>\n<p>Seit Jahresbeginn bezieht der Kreis Siegen-Wittgenstein 100% \u00d6kostrom von der SVB. Beliefert werden neben den Geb\u00e4uden und Institutionen der Kreisverwaltung auch kreisweite Einrichtungen wie die S\u00fcdwestfalen IT, das Kreisklinikum Siegen, die Klinikservice Siegerland GmbH, die KSW Kreisbahn Siegen-Wittgenstein GmbH und die Berufskollegs in Siegen-Wittgenstein.<\/p>\n<p>\u201eEs ist einfach ein sch\u00f6nes Gef\u00fchl zu wissen, dass der Strom, den wir als Kreisverwaltung verbrauchen, ausschlie\u00dflich aus regenerativen Quellen stammt. Mit den SVB haben wir einen zuverl\u00e4ssigen regionalen Partner an unserer Seite\u201c, so Landrat Andreas M\u00fcller.<\/p>\n<p>Nun \u00fcbergab SVB-Gesch\u00e4ftsf\u00fchrer Thomas Mehrer offiziell das hauseigene Zertifikat f\u00fcr die \u00d6kostromversorgung an den Beh\u00f6rdenleiter. Bei einer Abnahmemenge von \u00fcber 60.000 MWh Strom w\u00e4hrend der gesamten Vertragslaufzeit kann sich die daraus resultierende CO<sub>2<\/sub>-Einsparung durchaus sehen lassen: bis 2023 werden die CO<sub>2<\/sub>-Emissionen im Kreisgebiet durch den \u00d6kostrombezug insgesamt um mehr als 31.000 Tonnen reduziert.<\/p>\n<p>Die Siegener Versorgungsbetriebe hatten im Rahmen einer europaweiten Ausschreibung den Zuschlag des Kreises Siegen-Wittgenstein f\u00fcr die Belieferung mit Strom erhalten. \u201eUnser Ziel ist es f\u00fcr die Menschen in der Region ein leistungsstarker Partner zu sein und sowohl Haushalts- als auch Gro\u00df- und Gewerbekunden sicher und zuverl\u00e4ssig mit Naturstrom und Erdgas zu versorgen\u201c, so Thomas Mehrer. Die SVB beliefern ihre Kunden generell ausschlie\u00dflich mit \u00d6kostrom. Auch bei dieser Ausschreibung ist man hiervon nicht abgewichen.<\/p>\n<p>Text und Foto: <a href=\"https:\/\/www.siegen-wittgenstein.de\/\" target=\"_blank\" rel=\"noopener noreferrer\">Kreis Siegen-Wittgenstein<\/a><\/p>\n<p><strong>\u00a0<\/strong><\/p>\n<p>&nbsp;<\/p>\n","protected":false},"excerpt":{"rendered":"<p>\u201eEin starkes Zeichen f\u00fcr den Klimaschutz\u201c, betont Landrat Andreas M\u00fcller, der das Ziel ausgegeben hat, dass die Kreisverwaltung bis 2030 klimaneutraler Arbeitgeber wird. Ein wichtiger&#8230;<\/p>\n","protected":false},"author":6,"featured_media":20042,"comment_status":"open","ping_status":"open","sticky":false,"template":"","format":"standard","meta":{"_jetpack_newsletter_access":"","_jetpack_dont_email_post_to_subs":false,"_jetpack_newsletter_tier_id":0,"_jetpack_memberships_contains_paywalled_content":false,"_jetpack_feature_clip_id":0,"_jetpack_memberships_contains_paid_content":false,"footnotes":"","jetpack_post_was_ever_published":false},"categories":[32,30,10],"tags":[],"class_list":["post-20041","post","type-post","status-publish","format-standard","has-post-thumbnail","hentry","category-infos","category-vermischtes","category-unternehmen"],"jetpack_sharing_enabled":true,"jetpack_featured_media_url":"https:\/\/www.vdsm.net\/wronline\/wp-content\/uploads\/2020\/08\/Oekostrom_Pressebild_WEB.jpg","_links":{"self":[{"href":"https:\/\/www.vdsm.net\/wronline\/wp-json\/wp\/v2\/posts\/20041","targetHints":{"allow":["GET"]}}],"collection":[{"href":"https:\/\/www.vdsm.net\/wronline\/wp-json\/wp\/v2\/posts"}],"about":[{"href":"https:\/\/www.vdsm.net\/wronline\/wp-json\/wp\/v2\/types\/post"}],"author":[{"embeddable":true,"href":"https:\/\/www.vdsm.net\/wronline\/wp-json\/wp\/v2\/users\/6"}],"replies":[{"embeddable":true,"href":"https:\/\/www.vdsm.net\/wronline\/wp-json\/wp\/v2\/comments?post=20041"}],"version-history":[{"count":1,"href":"https:\/\/www.vdsm.net\/wronline\/wp-json\/wp\/v2\/posts\/20041\/revisions"}],"predecessor-version":[{"id":20043,"href":"https:\/\/www.vdsm.net\/wronline\/wp-json\/wp\/v2\/posts\/20041\/revisions\/20043"}],"wp:featuredmedia":[{"embeddable":true,"href":"https:\/\/www.vdsm.net\/wronline\/wp-json\/wp\/v2\/media\/20042"}],"wp:attachment":[{"href":"https:\/\/www.vdsm.net\/wronline\/wp-json\/wp\/v2\/media?parent=20041"}],"wp:term":[{"taxonomy":"category","embeddable":true,"href":"https:\/\/www.vdsm.net\/wronline\/wp-json\/wp\/v2\/categories?post=20041"},{"taxonomy":"post_tag","embeddable":true,"href":"https:\/\/www.vdsm.net\/wronline\/wp-json\/wp\/v2\/tags?post=20041"}],"curies":[{"name":"wp","href":"https:\/\/api.w.org\/{rel}","templated":true}]}}