{"id":2004,"date":"2014-06-17T14:21:57","date_gmt":"2014-06-17T12:21:57","guid":{"rendered":"http:\/\/www.vdsm.net\/wronline\/?p=2004"},"modified":"2014-06-17T14:24:41","modified_gmt":"2014-06-17T12:24:41","slug":"125-jahre-vetter-krantechnik-vom-bergbau-an-die-spitze-des-kranbaus","status":"publish","type":"post","link":"https:\/\/www.vdsm.net\/wronline\/125-jahre-vetter-krantechnik-vom-bergbau-an-die-spitze-des-kranbaus\/","title":{"rendered":"Vom Bergbau an die Spitze des Kranbaus: 125 Jahre Vetter Krantechnik"},"content":{"rendered":"<div id=\"attachment_2005\" style=\"width: 310px\" class=\"wp-caption alignleft\"><a href=\"http:\/\/www.vdsm.net\/wronline\/wp-content\/uploads\/2014\/06\/Vetter-Krantechnik_002.jpg\"><img loading=\"lazy\" decoding=\"async\" aria-describedby=\"caption-attachment-2005\" class=\"size-medium wp-image-2005\" src=\"http:\/\/www.vdsm.net\/wronline\/wp-content\/uploads\/2014\/06\/Vetter-Krantechnik_002-300x125.jpg\" alt=\"Das neue Werk der Vetter Krantechnik in Haiger.\" width=\"300\" height=\"125\" srcset=\"https:\/\/www.vdsm.net\/wronline\/wp-content\/uploads\/2014\/06\/Vetter-Krantechnik_002-300x125.jpg 300w, https:\/\/www.vdsm.net\/wronline\/wp-content\/uploads\/2014\/06\/Vetter-Krantechnik_002.jpg 800w\" sizes=\"auto, (max-width: 300px) 100vw, 300px\" \/><\/a><p id=\"caption-attachment-2005\" class=\"wp-caption-text\">Das neue Werk der Vetter Krantechnik in Haiger.<\/p><\/div>\n<p>Die Vetter Krantechnik GmbH aus Siegen hat Grund zum Feiern: Das auf die Herstellung von Schwenkkranen spezialisierte Unternehmen blickt auf eine 125-j\u00e4hrige Geschichte zur\u00fcck. Das Erfolgsrezept des Unternehmens ist laut Seniorchef Klaus Th. Vetter die stete Investition in Forschung und Entwicklung, eine gesunde und schrittweise Expansion sowie das Know-how der langj\u00e4hrigen Mitarbeiter.<\/p>\n<p>Dabei liegen die Anf\u00e4nge des Familienbetriebes nicht im Kranbereich sondern im Bergbau. Im Jahr 1889 gr\u00fcndete der damals 23-j\u00e4hrige Schmiedemeister Arnold Vetter, nachdem er seinen Milit\u00e4rdienst absolviert hatte, die \u201eArnold Vetter \u2013 Fabrik f\u00fcr Eisenkonstruktionen\u201c in Siegen-Eiserfeld und legte damit den Grundstein zur Fertigung von Schachtf\u00f6rder-Einrichtungen f\u00fcr den Erzbergbau, den es damals in der Sieg-Lahn-Dill-Region noch gab. Stand in den Anf\u00e4ngen die Reparatur von \u201eGrubengez\u00e4he&#8220;, dem Handwerkszeug der Bergleute, im Vordergrund, dehnten sich die Reparaturen sehr schnell auf gr\u00f6\u00dfere bergm\u00e4nnische Arbeiten aus, insbesondere auf die Instandsetzung von F\u00f6rderwagen. H\u00f6hepunkt des Gesch\u00e4ftserfolgs war die Entwicklung eines kippbaren F\u00f6rderwagens, der sogenannten \u201eKipplore&#8220;. Von diesem produzierte Vetter in den n\u00e4chsten Jahrzehnten in genieteter Ausf\u00fchrung 48.000 St\u00fcck. In den sp\u00e4teren Jahren erweiterte Vetter das Fertigungsprogramm um Schachtf\u00f6rder-Einrichtungen, haupts\u00e4chlich F\u00f6rderk\u00f6rbe aller Gr\u00f6\u00dfenordnungen, die \u00fcber einen eigenen Gleisanschluss verladen wurden und erwarb sich im Laufe der Jahre einen hervorragenden Ruf als kompetenter und zuverl\u00e4ssiger Partner des Bergbaus.<\/p>\n<div id=\"attachment_2007\" style=\"width: 310px\" class=\"wp-caption alignleft\"><a href=\"http:\/\/www.vdsm.net\/wronline\/wp-content\/uploads\/2014\/06\/Vetter-Krantechnik_004.jpg\"><img loading=\"lazy\" decoding=\"async\" aria-describedby=\"caption-attachment-2007\" class=\"size-medium wp-image-2007\" src=\"http:\/\/www.vdsm.net\/wronline\/wp-content\/uploads\/2014\/06\/Vetter-Krantechnik_004-300x225.jpg\" alt=\"Vetter ist heute Marktf\u00fchrer bei flexibel einsetzbaren Schwenkkranen.\" width=\"300\" height=\"225\" srcset=\"https:\/\/www.vdsm.net\/wronline\/wp-content\/uploads\/2014\/06\/Vetter-Krantechnik_004-300x225.jpg 300w, https:\/\/www.vdsm.net\/wronline\/wp-content\/uploads\/2014\/06\/Vetter-Krantechnik_004.jpg 600w\" sizes=\"auto, (max-width: 300px) 100vw, 300px\" \/><\/a><p id=\"caption-attachment-2007\" class=\"wp-caption-text\">Vetter ist heute Marktf\u00fchrer bei flexibel einsetzbaren Schwenkkranen.<\/p><\/div>\n<p>Mit dem Niedergang des europ\u00e4ischen Bergbaus in den 60er-Jahren musste sich Vetter umorientieren. Inzwischen hatte Klaus Th. Vetter im Jahr 1962, in dritter Generation, die Nachfolge seines Onkels Albert Vetter angetreten. Zu seinen ersten Aufgaben geh\u00f6rte die konsequente Umstrukturierung des Betriebes. Zu diesem Zeitpunkt war die Belegschaft von ehemals 80 Mitarbeitern auf nur noch 25 Mitarbeiter zusammengeschrumpft. Als \u201eharte Jahre\u201c beschreibt Klaus Th. Vetter, der damals gerade 23 Jahre alt war, seinen Einstieg in den Betrieb. \u201eWir brauchten dringend neue Produktideen, entwickelten die ersten eigenen Werkstattkrane, und in der Schmiede wurden die ersten Gabelzinken f\u00fcr Gabelstapler hergestellt. Nach anf\u00e4nglichen Schwierigkeiten bei beiden Produkten konnten wir ab dem Jahr 1964 die ersten Erfolge verbuchen. Als Nobody in den M\u00e4rkten Krane und Hebezeuge und auch in der Gabelstaplerbranche taten wir uns in den ersten Jahren sehr schwer.\u201c<\/p>\n<p>Dass es stetig aufw\u00e4rts ging, ist auch den innovativen und einsatzfreudigen Mitarbeitern zu verdanken, die in Krisenzeiten zum Unternehmen standen. Im Laufe der Jahre wurde der Firmensitz permanent ausgebaut. Halle um Halle entstand, Grundst\u00fccke und Altimmobilien mussten dazu gekauft werden, und die Mitarbeiterzahl stieg bis 1989 auf \u00fcber 200 an.<\/p>\n<p>Nach der Aufspaltung des Unternehmens im Jahr 1991 in die Einzelgesellschaften Vetter Krantechnik GmbH, Vetter Kranservice GmbH und Vetter Umformtechnik GmbH entwickelte sich die Gruppe rasant weiter und wird inzwischen sowohl bei Krananlagen als auch bei Gabelzinken weltweit als einer der f\u00fchrenden Anbieter wahrgenommen. Im Rahmen der Nachfolgeregelung wurden 2013 alle Anteile der Vetter Umformtechnik an Arnold Vetter, Urenkel des Gr\u00fcnders, der bereits seit 1991 in der Unternehmensleitung t\u00e4tig ist, \u00fcbertragen.Die Vetter Krantechnik GmbH und die Vetter Kranservice GmbH geh\u00f6ren unter dem Dach der Vetter Holding GmbH weiterhin zum Familienstamm Klaus Th. Vetter und werden durch Fremdgesch\u00e4ftsf\u00fchrer geleitet. Alle Unternehmen sind dank hoher Spezialisierung international f\u00fchrend auf ihren Fachgebieten.<\/p>\n<p>Da der bestehende Fertigungsstandort f\u00fcr eine weitere Expansion zu wenig Platz bot, wurde im Jahre 1990 der Grundstein f\u00fcr das neue Gabelzinkenwerk in Burbach, Kreis Siegen gelegt und dieser Bereich ausgegliedert. \u201eMit der verbleibenden Vetter Krantechnik stie\u00df man am alten Standort im Jahre 2005 bereits wieder an die Kapazit\u00e4tsgrenze und suchte nach neuen Ausdehnungsm\u00f6glichkeiten\u201c, so Klaus Vetter. Besch\u00e4ftigt wurden zu diesem Zeitpunkt in der Unternehmensgruppe \u00fcber 400 Mitarbeiter.<\/p>\n<p>Aus diesem Grunde entschieden sich die Gesellschafter im Jahr 2005, in Haiger\/Dillkreis unmittelbar an der Autobahn A 45 einen neuen Standort f\u00fcr die Krantechnik zu errichten. In wenigen Jahren wurde hier einer der modernsten Fertigungsbetriebe f\u00fcr die Krantechnik gebaut, in dem j\u00e4hrlich \u00fcber 4.000 Werkstattkrane hergestellt werden. F\u00fcr die beiden Familienunternehmen Vetter arbeiten heute an den Standorten Burbach und Haiger \u00fcber 600 Mitarbeiter.<\/p>\n<p>\u201eWir haben uns \u00fcber Jahrzehnte zum Spezialisten f\u00fcr Schwenkkrane etabliert\u201c, erl\u00e4utert Klaus Th. Vetter. \u201eNachdem wir fr\u00fcher sehr viele Produkte der F\u00f6rder- und Hebetechnik hergestellt haben, kam Mitte der 80er-Jahre die Erkenntnis, dass wir uns st\u00e4rker spezialisieren m\u00fcssen \u2013 auf ein oder zwei Produkte.\u201c So kam es zu der Fokussierung auf Gabelzinken auf der einen und Schwenkkrane auf der anderen Seite. Just zu diesem Zeitpunkt hat Vetter Krantechnik auch ein Komponentensystem entwickelt. \u201eWir fertigen nicht einen einzelnen Schwenkkran, sondern dieser wird \u2013 \u00e4hnlich wie in der Automobilindustrie \u2013 aus vorgefertigten Komponenten zusammengebaut\u201c, erkl\u00e4rt Klaus Th. Vetter. \u201eHinzu kommt, dass wir weltweit Lizenznehmer haben, die auf unsere Komponenten zur\u00fcckgreifen, so dass wir diese in hohen St\u00fcckzahlen kosteng\u00fcnstig herstellen k\u00f6nnen.\u201c Das gesamte Schwenkkranprogramm ist als Baukastensystem aufgebaut. Bis zum Jahr 2013 hat das Unternehmen \u00fcber 75.000 Schwenkkrane hergestellt, unter Einschluss der Lizenznehmer sind nach dem System Vetter sogar \u00fcber 100.000 Schwenkkrane produziert worden. Schwenkkrane tragen heute zirka 70 Prozent zum Umsatz der Vetter Krantechnik bei.<\/p>\n<p>Neben der Produktion von Standardkranen hat sich Vetter die F\u00e4higkeit zur Spezialisierung bewahrt und bietet auch Schwenkkrantechnik f\u00fcr sehr anspruchsvolle Anforderungen an, wie zum Beispiel f\u00fcr die \u00d6l-, Gas- und Offshore-Industrie. Auch im Ex-Schutz-Bereich ist Vetter f\u00fchrend. \u201eDurch unsere gro\u00dfe Kompetenz k\u00f6nnen wir die Sonderw\u00fcnsche unserer Kunden gut erf\u00fcllen. Dies verschafft uns enorme Wettbewerbsvorteile\u201c, freut sich Sven G. Killmer, Gesch\u00e4ftsf\u00fchrer bei der Vetter Krantechnik. \u201eGerade im Ex-Schutz-Bereich z\u00e4hlen wir zu den Spezialisten am Markt und besitzen die entsprechenden Zulassungen, um Krane f\u00fcr explosionsgef\u00e4hrdete Bereiche zu fertigen.\u201c<\/p>\n<div id=\"attachment_2006\" style=\"width: 310px\" class=\"wp-caption alignleft\"><a href=\"http:\/\/www.vdsm.net\/wronline\/wp-content\/uploads\/2014\/06\/Vetter-Krantechnik_006.jpg\"><img loading=\"lazy\" decoding=\"async\" aria-describedby=\"caption-attachment-2006\" class=\"size-medium wp-image-2006\" src=\"http:\/\/www.vdsm.net\/wronline\/wp-content\/uploads\/2014\/06\/Vetter-Krantechnik_006-300x199.jpg\" alt=\"Im Bild ein Rotomax Lastwendeger\u00e4t im Einsatz.\" width=\"300\" height=\"199\" srcset=\"https:\/\/www.vdsm.net\/wronline\/wp-content\/uploads\/2014\/06\/Vetter-Krantechnik_006-300x200.jpg 300w, https:\/\/www.vdsm.net\/wronline\/wp-content\/uploads\/2014\/06\/Vetter-Krantechnik_006-150x100.jpg 150w, https:\/\/www.vdsm.net\/wronline\/wp-content\/uploads\/2014\/06\/Vetter-Krantechnik_006.jpg 700w\" sizes=\"auto, (max-width: 300px) 100vw, 300px\" \/><\/a><p id=\"caption-attachment-2006\" class=\"wp-caption-text\">Im Bild ein Rotomax Lastwendeger\u00e4t im Einsatz.<\/p><\/div>\n<p>Auch mit den neu ins Programm genommenen Profi-Kransystemen und den Lastwendeger\u00e4ten Rotomax will der Kranbauer weiter wachsen. \u201eDer Rotomax ist eine sehr spezielle und gefragte Kundenl\u00f6sung. Auf diesem Sektor haben wir inzwischen 30 Jahre Erfahrung aufgebaut, die von unseren Kunden sehr gesch\u00e4tzt wird\u201c, erkl\u00e4rt Sven G. Killmer. Die Rotomax-Lastwendeger\u00e4te mit Tragf\u00e4higkeiten bis 200 Tonnen wurden f\u00fcr das Drehen von schweren und sperrigen Teilen konzipiert, wie zum Beispiel Motorbl\u00f6cke, Gie\u00dfk\u00e4sten oder Rotorbl\u00e4tter f\u00fcr die Windkraftindustrie.<\/p>\n<p>Vetter-Produkte werden weltweit vertrieben und erf\u00fcllen internationale technische Standards. Vetter Krantechnikarbeitet im europ\u00e4ischen Ausland und in \u00dcbersee mit Partner-Hebezeug-Firmen zusammen. \u201eWir beliefern unsere Partner mit sehr guter Schwenkkrantechnik und setzen auf langj\u00e4hrige Partnerschaften. Teilweise bieten wir auch Lizenzfertigungen an\u201c, so Klaus Th. Vetter. \u201eUnsere Partnerfirmen k\u00f6nnen so ihr Portfolio erweitern und sich in den jeweiligen M\u00e4rkten etablieren.\u201c Mit dem Vetter-Kran-Konfigurator bietet der Kranhersteller seinen Partnern im In- und Ausland zudem eine Plattform, mit welcher \u00fcber das Internet ein Kran nach den speziellen Anforderungen des Kunden konfiguriert werden kann.<\/p>\n<p>Bei der Kran-Fertigung haben die Themen Umweltschutz und Energieeffizienz f\u00fcr den Kranbauer eine hohe Priorit\u00e4t. \u201eWir verarbeiten zum Beispiel bei 95 Prozent unserer Krane ausschlie\u00dflich wasserl\u00f6sliche Lacke\u201c, erl\u00e4utert Dipl.-Ing. Werner Tru\u00df, seit vielen Jahren Technischer Leiter bei Vetter und Mitglied der Gesch\u00e4ftsleitung. Zudem spielt die Energieeffizienz in der Produktion eine gro\u00dfe Rolle. \u201eBei Zulieferteilen, wie Elektroketten- und -seilz\u00fcgen haben wir nur bedingt Einfluss, da dies immer mit den Herstellern von Elektrokettenz\u00fcgen einhergeht\u201c, so Werner Tru\u00df. \u201eDoch viele kleine Verbesserungen an unseren Kranen tragen oftmals schon zur Steigerung der Effizienz bei.\u201c Ein Meilenstein war auch die Verd\u00fcbelung der Krane direkt auf dem Hallenboden, wodurch Kunden sich aufw\u00e4ndige Fundamentarbeiten ersparen k\u00f6nnen. Dies sei nat\u00fcrlich an bestimmte Voraussetzungen gebunden, so der Kranspezialist, welche bei modernen Hallenb\u00f6den aber meist gegeben sind. Ein wichtiger Trend ist auch die kabellose Funkfernsteuerung f\u00fcr gr\u00f6\u00dfere Schwenkkrane und besonders bei Rotomax-Lastwendeger\u00e4ten. Unter Sicherheitsaspekten ist diese f\u00fcr Bediener ein gro\u00dfer Schritt nach vorne.<\/p>\n<p>Auch in Sachen Service hat Vetter Krantechnik die Nase vorn. Vertriebs- und Serviceniederlassungen stehen deutschlandweit den Kunden vor Ort zur Seite. Dies ist bei anspruchsvollen Projekten sehr wichtig. Gerade bei den Profi-Kransystemen, die oftmals um eine Maschine herum gebaut werden, ist das Aufma\u00df des Technikers vor Ort entscheidend. \u201eWir liefern und montieren auf Wunsch schl\u00fcsselfertig und bieten dar\u00fcber hinaus mit unserem Tochterunternehmen, der Vetter-Kranservice, auch sp\u00e4ter ein umfassendes Serviceangebot\u201c, sagt Dipl.-Ing<em>.<\/em> Werner Tru\u00df. Die Vetter Kranservice GmbH ist als eigenst\u00e4ndiges Service-Unternehmen der Vetter Krantechnik und Gr\u00fcndungsmitglied der \u201eG\u00fctegemeinschaft Kranservice e. V.\u201c verantwortlich f\u00fcr die Wartung, den Service, die Funktionalit\u00e4t und Sicherheit von Krananlagen, Hebezeugen und Lastaufnahmemitteln. Zum Leistungsspektrum geh\u00f6ren unter anderem Wiederholungspr\u00fcfungen nach UVV gem\u00e4\u00df BGV D6, D8 und BGG 905, RLD Restlebensdauerermittlungen, Ersatzteilversorgung und Zubeh\u00f6rverkauf, General\u00fcberholung von Hebezeugen, Montagen von Krananlagen, Isolationsmessungen nach BGV A3, Modernisierungen und Erweiterungen sowie Kranf\u00fchrer- und Service-Schulungen.<\/p>\n<p>Die Vetter Krantechnik ist auch f\u00fcr die Zukunft gut aufgestellt. Mit der im letzten Jahr begonnenen und in diesem Jahr abgeschlossenen Kapazit\u00e4tserweiterung am Standort Haiger hat der Kranspezialist die Weichen f\u00fcr weiteres Wachstum gestellt. Die Produktionsfl\u00e4che im neuen Werk wurde auf 12.500 Quadratmeter ausgebaut. Vetter erweiterte die moderne Fertigung um ein Rohmateriallager mit Magnetkran, eine Stahlkies-Entrostungsanlage sowie um ein neues S\u00e4gezentrum mit Querf\u00f6rderer. In den Fertigungsfluss wurden zudem moderne Roboter f\u00fcr die S\u00e4ulen- und Auslegerfertigung sowie ein Rohrschneidzentrum integriert. Die automatisierten, roboterunterst\u00fctzten Fertigungsabl\u00e4ufe, ein erfahrener Mitarbeiterstamm sowie die gut geplante Intralogistik bis hin zum Versand sollen f\u00fcr effiziente Abl\u00e4ufe und hohe Qualit\u00e4tsstandards bei der Fertigung von standardisierten Schwenkkran- und Portal-Kransystemen sorgen. Mit der Fertigstellung der letzten Hallen wird die Kranfertigung noch in diesem Jahr komplett auf den Standort Haiger konzentriert. Dazu verl\u00e4sst das Unternehmen den Standort Siegen-Eiserfeld. \u201eMit Wehmut im Herzen\u201c, sagt Klaus Th. Vetter, \u201everlassen wir den alten Standort Eiserfeld, an dem das Unternehmen Vetter 125 Jahre lang ans\u00e4ssig und dem Ort eng verbunden war.\u201c Doch er freut sich auch auf die Aufgaben, die vor ihm liegen: \u201eWir k\u00f6nnen mit unseren Produkten zuversichtlich in die Zukunft sehen. Zumal inzwischen der Bedarf nach Vetter-L\u00f6sungen deutlich angestiegen ist. Mit unserem neuen Standort in Haiger sind wir f\u00fcr die Zukunft gut aufgestellt\u201c, so Klaus Th. Vetter. \u201eGerade im Export sehen wir gro\u00dfes Wachstumspotenzial. Die Re-Industrialisierung ist in vielen L\u00e4ndern gestoppt, und wir erf\u00fcllen mit unseren modernen Produkten, den effizienten Fertigungseinrichtungen und dem hohen Qualit\u00e4tsstandard optimal die Marktanforderungen.\u201c<\/p>\n<p>Weitere Informationen erhalten Sie unter <a href=\"http:\/\/www.vetter-krane.de\" target=\"_blank\">www.vetter-krane.de<\/a><\/p>\n","protected":false},"excerpt":{"rendered":"<p>Die Vetter Krantechnik GmbH aus Siegen hat Grund zum Feiern: Das auf die Herstellung von Schwenkkranen spezialisierte Unternehmen blickt auf eine 125-j\u00e4hrige Geschichte zur\u00fcck. Das&#8230;<\/p>\n","protected":false},"author":2,"featured_media":2005,"comment_status":"open","ping_status":"open","sticky":false,"template":"","format":"standard","meta":{"_jetpack_memberships_contains_paid_content":false,"footnotes":""},"categories":[1],"tags":[],"class_list":["post-2004","post","type-post","status-publish","format-standard","has-post-thumbnail","hentry","category-aktuell"],"jetpack_featured_media_url":"https:\/\/www.vdsm.net\/wronline\/wp-content\/uploads\/2014\/06\/Vetter-Krantechnik_002.jpg","jetpack_sharing_enabled":true,"_links":{"self":[{"href":"https:\/\/www.vdsm.net\/wronline\/wp-json\/wp\/v2\/posts\/2004","targetHints":{"allow":["GET"]}}],"collection":[{"href":"https:\/\/www.vdsm.net\/wronline\/wp-json\/wp\/v2\/posts"}],"about":[{"href":"https:\/\/www.vdsm.net\/wronline\/wp-json\/wp\/v2\/types\/post"}],"author":[{"embeddable":true,"href":"https:\/\/www.vdsm.net\/wronline\/wp-json\/wp\/v2\/users\/2"}],"replies":[{"embeddable":true,"href":"https:\/\/www.vdsm.net\/wronline\/wp-json\/wp\/v2\/comments?post=2004"}],"version-history":[{"count":2,"href":"https:\/\/www.vdsm.net\/wronline\/wp-json\/wp\/v2\/posts\/2004\/revisions"}],"predecessor-version":[{"id":2009,"href":"https:\/\/www.vdsm.net\/wronline\/wp-json\/wp\/v2\/posts\/2004\/revisions\/2009"}],"wp:featuredmedia":[{"embeddable":true,"href":"https:\/\/www.vdsm.net\/wronline\/wp-json\/wp\/v2\/media\/2005"}],"wp:attachment":[{"href":"https:\/\/www.vdsm.net\/wronline\/wp-json\/wp\/v2\/media?parent=2004"}],"wp:term":[{"taxonomy":"category","embeddable":true,"href":"https:\/\/www.vdsm.net\/wronline\/wp-json\/wp\/v2\/categories?post=2004"},{"taxonomy":"post_tag","embeddable":true,"href":"https:\/\/www.vdsm.net\/wronline\/wp-json\/wp\/v2\/tags?post=2004"}],"curies":[{"name":"wp","href":"https:\/\/api.w.org\/{rel}","templated":true}]}}