{"id":20032,"date":"2020-08-20T11:32:24","date_gmt":"2020-08-20T09:32:24","guid":{"rendered":"https:\/\/www.vdsm.net\/wronline\/?p=20032"},"modified":"2020-08-20T11:32:24","modified_gmt":"2020-08-20T09:32:24","slug":"cyber-angriff-auf-tracto-technik-gmbh","status":"publish","type":"post","link":"https:\/\/www.vdsm.net\/wronline\/cyber-angriff-auf-tracto-technik-gmbh\/","title":{"rendered":"Cyber-Angriff auf Tracto-Technik GmbH"},"content":{"rendered":"<p>Die Firma Tracto-Technik in Lennestadt war in der vergangenen Woche das Ziel einer Cyber-Attacke. Woher die Angreifer kamen ist noch nicht klar, Polizei und Staatsanwaltschaft ermitteln noch. Verbunden mit dem Angriff auf die Rechnersysteme des Unternehmens war auch ein Erpressungsversuch.<\/p>\n<p>Nach Angaben des Unternehmens arbeiten alle internen und externen IT-Teams der TRACTO-TECHNIK seit letzter Woche konzentriert an der Wiederherstellung des IT-Systems. Die forensischen Aktivit\u00e4ten sind abgeschlossen und die Wege, \u00fcber die der Angriff erfolgte, konnte nachvollzogen und potentielle Hintert\u00fcren konnten geschlossen werden. Die Strafverfolgungsbeh\u00f6rden arbeiten unabh\u00e4ngig an der Aufkl\u00e4rung und Verfolgung.<\/p>\n<p>Der Wiederanlauf des IT-Betriebes ist aktuell in vollem Gange. Die Kernsysteme zur Aufrechterhaltung der Produktion und der Wertsch\u00f6pfungsketten zu Kunden und Lieferanten sind wieder stabil und die Mitarbeiter gleichen durch ihr hohes pers\u00f6nliches Engagement und ihren Ideenreichtum alle Engp\u00e4sse in Bezug auf verbleibende Performanceeinbu\u00dfen aus. Die Systeme zur Kommunikation \u00fcber E-Mail werden aktuell gepr\u00fcft und sukzessive wieder frei gegeben, so das Unternehmen auf seiner Homepage.<\/p>\n<p>Und weiter: &#8222;Sollten personenbezogene Daten abgeflossen sein, so informieren wir die betroffenen Personen und Institutionen individuell. Aktuell k\u00f6nnen wir dazu keine genauen Angaben machen, weil die Analysen noch keine verwertbaren Ergebnisse ergeben haben.&#8220;<\/p>\n<p>Das Unternehmen nutzt die Situation, um trotz des bereits hohen Reifegrads seiner IT und seiner digitalen Kompetenz im Rahmen des Wiederanlaufs eine noch weiter verbesserte Infrastruktur und intensivere Nutzung von Cloud-Services voranzutreiben. Die Experten sind sich sicher, dass der Angriff milder verlaufen w\u00e4re, wenn hochsichere Cloudservices bei den betroffenen Systemen im Einsatz gewesen w\u00e4ren. Das best\u00e4rkt uns in unserer \u201eCloud-First\u201c-Strategie.<\/p>\n<p><strong>Zum Unternehmen<\/strong><\/p>\n<p>TRACTO-TECHNIK entwickelt, produziert und vertreibt Maschinen und Zubeh\u00f6r f\u00fcr die unterirdische Verlegung und Erneuerung von Rohrleitungen. Diese grabenlose NODIG-Technik findet Anwendung beim Bau von Leitungsnetzen f\u00fcr Wasser, Gas, Strom, Telekommunikation, Fernw\u00e4rme, bei der Glasfaserkabelvernetzung, im Pipelinebau sowie in der Abwasserentsorgung. Die Kunden f\u00fcr diese Spezialmaschinen kommen haupts\u00e4chlich aus dem Bereich Tiefbau und Spezialtiefbau, aber auch Versorger und Netzbetreiber z\u00e4hlen dazu.<\/p>\n<p>Infos: <a href=\"https:\/\/www.tracto-technik.de\/\" target=\"_blank\" rel=\"noopener noreferrer\">Tracto-Technik GmbH &amp; Co. KG<\/a><\/p>\n","protected":false},"excerpt":{"rendered":"<p>Die Firma Tracto-Technik in Lennestadt war in der vergangenen Woche das Ziel einer Cyber-Attacke. Woher die Angreifer kamen ist noch nicht klar, Polizei und Staatsanwaltschaft&#8230;<\/p>\n","protected":false},"author":2,"featured_media":11451,"comment_status":"open","ping_status":"open","sticky":false,"template":"","format":"standard","meta":{"_jetpack_newsletter_access":"","_jetpack_dont_email_post_to_subs":false,"_jetpack_newsletter_tier_id":0,"_jetpack_memberships_contains_paywalled_content":false,"_jetpack_feature_clip_id":0,"_jetpack_memberships_contains_paid_content":false,"footnotes":"","jetpack_post_was_ever_published":false},"categories":[32,30,10],"tags":[],"class_list":["post-20032","post","type-post","status-publish","format-standard","has-post-thumbnail","hentry","category-infos","category-vermischtes","category-unternehmen"],"jetpack_sharing_enabled":true,"jetpack_featured_media_url":"https:\/\/www.vdsm.net\/wronline\/wp-content\/uploads\/2018\/11\/TRACTO-TECHNIK_Einweihung_Logisitikzentrum_02_WEB.jpg","_links":{"self":[{"href":"https:\/\/www.vdsm.net\/wronline\/wp-json\/wp\/v2\/posts\/20032","targetHints":{"allow":["GET"]}}],"collection":[{"href":"https:\/\/www.vdsm.net\/wronline\/wp-json\/wp\/v2\/posts"}],"about":[{"href":"https:\/\/www.vdsm.net\/wronline\/wp-json\/wp\/v2\/types\/post"}],"author":[{"embeddable":true,"href":"https:\/\/www.vdsm.net\/wronline\/wp-json\/wp\/v2\/users\/2"}],"replies":[{"embeddable":true,"href":"https:\/\/www.vdsm.net\/wronline\/wp-json\/wp\/v2\/comments?post=20032"}],"version-history":[{"count":2,"href":"https:\/\/www.vdsm.net\/wronline\/wp-json\/wp\/v2\/posts\/20032\/revisions"}],"predecessor-version":[{"id":20038,"href":"https:\/\/www.vdsm.net\/wronline\/wp-json\/wp\/v2\/posts\/20032\/revisions\/20038"}],"wp:featuredmedia":[{"embeddable":true,"href":"https:\/\/www.vdsm.net\/wronline\/wp-json\/wp\/v2\/media\/11451"}],"wp:attachment":[{"href":"https:\/\/www.vdsm.net\/wronline\/wp-json\/wp\/v2\/media?parent=20032"}],"wp:term":[{"taxonomy":"category","embeddable":true,"href":"https:\/\/www.vdsm.net\/wronline\/wp-json\/wp\/v2\/categories?post=20032"},{"taxonomy":"post_tag","embeddable":true,"href":"https:\/\/www.vdsm.net\/wronline\/wp-json\/wp\/v2\/tags?post=20032"}],"curies":[{"name":"wp","href":"https:\/\/api.w.org\/{rel}","templated":true}]}}