{"id":19916,"date":"2020-08-20T14:39:07","date_gmt":"2020-08-20T12:39:07","guid":{"rendered":"https:\/\/www.vdsm.net\/wronline\/?p=19916"},"modified":"2020-08-20T14:46:26","modified_gmt":"2020-08-20T12:46:26","slug":"kommunalwahl-ist-eine-chance-fuer-die-region","status":"publish","type":"post","link":"https:\/\/www.vdsm.net\/wronline\/kommunalwahl-ist-eine-chance-fuer-die-region\/","title":{"rendered":"Kommunalwahl ist eine Chance f\u00fcr die Region"},"content":{"rendered":"<p>Die Kommunalwahl am 13. September steht in Zeiten von Corona unter ganz besonderen Vorzeichen. Vor dem Hintergrund der Pandemie wird der Wahlkampf anders als gewohnt ablaufen. \u201eUmso mehr sind wir als regionaler Arbeitgeberverband gefordert, die wirtschaftspolitischen Herausforderungen in den Blick zu nehmen, vor denen Gemeinden und Landkreise jetzt stehen. Die Gemeinden und Landkreise sind die Heimat unserer Unternehmen\u201c, sagt Dr. Thorsten Doublet, Gesch\u00e4ftsf\u00fchrer der Arbeitgeberverb\u00e4nde Siegen-Wittgenstein. Zahlreiche f\u00fcr Wirtschaft und Industrie zentrale Rahmenbedingungen werden hier gestaltet. \u201eGerade in der Zeit der Corona-Krise ist es eine der dr\u00e4ngendsten Aufgaben der Kommunalpolitik, die heimische Wirtschaft zu st\u00e4rken\u201c, so der Verbandsgesch\u00e4ftsf\u00fchrer weiter. Daher sei der Erfolg des vor uns liegenden wirtschaftlichen Aufholprozesses von fundamentaler Bedeutung f\u00fcr die Zukunftsf\u00e4higkeit von Unternehmen und Arbeitspl\u00e4tzen in allen Regionen unseres Landes, auch in Siegen-Wittgenstein.<\/p>\n<p>Um die Rahmenbedingungen hierf\u00fcr in den einzelnen Regionen und Kommunen deutlich zu machen, hat das Institut der deutschen Wirtschaft K\u00f6ln (IW) im Auftrag von unternehmer nrw ein Studienprojekt zur Kommunalwahl 2020 in Nordrhein-Westfalen vorgelegt \u2013 das \u201eKommunalranking NRW 2020\u201c. Die Idee des Kommunalrankings ist es, die Standortbedingungen in den Kommunen in Nordrhein-Westfalen sowie deren Entwicklungen in den letzten f\u00fcnf Jahren vergleichend zu analysieren. Dazu werden anhand von 17 standortrelevanten Indikatoren aus den vier Themenbereichen Wirtschaft, Arbeiten, Wohnen und Lebensqualit\u00e4t sowohl alle 396 Kommunen in Nordrhein-Westfalen als auch bundesweit alle 10.554 Kommunen verglichen. Die Indikatoren sind zum einen in einem Niveau-Ranking zusammengefasst, das den aktuellen Stand der Standortqualit\u00e4t einer Kommune widerspiegelt und zum anderen in einem Dynamik-Ranking, das die Entwicklung der letzten f\u00fcnf Jahre abbildet. Dies erlaubt einen regionalen Benchmark-Vergleich auf einen Blick. \u00dcberdies lassen sich aus den detaillierten Ergebnissen der 17 Indikatoren St\u00e4rken und Herausforderungen der einzelnen Kommunen\u00a0identifizieren und daraus wirtschaftspolitische Handlungsfelder ableiten.<\/p>\n<p>Auf der Grundlage dieses \u201eKommunalranking NRW 2020\u201c werden wir als Arbeitgeberverb\u00e4nde Siegen-Wittgenstein in unserem Online-Magazin \u201eWirtschaft regional online\u201c sowie in unseren sozialen Netzwerken Facebook und Twitter in regelm\u00e4\u00dfigen Abst\u00e4nden einen Standortcheck aller elf Kommunen des Kreises Siegen-Wittgenstein zu den Themenfeldern Wirtschaft, Arbeit, Wohnen und Lebensqualit\u00e4t ver\u00f6ffentlichen. Erg\u00e4nzt werden diese Standortanalysen mit den Erwartungen der Wirtschaft an die zuk\u00fcnftige Entwicklung. Wir starten am Freitag, dem 21. August, mit dem Themenbereich Wirtschaft.<\/p>\n<p><strong>Themenbereiche und Indikatoren<\/strong><\/p>\n<p>Wirtschaft:<\/p>\n<ul>\n<li>Gewerbliche Breitbandversorgung (200 Mbits\/s)<\/li>\n<li>Gewerbesteuerhebes\u00e4tze<\/li>\n<li>Gemeindliche Steuerkraft<\/li>\n<li>Patentanmeldungen<\/li>\n<\/ul>\n<p>Arbeiten:<\/p>\n<ul>\n<li>Arbeitsplatzversorgung<\/li>\n<li>Besch\u00e4ftigungsrate Frauen<\/li>\n<li>Wanderung der 30- bis 50-J\u00e4hrigen<\/li>\n<\/ul>\n<p>Wohnen:<\/p>\n<ul>\n<li>Baugenehmigungen<\/li>\n<li>Wohnungsneubau<\/li>\n<li>Wohnfl\u00e4che<\/li>\n<li>Private Breitbandversorgung (50 Mbit\/s)<\/li>\n<\/ul>\n<p>Lebensqualit\u00e4t:<\/p>\n<ul>\n<li>Kaufkraft<\/li>\n<li>Wanderungen<\/li>\n<li>Altersquotient<\/li>\n<li>Pkw-Fahrtzeit zur n\u00e4chsten Autobahn<\/li>\n<li>Anteil der naturnahen Fl\u00e4chen<\/li>\n<li>Arztpraxendichte<\/li>\n<\/ul>\n<blockquote class=\"wp-embedded-content\" data-secret=\"BRStsZNFGX\"><p><a href=\"https:\/\/www.vdsm.net\/wronline\/kommunalwahl-2020-extrem-wichtig-fuer-weitere-entwicklung-des-wirtschaftsstandorts-nrw\/\">Kommunalwahl 2020 \u201eextrem wichtig\u201c f\u00fcr weitere Entwicklung des Wirtschaftsstandorts NRW<\/a><\/p><\/blockquote>\n<p><iframe loading=\"lazy\" class=\"wp-embedded-content\" sandbox=\"allow-scripts\" security=\"restricted\" style=\"position: absolute; clip: rect(1px, 1px, 1px, 1px);\" title=\"&#8222;Kommunalwahl 2020 \u201eextrem wichtig\u201c f\u00fcr weitere Entwicklung des Wirtschaftsstandorts NRW&#8220; &#8212; Wirtschaft regional online\" src=\"https:\/\/www.vdsm.net\/wronline\/kommunalwahl-2020-extrem-wichtig-fuer-weitere-entwicklung-des-wirtschaftsstandorts-nrw\/embed\/#?secret=unMjYDlBzk#?secret=BRStsZNFGX\" data-secret=\"BRStsZNFGX\" width=\"500\" height=\"282\" frameborder=\"0\" marginwidth=\"0\" marginheight=\"0\" scrolling=\"no\"><\/iframe><\/p>\n<p>https:\/\/www.unternehmer.nrw\/fileadmin\/Pressemitteilungen\/2020\/20-06-17_Wirtschaftspolit_Papier_zur_Kommunalwahl_NRW.pdf<\/p>\n","protected":false},"excerpt":{"rendered":"<p>Die Kommunalwahl am 13. September steht in Zeiten von Corona unter ganz besonderen Vorzeichen. Vor dem Hintergrund der Pandemie wird der Wahlkampf anders als gewohnt&#8230;<\/p>\n","protected":false},"author":6,"featured_media":19940,"comment_status":"open","ping_status":"open","sticky":false,"template":"","format":"standard","meta":{"_jetpack_newsletter_access":"","_jetpack_dont_email_post_to_subs":false,"_jetpack_newsletter_tier_id":0,"_jetpack_memberships_contains_paywalled_content":false,"_jetpack_feature_clip_id":0,"_jetpack_memberships_contains_paid_content":false,"footnotes":"","jetpack_post_was_ever_published":false},"categories":[1,32,37,30,11],"tags":[],"class_list":["post-19916","post","type-post","status-publish","format-standard","has-post-thumbnail","hentry","category-aktuell","category-infos","category-kommunalwahl-2020","category-vermischtes","category-regionale-wirtschaft"],"jetpack_sharing_enabled":true,"jetpack_featured_media_url":"https:\/\/www.vdsm.net\/wronline\/wp-content\/uploads\/2020\/08\/wronline-header-strukturana.jpg","_links":{"self":[{"href":"https:\/\/www.vdsm.net\/wronline\/wp-json\/wp\/v2\/posts\/19916","targetHints":{"allow":["GET"]}}],"collection":[{"href":"https:\/\/www.vdsm.net\/wronline\/wp-json\/wp\/v2\/posts"}],"about":[{"href":"https:\/\/www.vdsm.net\/wronline\/wp-json\/wp\/v2\/types\/post"}],"author":[{"embeddable":true,"href":"https:\/\/www.vdsm.net\/wronline\/wp-json\/wp\/v2\/users\/6"}],"replies":[{"embeddable":true,"href":"https:\/\/www.vdsm.net\/wronline\/wp-json\/wp\/v2\/comments?post=19916"}],"version-history":[{"count":3,"href":"https:\/\/www.vdsm.net\/wronline\/wp-json\/wp\/v2\/posts\/19916\/revisions"}],"predecessor-version":[{"id":20046,"href":"https:\/\/www.vdsm.net\/wronline\/wp-json\/wp\/v2\/posts\/19916\/revisions\/20046"}],"wp:featuredmedia":[{"embeddable":true,"href":"https:\/\/www.vdsm.net\/wronline\/wp-json\/wp\/v2\/media\/19940"}],"wp:attachment":[{"href":"https:\/\/www.vdsm.net\/wronline\/wp-json\/wp\/v2\/media?parent=19916"}],"wp:term":[{"taxonomy":"category","embeddable":true,"href":"https:\/\/www.vdsm.net\/wronline\/wp-json\/wp\/v2\/categories?post=19916"},{"taxonomy":"post_tag","embeddable":true,"href":"https:\/\/www.vdsm.net\/wronline\/wp-json\/wp\/v2\/tags?post=19916"}],"curies":[{"name":"wp","href":"https:\/\/api.w.org\/{rel}","templated":true}]}}