{"id":19893,"date":"2020-08-19T16:38:00","date_gmt":"2020-08-19T14:38:00","guid":{"rendered":"https:\/\/www.vdsm.net\/wronline\/?p=19893"},"modified":"2020-08-19T16:38:48","modified_gmt":"2020-08-19T14:38:48","slug":"stromkaesten-bei-dango-dienenthal-verschoenert","status":"publish","type":"post","link":"https:\/\/www.vdsm.net\/wronline\/stromkaesten-bei-dango-dienenthal-verschoenert\/","title":{"rendered":"Stromk\u00e4sten bei Dango &#038; Dienenthal versch\u00f6nert"},"content":{"rendered":"<p>Die Kunstwerke der Initiative \u201eSiegen sind wir \u2013 SI.gestalten\u201c zieren seit einiger Zeit die Stromk\u00e4sten und Trafoh\u00e4uschen im Siegener Stadtgebiet und den umliegenden Stadtteilen. K\u00fcrzlich hat die Kreuztaler K\u00fcnstlerin Tzveta Grebe drei Motive auf f\u00fcnf K\u00e4sten im Bereich der Dango &amp; Dienenthal Maschinenbau GmbH in Siegen-Siegh\u00fctte bemalt.<\/p>\n<p>Arno Dienenthal, der die Unternehmensgruppe gemeinsam mit Rainer Dango in der f\u00fcnften Generation der Gr\u00fcnderfamilien leitet, unterst\u00fctzte die K\u00fcnstlerin bei der Motivauswahl mit seiner Expertise zu den Schmiedemanipulatoren: \u201eMir war es wichtig, dass die starken Beschmierungen auf den Versorgungsk\u00e4sten beseitigt werden und sch\u00f6ne neue Motive angebracht werden, die einen Bezug zur Heimat, zum Unternehmensstandort Siegen und zum Unternehmen selbst haben\u201c, sagt er.<\/p>\n<div id=\"attachment_19993\" style=\"width: 310px\" class=\"wp-caption alignleft\"><a href=\"https:\/\/www.vdsm.net\/wronline\/wp-content\/uploads\/2020\/08\/Stromkaesten-bei-Dango-Dienenthal_IMG_3968_WEB.jpg\"><img loading=\"lazy\" decoding=\"async\" aria-describedby=\"caption-attachment-19993\" class=\"wp-image-19993 size-medium\" src=\"https:\/\/www.vdsm.net\/wronline\/wp-content\/uploads\/2020\/08\/Stromkaesten-bei-Dango-Dienenthal_IMG_3968_WEB-300x200.jpg\" alt=\"\" width=\"300\" height=\"200\" srcset=\"https:\/\/www.vdsm.net\/wronline\/wp-content\/uploads\/2020\/08\/Stromkaesten-bei-Dango-Dienenthal_IMG_3968_WEB-300x200.jpg 300w, https:\/\/www.vdsm.net\/wronline\/wp-content\/uploads\/2020\/08\/Stromkaesten-bei-Dango-Dienenthal_IMG_3968_WEB-768x512.jpg 768w, https:\/\/www.vdsm.net\/wronline\/wp-content\/uploads\/2020\/08\/Stromkaesten-bei-Dango-Dienenthal_IMG_3968_WEB.jpg 777w\" sizes=\"auto, (max-width: 300px) 100vw, 300px\" \/><\/a><p id=\"caption-attachment-19993\" class=\"wp-caption-text\">Einen der Stromk\u00e4sten ziert nun das Motiv der Siegh\u00fctte um 1900 in schwarz-wei\u00df. Zwei weitere nebeneinanderstehende Stromk\u00e4sten zeigen einen Schmiedemanipulator aus der heutigen Zeit.<\/p><\/div>\n<p>Einen der Stromk\u00e4sten ziert nun das Motiv der Siegh\u00fctte um 1900 in schwarz-wei\u00df. Zwei weitere nebeneinanderstehende Stromk\u00e4sten hat die 58-j\u00e4hrige K\u00fcnstlerin mit bulgarischen Wurzeln mit einem Schmiedemanipulator aus der heutigen Zeit versehen, um so einen Bezug zur Dango &amp; Dienenthal Maschinenbau GmbH herzustellen. Das dritte Motiv, das sich ebenfalls \u00fcber zwei Stromk\u00e4sten erstreckt, zeigt eine Bohrmaschine mit Hochofen des Familienunternehmens.<\/p>\n<p>\u201eAls traditionsreiches Familienunternehmen, dessen Geburtsstunde am 1. Juni 1865 schlug, beteiligen wir uns gerne mit einem Eigenanteil von 1.500 Euro am Projekt, das aus den Mitteln des \u201aHeimatfonds\u2018 finanziert wird\u201c, sagt Rainer Dango. Neben der Initiative \u201eSiegen sind wir \u2013 Si. gestalten\u201c, sind die Stadt Siegen und das Land NRW am Projekt finanziell beteiligt. Arne Fries (Kulturbeigeordneter, Stadtrat der Stadt Siegen) pr\u00e4zisiert: Die Universit\u00e4tsstadt Siegen hat gemeinsam mit Ihren Initiativen \u201eSi.gestalten\u201c und \u201eSiegen sind wir\u201c die F\u00f6rderung durch den \u201eHeimat-Fonds\u201c f\u00fcr unsere Stadt beantragt und gl\u00fccklicherweise den Zuschlag vom Land erhalten \u2013 und damit eine Verdoppelung der gesammelten Projektgelder erreicht! 8.000 Euro haben wir als Stadt in den \u201eTopf\u201c getan; durch die Unterst\u00fctzung zahlreicher weiterer F\u00f6rderer \u2013 u.a. der Firma Dango &amp; Dienenthal mit 1.500 Euro \u2013 ist der Gesamtbetrag (und gleichzeitig H\u00f6chst-F\u00f6rderbetrag!) von 40.000 Euro zusammengekommen. Dieser wurde vom Land NRW verdoppelt, so dass wir nun Projekte wie dieses finanzieren k\u00f6nnen.\u201c Mit den kunstvoll gestalteten Stromk\u00e4sten entstehe ein \u201evisuelles Highlight\u201c, so Fries weiter, \u201edas noch dazu zum Selbstverst\u00e4ndnis des Unternehmens \u2013 traditionsreich und heimatverwurzelt \u2013 passe.<\/p>\n<div id=\"attachment_19994\" style=\"width: 310px\" class=\"wp-caption alignright\"><a href=\"https:\/\/www.vdsm.net\/wronline\/wp-content\/uploads\/2020\/08\/Stromkaesten-bei-Dango-Dienenthal_IMG_3998_WEB.jpg\"><img loading=\"lazy\" decoding=\"async\" aria-describedby=\"caption-attachment-19994\" class=\"wp-image-19994 size-medium\" src=\"https:\/\/www.vdsm.net\/wronline\/wp-content\/uploads\/2020\/08\/Stromkaesten-bei-Dango-Dienenthal_IMG_3998_WEB-300x200.jpg\" alt=\"\" width=\"300\" height=\"200\" srcset=\"https:\/\/www.vdsm.net\/wronline\/wp-content\/uploads\/2020\/08\/Stromkaesten-bei-Dango-Dienenthal_IMG_3998_WEB-300x200.jpg 300w, https:\/\/www.vdsm.net\/wronline\/wp-content\/uploads\/2020\/08\/Stromkaesten-bei-Dango-Dienenthal_IMG_3998_WEB-768x512.jpg 768w, https:\/\/www.vdsm.net\/wronline\/wp-content\/uploads\/2020\/08\/Stromkaesten-bei-Dango-Dienenthal_IMG_3998_WEB.jpg 777w\" sizes=\"auto, (max-width: 300px) 100vw, 300px\" \/><\/a><p id=\"caption-attachment-19994\" class=\"wp-caption-text\">Das dritte Motiv, das sich ebenfalls \u00fcber zwei Stromk\u00e4sten erstreckt, zeigt eine Bohrmaschine mit Hochofen des Familienunternehmens.<\/p><\/div>\n<p>Die Initiative \u201eSiegen sind wir \u2013 SI.gestalten\u201c engagiert sich seit einiger Zeit, das Stadtbild Siegens zu beleben. \u201eF\u00fcr uns als Unternehmer ist es sch\u00f6n zu sehen, wie sich nicht nur die Mitarbeiter von Dango &amp; Dienenthal an den Kunstwerken erfreuen und an der regionalen Wirtschaftsgeschichte teilhaben, sondern auch die vorbeigehenden Passanten\u201c, sind sich Rainer Dango und Arno Dienenthal einig. Das Unternehmen, das in 1865 als Nichteisenmetallgie\u00dferei von August Dango und Louis Dienenthal gegr\u00fcndet wurde, z\u00e4hlt heute mit seinen Tochtergesellschaften und Beteiligungen zu den weltweit f\u00fchrenden Herstellern technisch anspruchsvoller Produkte f\u00fcr die metallurgische Industrie. \u201eFamiliengef\u00fchrte mittelst\u00e4ndische Unternehmen haben in der Vergangenheit die industrielle Entwicklung im Siegerland ma\u00dfgeblich mitgepr\u00e4gt. Daher f\u00fchlen wir uns gegen\u00fcber unserem Standort, der Stadt Siegen und der Region in besonderem Ma\u00dfe verpflichtet\u201c, so die beiden Gesch\u00e4ftsf\u00fchrer, deren Familien weder verwandt noch verschw\u00e4gert sind. Daher habe man es begr\u00fc\u00dft sich als Unternehmen beim Projekt miteinzubringen und dazu beizutragen, das Stadtbild Siegens zu versch\u00f6nern. Au\u00dferdem sind auch die starken Beschmierungen an den Versorgungsk\u00e4sten verschwunden.<\/p>\n<p>Tzveta Grebe, die im Museum f\u00fcr Gegenwartskunst, als Kunstlehrerin und als freischaffende K\u00fcnstlerin t\u00e4tig ist, arbeitet eng mit Kristina Fritsch und Martin Zielke vom Initiatoren-Team von \u201eSiegen sind wir \u2013 SI.gestalten\u201c zusammen. Die in 2004 von Martin Zielke gegr\u00fcndete Initiative \u201cSiegen sind wir\u201c, widmet sich der Versch\u00f6nerung der Siegener Stromk\u00e4sten. \u201eIch habe die Initiative damals ins Leben gerufen, um mitzuhelfen, die Stadt ein St\u00fcckchen lebens- und liebenswerter zu gestalten\u201c, sagt Martin Zielke. \u201eDabei ging es mir nicht nur um die Versch\u00f6nerung der Stromk\u00e4sten, sondern auch darum die B\u00fcrger miteinzubinden, ganz egal, ob es Firmen oder Privatpersonen sind\u201c, erkl\u00e4rt er.<\/p>\n<p>Text und Fotos: Julia F\u00f6rster<\/p>\n","protected":false},"excerpt":{"rendered":"<p>Die Kunstwerke der Initiative \u201eSiegen sind wir \u2013 SI.gestalten\u201c zieren seit einiger Zeit die Stromk\u00e4sten und Trafoh\u00e4uschen im Siegener Stadtgebiet und den umliegenden Stadtteilen. K\u00fcrzlich&#8230;<\/p>\n","protected":false},"author":6,"featured_media":19991,"comment_status":"open","ping_status":"open","sticky":false,"template":"","format":"standard","meta":{"_jetpack_newsletter_access":"","_jetpack_dont_email_post_to_subs":false,"_jetpack_newsletter_tier_id":0,"_jetpack_memberships_contains_paywalled_content":false,"_jetpack_feature_clip_id":0,"_jetpack_memberships_contains_paid_content":false,"footnotes":"","jetpack_post_was_ever_published":false},"categories":[1,32,30],"tags":[],"class_list":["post-19893","post","type-post","status-publish","format-standard","has-post-thumbnail","hentry","category-aktuell","category-infos","category-vermischtes"],"jetpack_sharing_enabled":true,"jetpack_featured_media_url":"https:\/\/www.vdsm.net\/wronline\/wp-content\/uploads\/2020\/08\/IMG_3986_zugeschnitten_WEB.jpg","_links":{"self":[{"href":"https:\/\/www.vdsm.net\/wronline\/wp-json\/wp\/v2\/posts\/19893","targetHints":{"allow":["GET"]}}],"collection":[{"href":"https:\/\/www.vdsm.net\/wronline\/wp-json\/wp\/v2\/posts"}],"about":[{"href":"https:\/\/www.vdsm.net\/wronline\/wp-json\/wp\/v2\/types\/post"}],"author":[{"embeddable":true,"href":"https:\/\/www.vdsm.net\/wronline\/wp-json\/wp\/v2\/users\/6"}],"replies":[{"embeddable":true,"href":"https:\/\/www.vdsm.net\/wronline\/wp-json\/wp\/v2\/comments?post=19893"}],"version-history":[{"count":5,"href":"https:\/\/www.vdsm.net\/wronline\/wp-json\/wp\/v2\/posts\/19893\/revisions"}],"predecessor-version":[{"id":19997,"href":"https:\/\/www.vdsm.net\/wronline\/wp-json\/wp\/v2\/posts\/19893\/revisions\/19997"}],"wp:featuredmedia":[{"embeddable":true,"href":"https:\/\/www.vdsm.net\/wronline\/wp-json\/wp\/v2\/media\/19991"}],"wp:attachment":[{"href":"https:\/\/www.vdsm.net\/wronline\/wp-json\/wp\/v2\/media?parent=19893"}],"wp:term":[{"taxonomy":"category","embeddable":true,"href":"https:\/\/www.vdsm.net\/wronline\/wp-json\/wp\/v2\/categories?post=19893"},{"taxonomy":"post_tag","embeddable":true,"href":"https:\/\/www.vdsm.net\/wronline\/wp-json\/wp\/v2\/tags?post=19893"}],"curies":[{"name":"wp","href":"https:\/\/api.w.org\/{rel}","templated":true}]}}