{"id":19867,"date":"2020-08-13T12:45:36","date_gmt":"2020-08-13T10:45:36","guid":{"rendered":"https:\/\/www.vdsm.net\/wronline\/?p=19867"},"modified":"2020-08-13T12:50:15","modified_gmt":"2020-08-13T10:50:15","slug":"ihk-gratuliert-zu-200-jahren-walzen-irle-gmbh","status":"publish","type":"post","link":"https:\/\/www.vdsm.net\/wronline\/ihk-gratuliert-zu-200-jahren-walzen-irle-gmbh\/","title":{"rendered":"IHK gratuliert zu 200 Jahren WALZEN IRLE GmbH\u00a0"},"content":{"rendered":"<p>Urspr\u00fcnglich wollte die im Netpher Ortsteil Deuz ans\u00e4ssige WALZEN IRLE GmbH im Sp\u00e4tsommer ihr 200-j\u00e4hriges Bestehen mit zwei gro\u00dfen Feierlichkeiten begehen. \u00a0Doch sowohl der geplante Galaabend mit Gesch\u00e4ftspartnern als auch die separate Veranstaltung mit den rund 300 Mitarbeitern fielen \u201eCorona\u201c zum Opfer und wurden auf 2021 verschoben. Gratulationen zu diesem seltenen Jubil\u00e4um gab es aber schon jetzt. Pr\u00e4sident Felix G. Hensel und Hauptgesch\u00e4ftsf\u00fchrer Klaus Gr\u00e4bener \u00fcberbrachten die Gl\u00fcckw\u00fcnsche von Pr\u00e4sidium und Gesch\u00e4ftsf\u00fchrung der IHK Siegen zu dem ungew\u00f6hnlichen Firmenjubil\u00e4um und \u00fcberreichten den beiden Gesch\u00e4ftsf\u00fchrern Dr. Petrico von Schweinichen und Thomas Fink eine Ehrenurkunde. Felix G. Hensel zeigte sich nach dem Rundgang durch die Gie\u00dferei in der Deuzer Waldstra\u00dfe beeindruckt von der langfristig ausgelegten Firmenphilosophie: \u201eEs ist eine gro\u00dfe Leistung, in einer solch traditionellen Branche \u00fcber einen so langen Zeitraum erfolgreich zu sein. Davor kann man nur den Hut ziehen.\u201c Dar\u00fcber hinaus war es dem IHK-Pr\u00e4sidenten ein besonderes Anliegen, auf die konsequente Nachwuchsarbeit des Unternehmens hinzuweisen. Seit jeher zeichne sich WALZEN IRLE durch Kontinuit\u00e4t und hohe Qualit\u00e4t im Bereich der Ausbildung junger Menschen aus. Sein besonderer Dank galt dem ehrenamtlichen Engagement der IRLE-Ausbilder in den Pr\u00fcfungsgremien der IHK sowie Dr. Jaxa von Schweinichen f\u00fcr sein jahrzehntelanges Wirken in der IHK-Vollversammlung und im bbz-Vorstand, dem er seit dem Jahre 2015 als Vorsitzender vorsteht.<\/p>\n<p>Auch IHK-Hauptgesch\u00e4ftsf\u00fchrer Klaus Gr\u00e4bener, geb\u00fcrtiger Netpher, w\u00fcrdigte die Best\u00e4ndigkeit, mit der das Unternehmen auf dem Markt agiere. WALZEN IRLE verk\u00f6rpere f\u00fcr ihn mit wenigen anderen gro\u00dfen Firmennamen die Industrialisierung des Netpherlands. Das Unternehmen sei untrennbar mit dem Ort Deuz verbunden und habe zugleich \u00fcber Generationen hinweg zahlreichen Familien im oberen Johannland sowie im oberen Siegtal Arbeit und Einkommen gesichert. Dabei habe die Unternehmensf\u00fchrung nie vergessen, Vereine, Initiativen, den Ort Deuz und auch die Stadt Netphen immer wieder gro\u00dfz\u00fcgig zu unterst\u00fctzen. Das Deuzer Freibad, der umgestaltete Bahnhof oder der die Ortsmitte pr\u00e4gende erste Omnibus der Welt verdeutlichten dies in besonderer Weise.<\/p>\n<p>Die eigentlichen Wurzeln des Traditionsbetriebs reichen indes sogar weit mehr als 200 Jahre zur\u00fcck. Der erste Unternehmer in der Familie, Johannes Irle, wurde am 11. M\u00e4rz 1666 getauft. Durch die Heirat wurde Johannes Gewerke an der oberen Marienborner H\u00fctte und vererbte sein Wissen um den Schmelzprozess und sein K\u00f6nnen an die n\u00e4chsten Generationen.<\/p>\n<p>1820 wagten Hermann Irle, ein Enkel von Johannes Irle, und sein Sohn Johannes schlie\u00dflich die ersten Versuche des Walzengusses. Was darauf folgte, war ein stetiger Prozess der Weiterentwicklung und Modernisierung. F\u00fcr die n\u00e4here Zukunft w\u00fcnschen sich die Verantwortlichen eine noch engere Zusammenarbeit mit Maschinenbauern und anderen Unternehmen im Siegerland, um Kompetenzen zu b\u00fcndeln und Produktionsbed\u00fcrfnisse noch besser einsch\u00e4tzen zu k\u00f6nnen.<\/p>\n<p>Text und Foto:\u00a0<a href=\"http:\/\/www.walzenirle.com\/\" target=\"_blank\" rel=\"noopener noreferrer\">WALZEN IRLE GmbH<\/a><\/p>\n","protected":false},"excerpt":{"rendered":"<p>Urspr\u00fcnglich wollte die im Netpher Ortsteil Deuz ans\u00e4ssige WALZEN IRLE GmbH im Sp\u00e4tsommer ihr 200-j\u00e4hriges Bestehen mit zwei gro\u00dfen Feierlichkeiten begehen. \u00a0Doch sowohl der geplante&#8230;<\/p>\n","protected":false},"author":6,"featured_media":19868,"comment_status":"open","ping_status":"open","sticky":false,"template":"","format":"standard","meta":{"_jetpack_memberships_contains_paid_content":false,"footnotes":""},"categories":[1,32,30],"tags":[],"class_list":["post-19867","post","type-post","status-publish","format-standard","has-post-thumbnail","hentry","category-aktuell","category-infos","category-vermischtes"],"jetpack_featured_media_url":"https:\/\/www.vdsm.net\/wronline\/wp-content\/uploads\/2020\/08\/Urkunden\u00fcbergabe-WI_WEB.jpg","jetpack_sharing_enabled":true,"_links":{"self":[{"href":"https:\/\/www.vdsm.net\/wronline\/wp-json\/wp\/v2\/posts\/19867","targetHints":{"allow":["GET"]}}],"collection":[{"href":"https:\/\/www.vdsm.net\/wronline\/wp-json\/wp\/v2\/posts"}],"about":[{"href":"https:\/\/www.vdsm.net\/wronline\/wp-json\/wp\/v2\/types\/post"}],"author":[{"embeddable":true,"href":"https:\/\/www.vdsm.net\/wronline\/wp-json\/wp\/v2\/users\/6"}],"replies":[{"embeddable":true,"href":"https:\/\/www.vdsm.net\/wronline\/wp-json\/wp\/v2\/comments?post=19867"}],"version-history":[{"count":2,"href":"https:\/\/www.vdsm.net\/wronline\/wp-json\/wp\/v2\/posts\/19867\/revisions"}],"predecessor-version":[{"id":19870,"href":"https:\/\/www.vdsm.net\/wronline\/wp-json\/wp\/v2\/posts\/19867\/revisions\/19870"}],"wp:featuredmedia":[{"embeddable":true,"href":"https:\/\/www.vdsm.net\/wronline\/wp-json\/wp\/v2\/media\/19868"}],"wp:attachment":[{"href":"https:\/\/www.vdsm.net\/wronline\/wp-json\/wp\/v2\/media?parent=19867"}],"wp:term":[{"taxonomy":"category","embeddable":true,"href":"https:\/\/www.vdsm.net\/wronline\/wp-json\/wp\/v2\/categories?post=19867"},{"taxonomy":"post_tag","embeddable":true,"href":"https:\/\/www.vdsm.net\/wronline\/wp-json\/wp\/v2\/tags?post=19867"}],"curies":[{"name":"wp","href":"https:\/\/api.w.org\/{rel}","templated":true}]}}