{"id":19848,"date":"2020-08-12T10:13:08","date_gmt":"2020-08-12T08:13:08","guid":{"rendered":"https:\/\/www.vdsm.net\/wronline\/?p=19848"},"modified":"2020-08-12T10:54:24","modified_gmt":"2020-08-12T08:54:24","slug":"ueber-2094-kilometer-mit-dem-rad-unterwegs","status":"publish","type":"post","link":"https:\/\/www.vdsm.net\/wronline\/ueber-2094-kilometer-mit-dem-rad-unterwegs\/","title":{"rendered":"\u00dcber 2094 Kilometer mit dem Rad unterwegs"},"content":{"rendered":"<p style=\"font-weight: 400;\">Von Wien nach Nizza mit dem Fahrrad. Die Zeit: 6 Tage, 23 Stunden und 46 Minuten. \u00dcber 2094 Kilometer und 25.000 H\u00f6henmeter in weniger als einer Woche, das war das \u201eThree Peaks Bike Race\u201c. Rund 150 Radler stellten sich der Herausforderung, darunter auch Immanuel David Barkholz, Kemper-Mitarbeiter in Olpe. Der 30-j\u00e4hrige Drolshagener und passionierte Radfahrer arbeitet seit \u00fcber sechs Jahren in der Gie\u00dferei von Kemper. Er sammelte durch diese Aktion Gelder f\u00fcr das Kinderhospiz Balthasar in Olpe.<\/p>\n<div id=\"attachment_19851\" style=\"width: 310px\" class=\"wp-caption alignleft\"><a href=\"https:\/\/www.vdsm.net\/wronline\/wp-content\/uploads\/2020\/08\/Biene-Foto-Kemper_WEB.jpg\"><img loading=\"lazy\" decoding=\"async\" aria-describedby=\"caption-attachment-19851\" class=\"size-medium wp-image-19851\" src=\"https:\/\/www.vdsm.net\/wronline\/wp-content\/uploads\/2020\/08\/Biene-Foto-Kemper_WEB-300x225.jpg\" alt=\"\" width=\"300\" height=\"225\" srcset=\"https:\/\/www.vdsm.net\/wronline\/wp-content\/uploads\/2020\/08\/Biene-Foto-Kemper_WEB-300x225.jpg 300w, https:\/\/www.vdsm.net\/wronline\/wp-content\/uploads\/2020\/08\/Biene-Foto-Kemper_WEB-768x576.jpg 768w, https:\/\/www.vdsm.net\/wronline\/wp-content\/uploads\/2020\/08\/Biene-Foto-Kemper_WEB.jpg 777w\" sizes=\"auto, (max-width: 300px) 100vw, 300px\" \/><\/a><p id=\"caption-attachment-19851\" class=\"wp-caption-text\">Mit am Start w\u00e4hrend der ganzen Tour war auch das Maskottchen, die Biene. Sie trat kr\u00e4ftig mit in die Pedale.<\/p><\/div>\n<p style=\"font-weight: 400;\">Rund 20 Stunden radeln pro Tag. Hinzu kamen zwei bis drei Stunden Schlaf sowie die Nahrungsbeschaffung und -aufnahme. So sah Immanuel David Barkholz Tagesablauf eine komplette Woche aus. \u201eDurch den extremen Schlafmangel bin ich an meine Grenzen gesto\u00dfen. Das Fahrradfahren selbst war nicht das Problem\u201c, erinnert sich der Kemperaner an die Woche der Extreme zur\u00fcck. Die Packing-Tour \u00fcber drei gro\u00dfe Bergp\u00e4sse und durch vier L\u00e4nder (\u00d6sterreich, Schweiz, Frankreich sowie Italien) f\u00fchrte ihn \u00fcber den Gro\u00dfglockner, den Sanetschpass und den Parcour Mont Ventoux bevor das Ziel Nizza winkte. Mit am Start war auch das Maskottchen, die Biene, die kr\u00e4ftig mit in die Pedale trat.<\/p>\n<p style=\"font-weight: 400;\">\u201eIch habe das Ziel erreicht und meinen eigenen Rekord geknackt\u201c, schw\u00e4rmt der Kemper-Mitarbeiter. \u201eHinzu kamen fantastische Eindr\u00fccke, gepaart mit einer neuen sportlichen Herausforderung. Mein ganz pers\u00f6nliches, sportliches Highlight f\u00fcr das Jahr 2020. Bemerkenswert war auch die Unterst\u00fctzung, die den Radlern am Wegesrand zu Teil wurde. So etwas erlebt man nicht alle Tage \u2013 gerade in der Corona-Zeit.\u201c<\/p>\n<p>Text und Fotos: <a href=\"http:\/\/www.kemper-olpe.de\/\" target=\"_blank\" rel=\"noopener noreferrer\">Gebr. Kemper GmbH + Co. KG<\/a><\/p>\n","protected":false},"excerpt":{"rendered":"<p>Von Wien nach Nizza mit dem Fahrrad. Die Zeit: 6 Tage, 23 Stunden und 46 Minuten. \u00dcber 2094 Kilometer und 25.000 H\u00f6henmeter in weniger als&#8230;<\/p>\n","protected":false},"author":6,"featured_media":19850,"comment_status":"open","ping_status":"open","sticky":false,"template":"","format":"standard","meta":{"_jetpack_memberships_contains_paid_content":false,"footnotes":""},"categories":[32,30,10],"tags":[],"class_list":["post-19848","post","type-post","status-publish","format-standard","has-post-thumbnail","hentry","category-infos","category-vermischtes","category-unternehmen"],"jetpack_featured_media_url":"https:\/\/www.vdsm.net\/wronline\/wp-content\/uploads\/2020\/08\/Barkholz-Foto-Kemper_WEB.jpg","jetpack_sharing_enabled":true,"_links":{"self":[{"href":"https:\/\/www.vdsm.net\/wronline\/wp-json\/wp\/v2\/posts\/19848","targetHints":{"allow":["GET"]}}],"collection":[{"href":"https:\/\/www.vdsm.net\/wronline\/wp-json\/wp\/v2\/posts"}],"about":[{"href":"https:\/\/www.vdsm.net\/wronline\/wp-json\/wp\/v2\/types\/post"}],"author":[{"embeddable":true,"href":"https:\/\/www.vdsm.net\/wronline\/wp-json\/wp\/v2\/users\/6"}],"replies":[{"embeddable":true,"href":"https:\/\/www.vdsm.net\/wronline\/wp-json\/wp\/v2\/comments?post=19848"}],"version-history":[{"count":4,"href":"https:\/\/www.vdsm.net\/wronline\/wp-json\/wp\/v2\/posts\/19848\/revisions"}],"predecessor-version":[{"id":19854,"href":"https:\/\/www.vdsm.net\/wronline\/wp-json\/wp\/v2\/posts\/19848\/revisions\/19854"}],"wp:featuredmedia":[{"embeddable":true,"href":"https:\/\/www.vdsm.net\/wronline\/wp-json\/wp\/v2\/media\/19850"}],"wp:attachment":[{"href":"https:\/\/www.vdsm.net\/wronline\/wp-json\/wp\/v2\/media?parent=19848"}],"wp:term":[{"taxonomy":"category","embeddable":true,"href":"https:\/\/www.vdsm.net\/wronline\/wp-json\/wp\/v2\/categories?post=19848"},{"taxonomy":"post_tag","embeddable":true,"href":"https:\/\/www.vdsm.net\/wronline\/wp-json\/wp\/v2\/tags?post=19848"}],"curies":[{"name":"wp","href":"https:\/\/api.w.org\/{rel}","templated":true}]}}