{"id":19735,"date":"2020-08-06T08:30:35","date_gmt":"2020-08-06T06:30:35","guid":{"rendered":"https:\/\/www.vdsm.net\/wronline\/?p=19735"},"modified":"2020-08-05T15:04:31","modified_gmt":"2020-08-05T13:04:31","slug":"auszubildende-der-schaefer-werke-gruppe-errichten-werkseigene-zweirad-garage","status":"publish","type":"post","link":"https:\/\/www.vdsm.net\/wronline\/auszubildende-der-schaefer-werke-gruppe-errichten-werkseigene-zweirad-garage\/","title":{"rendered":"Auszubildende der SCH\u00c4FER WERKE Gruppe errichten werkseigene Zweirad-Garage"},"content":{"rendered":"<p>Im Rahmen einer fach\u00fcbergreifenden Projektarbeit von Auszubildenden der SCH\u00c4FER WERKE ist am Hauptsitz der Unternehmensgruppe in Neunkirchen im Siegerland eine werkseigene Zweirad-Garage entstanden. Realisiert haben das wegweisende Projekt gewerbliche sowie kaufm\u00e4nnische Auszubildende. Die Zweirad-Garage kann ab sofort von allen Mitarbeitern genutzt werden.<\/p>\n<p>Im naturverw\u00f6hnten Siegerland erleben Outdoor-Aktivit\u00e4ten augenscheinlich einen Boom. Insbesondere die nachhaltige Mobilit\u00e4t in Form von Pedelecs und S-Pedelecs, umgangssprachlich oft als E-Bikes bezeichnet, erfreuen sich in der h\u00fcgeligen Landschaft immer gr\u00f6\u00dferer Beliebtheit, ganz unabh\u00e4ngig von Alter, Fitness-Level und Einsatzzweck. Deshalb wird am Hauptsitz in Neunkirchen allen zweiradbegeisterten Mitarbeitern ab sofort ein komfortabler Stellplatz in der sogenannten Zweirad-Garage angeboten.<\/p>\n<p>Verantwortlich f\u00fcr das zukunftsweisende Projekt sind Auszubildende der Berufsbilder Kaufmann f\u00fcr B\u00fcromanagement (m\/w\/d), Industriekaufmann (m\/w\/d) sowie Elektroniker f\u00fcr Betriebstechnik (m\/w\/d) und Konstruktionsmechanik (m\/w\/d). Ein interdisziplin\u00e4rer Lehransatz der Ausbildung wird bereits seit Jahren gelebt und soll die jungen Mitarbeiter sowohl in ihrer Berufsentscheidung st\u00e4rken, wie auch ein Verst\u00e4ndnis f\u00fcr andere Berufsgruppen schaffen. Von der umfangreichen Planung im Einkauf, sowohl Optik als auch Konstruktion betreffend, \u00fcber die Versicherung, bis hin zum Aufbau mit Gel\u00e4ndeplanung, Fundament und eigentlichem Aufbau, wurde die Zweirad-Garage von den jungen Nachwuchsfachkr\u00e4ften realisiert.<\/p>\n<div id=\"attachment_19749\" style=\"width: 310px\" class=\"wp-caption alignleft\"><a href=\"https:\/\/www.vdsm.net\/wronline\/wp-content\/uploads\/2020\/08\/SchaeferWerke_Fahrrad-Garage_IMG_3668_1_WEB.jpg\"><img loading=\"lazy\" decoding=\"async\" aria-describedby=\"caption-attachment-19749\" class=\"wp-image-19749 size-medium\" src=\"https:\/\/www.vdsm.net\/wronline\/wp-content\/uploads\/2020\/08\/SchaeferWerke_Fahrrad-Garage_IMG_3668_1_WEB-300x104.jpg\" alt=\"\" width=\"300\" height=\"104\" srcset=\"https:\/\/www.vdsm.net\/wronline\/wp-content\/uploads\/2020\/08\/SchaeferWerke_Fahrrad-Garage_IMG_3668_1_WEB-300x104.jpg 300w, https:\/\/www.vdsm.net\/wronline\/wp-content\/uploads\/2020\/08\/SchaeferWerke_Fahrrad-Garage_IMG_3668_1_WEB-768x266.jpg 768w, https:\/\/www.vdsm.net\/wronline\/wp-content\/uploads\/2020\/08\/SchaeferWerke_Fahrrad-Garage_IMG_3668_1_WEB.jpg 777w\" sizes=\"auto, (max-width: 300px) 100vw, 300px\" \/><\/a><p id=\"caption-attachment-19749\" class=\"wp-caption-text\">Au\u00dfenansicht der Fahrrad-Garage<\/p><\/div>\n<p>Als markantes Baumaterial haben die Auszubildenden unter anderem perforierte Edelstahlbleche vom gleichnamigen Gesch\u00e4ftsbereich SCH\u00c4FER Lochbleche verwendet. Das optisch ansprechende Design ist auf minimale Wartung und Zugriffssicherheit der Anlage ausgelegt. Aktuell betr\u00e4gt die Kapazit\u00e4t 34 Stellpl\u00e4tze. Davon sind 24 Stellpl\u00e4tze als Fahrrad- bzw. E-Bike-Stellpl\u00e4tze ausgewiesen, welche mittels Schlie\u00dfsensorik vor unbefugten Fremdzugriffen gesch\u00fctzt sind. F\u00fcr Motorr\u00e4der und Roller sind 10 \u00fcberdachte Au\u00dfen-Stellpl\u00e4tze in der Anlage vorgesehen. Der Standort der Zweirad-Garage befindet sich am Parkplatz unterhalb der Hauptverwaltung. Der Zugang erfolgt elektronisch per Chip und ist rund um die Uhr m\u00f6glich.<\/p>\n<p>Grundintention des Projekts war es, aktive Mitarbeiter im Rahmen des Gesundheitsmanagements zu unterst\u00fctzen. Denn die Unternehmensgruppe bietet bereits seit einigen Jahren die M\u00f6glichkeit des E-Bike-Leasings an und m\u00f6chte ihre Mitarbeiter darin best\u00e4rken, k\u00f6rperlich aktiv zu bleiben und damit auch f\u00fcr einen Ausgleich zum Berufsalltag zu sorgen \u2013 davon profitiert nicht zuletzt auch die Umwelt.<\/p>\n<p>\u201eBei uns sind Theorie und Praxis sehr eng miteinander verbunden. Wir legen Wert darauf, dass die jungen Kollegen m\u00f6glichst viele Einblicke in die Unternehmensstrukturen und die vielseitigen Aufgaben unserer Gesch\u00e4ftsbereiche erhalten. Dabei f\u00f6rdern wir von Beginn an die aktive Mitarbeit und den direkten Praxisbezug. Mit der Zweirad Garage haben unsere Auszubildenden Pionierarbeit geleistet. Wir sind sehr stolz auf das gelungene Projekt und das Engagement und K\u00f6nnen unserer Nachwuchskr\u00e4fte\u201c, freut sich Wolfgang Weber, Ausbildungsleiter SCH\u00c4FER WERKE.<\/p>\n<p>Text und Foto:\u00a0<a href=\"https:\/\/www.schaefer-werke.de\/\" target=\"_blank\" rel=\"noopener noreferrer\">SCH\u00c4FER Werke GmbH<\/a><\/p>\n","protected":false},"excerpt":{"rendered":"<p>Im Rahmen einer fach\u00fcbergreifenden Projektarbeit von Auszubildenden der SCH\u00c4FER WERKE ist am Hauptsitz der Unternehmensgruppe in Neunkirchen im Siegerland eine werkseigene Zweirad-Garage entstanden. Realisiert haben&#8230;<\/p>\n","protected":false},"author":6,"featured_media":19748,"comment_status":"open","ping_status":"open","sticky":false,"template":"","format":"standard","meta":{"_jetpack_memberships_contains_paid_content":false,"footnotes":""},"categories":[8,32,10],"tags":[],"class_list":["post-19735","post","type-post","status-publish","format-standard","has-post-thumbnail","hentry","category-ausbildung","category-infos","category-unternehmen"],"jetpack_featured_media_url":"https:\/\/www.vdsm.net\/wronline\/wp-content\/uploads\/2020\/08\/SchaeferWerke_Fahrrad-Garage_IMG_3670_1_WEB.jpg","jetpack_sharing_enabled":true,"_links":{"self":[{"href":"https:\/\/www.vdsm.net\/wronline\/wp-json\/wp\/v2\/posts\/19735","targetHints":{"allow":["GET"]}}],"collection":[{"href":"https:\/\/www.vdsm.net\/wronline\/wp-json\/wp\/v2\/posts"}],"about":[{"href":"https:\/\/www.vdsm.net\/wronline\/wp-json\/wp\/v2\/types\/post"}],"author":[{"embeddable":true,"href":"https:\/\/www.vdsm.net\/wronline\/wp-json\/wp\/v2\/users\/6"}],"replies":[{"embeddable":true,"href":"https:\/\/www.vdsm.net\/wronline\/wp-json\/wp\/v2\/comments?post=19735"}],"version-history":[{"count":5,"href":"https:\/\/www.vdsm.net\/wronline\/wp-json\/wp\/v2\/posts\/19735\/revisions"}],"predecessor-version":[{"id":19753,"href":"https:\/\/www.vdsm.net\/wronline\/wp-json\/wp\/v2\/posts\/19735\/revisions\/19753"}],"wp:featuredmedia":[{"embeddable":true,"href":"https:\/\/www.vdsm.net\/wronline\/wp-json\/wp\/v2\/media\/19748"}],"wp:attachment":[{"href":"https:\/\/www.vdsm.net\/wronline\/wp-json\/wp\/v2\/media?parent=19735"}],"wp:term":[{"taxonomy":"category","embeddable":true,"href":"https:\/\/www.vdsm.net\/wronline\/wp-json\/wp\/v2\/categories?post=19735"},{"taxonomy":"post_tag","embeddable":true,"href":"https:\/\/www.vdsm.net\/wronline\/wp-json\/wp\/v2\/tags?post=19735"}],"curies":[{"name":"wp","href":"https:\/\/api.w.org\/{rel}","templated":true}]}}