{"id":1969,"date":"2014-06-10T14:40:36","date_gmt":"2014-06-10T12:40:36","guid":{"rendered":"http:\/\/www.vdsm.net\/wronline\/?p=1969"},"modified":"2014-06-10T14:40:36","modified_gmt":"2014-06-10T12:40:36","slug":"2013-war-business-as-usual-angesagt-beim-vdsm","status":"publish","type":"post","link":"https:\/\/www.vdsm.net\/wronline\/2013-war-business-as-usual-angesagt-beim-vdsm\/","title":{"rendered":"2013 war \u201ebusiness as usual\u201c  angesagt beim VdSM"},"content":{"rendered":"<p>2013 war f\u00fcr den VdSM Verband der Siegerl\u00e4nder Metallindustriellen e.V. ein eher ruhiges Jahr. Das lag vor allem daran, dass keine Tarifverhandlungen gef\u00fchrt werden mussten. Auch im Tagesgesch\u00e4ft war \u201ebusiness as usual\u201c angesagt. Dennoch wurden auch 2013 wieder einige besondere Schwerpunkte gesetzt und entsprechende Aktivit\u00e4ten entfaltet. Einen \u00dcberblick dar\u00fcber gab jetzt Verbandsvorsitzender Dipl.-Ing. J\u00f6rg Dienenthal im Rahmen der ordentlichen Mitgliederversammlung des VdSM im Haus der Siegerl\u00e4nder Wirtschaft in Siegen. Im Verlauf der Sitzung wurden zahlreiche neue Mitglieder in den Beirat des Verbandes gew\u00e4hlt, der anschlie\u00dfend in seiner konstituierenden Sitzung den Vorstand in seinem Amt best\u00e4tigte.<\/p>\n<p>\u201eNeben den umfangreichen Umbau- und\u00a0 Modernisierungsma\u00dfnahmen im und am Haus der Wirtschaft haben wir auch die historische Aufarbeitung unserer Verbandsgeschichte in 2013 erfolgreich abschlie\u00dfen k\u00f6nnen\u201c, erl\u00e4uterte J\u00f6rg Dienenthal. Das Ergebnis dieser Arbeit konnte Anfang 2014 unter dem Titel: \u201eEinmischung und Mitgestaltung \u2013 Die Arbeitgeberverb\u00e4nde in Siegen-Wittgenstein seit 1945\u201c der \u00d6ffentlichkeit vorgestellt werden. Drei Jahre lang hat Dr. Cornelius Neutsch von der Universit\u00e4t Siegen an dem insgesamt 672 Seiten umfassenden Werk gearbeitet. Es handelt sich dabei um die bislang umfangreichste Darstellung der geschichtlichen Entwicklung eines Arbeitgeberverbandes.<\/p>\n<p>\u201eNicht ohne Sorge betrachten wir derzeit die M+E-Konjunktur\u201c, analysierte J\u00f6rg Dienenthal die aktuelle Wirtschaftsentwicklung. Alles was mit dem Auto zusammenh\u00e4nge oder in diese Bereiche geliefert werde, laufe gut bis sehr gut. \u201eAndere Bereiche, die vor allem an der Energie und am Stahlbereich h\u00e4ngen, schw\u00e4cheln. Und von Letzterem\u00a0 haben wir einige Branchen in Siegen-Wittgenstein. Dazu geh\u00f6ren beispielsweise der Maschinen- und Gro\u00dfanlagenbau oder die R\u00f6hrenindustrie und die Walzengie\u00dfereien. Diese liegen derzeit eher im Konjunkturschatten.\u201c Drastisch versch\u00e4rfen w\u00fcrde sich die konjunkturelle Lage, wenn es im Zuge der Krise um die Ukraine zu weiterreichenden Sanktionen oder gar zu einem Handelskrieg mit Russland kommen sollte.<\/p>\n<p>Ebenso kritisch \u00e4u\u00dferte sich der VdSM-Vorsitzende auch zu aktuellen innenpolitischen Entwicklungen. \u201eMein Eindruck ist, dass sich offenbar die Gro\u00dfe Koalition in Berlin den Ausbau des Sozialstaates auf die Fahnen geschrieben hat. Die beschlossene Rente mit 63 verursacht in der Zukunft milliardenschwere Zusatzausgaben und geht voll zu Lasten der jungen Generation. Der staatliche Mindestlohn stellt nicht nur einen massiven Eingriff in die Tarifautonomie dar, sondern k\u00f6nnte die Politik in der Zukunft zu weiteren Einmischungen ermutigen.\u201c<\/p>\n<p>Zwar seien die notwendigen Ausnahmen f\u00fcr energieintensive Unternehmen von der EEG-Umlage auch dank des politischen Drucks von Unternehmen und Verb\u00e4nden offenbar unter Dach und Fach. Ob diese Regelung Bestand haben wird, werde man sehen. Denn das Management der Energiewende schw\u00e4chele nach wie vor und k\u00f6nne zu weiteren enormen Kostenspr\u00fcngen im Bereich der Energie f\u00fchren.<\/p>\n<p>Im Anschluss an die vereins\u00fcblichen Regularien einer Mitgliederversammlung standen dann die turnusm\u00e4\u00dfigen Wahlen zum Beirat des VdSM auf der Tagesordnung. Folgende Unternehmerinnen und Unternehmen wurden in den Beirat gew\u00e4hlt: Dipl.-Ing. ETH Axel E. Barten (Achenbach Buschh\u00fctten GmbH, Kreuztal), Dipl.-Ing. Bernd Berg (BERGROHR GMBH SIEGEN, Siegen), Ulrich Capito (Carl Capito GmbH, Neunkirchen), Dipl.-Kaufmann Burkhard Dahmen (SMS Siemag AG, Hilchenbach), Dipl.-Ing. J\u00f6rg Dienenthal (Dango &amp; Dienenthal Maschinenbau GmbH, Siegen), Werner Farnschl\u00e4der (Rostfrei-Stahl Geisweid GmbH, Netphen), Dr.-Ing. Uwe Fischer (Leonhard Breitenbach GmbH, Siegen), Wieland Frank (SIEGENIA-AUBI KG, Wilnsdorf), Dipl.-Ing. Dr. Thomas Gr\u00e4bener (GR\u00c4BENER Pressensysteme GmbH &amp; Co. KG, Netphen), Dr.-Ing. Lutz Henrich (Maschinenfabrik Fr. W. Schnutz GmbH &amp; Co. KG, Siegen), Dipl.-Kfm. Olaf H\u00fcbner (Kabelschlepp GmbH, Wenden), Dipl.-Kfm. Christian F. Kocherscheidt (EJOT Holding GmbH &amp; Co. KG, Bad Berleburg), Dipl.-Wirtsch.-Ing. Jochen K\u00f6nig ( K\u00f6nig + Co. GmbH, Netphen), Dipl.-Ing. Jan Roland Osterrath (Osterrath GmbH &amp; Co. KG, Bad Laasphe), Dipl.-Betriebwirtin (FH) Nina Patisson (Albrecht B\u00e4umer GmbH &amp; Co. KG, Freudenberg), Dipl.-Kfm., Dipl.-Ing. Rainer Seelbach (Eisenbau Kr\u00e4mer mbH, Hilchenbach), RA Konstantin Slawinski (Slawinski &amp; Co. GmbH, Siegen), Dipl.-Ing. Klaus Wilbert (Heinrich Wagner Sinto Maschinenfabrik GmbH, Bad Laasphe).<\/p>\n<p>Der vom Beirat f\u00fcr weitere drei Jahre gew\u00e4hlte Vorstand des VdSM setzt sich wie folgt zusammen: Vorsitzender: Dipl.-Ing. J\u00f6rg Dienenthal (Dango &amp; Dienenthal Maschinenbau GmbH, Siegen), stellv. Vorsitzender: Dipl.-Ing. ETH Axel E. Barten (Achenbach Buschh\u00fctten GmbH, Kreuztal), stellv. Vorsitzender: Dipl.-Kfm. Christian F. Kocherscheidt (EJOT Holding GmbH &amp; Co. KG, Bad Berleburg), Dipl.-Kaufmann Burkhard Dahmen (SMS Siemag AG, Hilchenbach), Wieland Frank (SIEGENIA-AUBI KG, Wilnsdorf), Dipl.-Kfm., Dipl.-Ing. Rainer Seelbach (Eisenbau Kr\u00e4mer mbH, Hilchenbach).<\/p>\n","protected":false},"excerpt":{"rendered":"<p>2013 war f\u00fcr den VdSM Verband der Siegerl\u00e4nder Metallindustriellen e.V. ein eher ruhiges Jahr. Das lag vor allem daran, dass keine Tarifverhandlungen gef\u00fchrt werden mussten&#8230;.<\/p>\n","protected":false},"author":2,"featured_media":0,"comment_status":"open","ping_status":"open","sticky":false,"template":"","format":"standard","meta":{"_jetpack_memberships_contains_paid_content":false,"footnotes":""},"categories":[11],"tags":[],"class_list":["post-1969","post","type-post","status-publish","format-standard","hentry","category-regionale-wirtschaft"],"jetpack_featured_media_url":"","jetpack_sharing_enabled":true,"_links":{"self":[{"href":"https:\/\/www.vdsm.net\/wronline\/wp-json\/wp\/v2\/posts\/1969","targetHints":{"allow":["GET"]}}],"collection":[{"href":"https:\/\/www.vdsm.net\/wronline\/wp-json\/wp\/v2\/posts"}],"about":[{"href":"https:\/\/www.vdsm.net\/wronline\/wp-json\/wp\/v2\/types\/post"}],"author":[{"embeddable":true,"href":"https:\/\/www.vdsm.net\/wronline\/wp-json\/wp\/v2\/users\/2"}],"replies":[{"embeddable":true,"href":"https:\/\/www.vdsm.net\/wronline\/wp-json\/wp\/v2\/comments?post=1969"}],"version-history":[{"count":1,"href":"https:\/\/www.vdsm.net\/wronline\/wp-json\/wp\/v2\/posts\/1969\/revisions"}],"predecessor-version":[{"id":1970,"href":"https:\/\/www.vdsm.net\/wronline\/wp-json\/wp\/v2\/posts\/1969\/revisions\/1970"}],"wp:attachment":[{"href":"https:\/\/www.vdsm.net\/wronline\/wp-json\/wp\/v2\/media?parent=1969"}],"wp:term":[{"taxonomy":"category","embeddable":true,"href":"https:\/\/www.vdsm.net\/wronline\/wp-json\/wp\/v2\/categories?post=1969"},{"taxonomy":"post_tag","embeddable":true,"href":"https:\/\/www.vdsm.net\/wronline\/wp-json\/wp\/v2\/tags?post=1969"}],"curies":[{"name":"wp","href":"https:\/\/api.w.org\/{rel}","templated":true}]}}