{"id":19223,"date":"2020-06-24T14:39:40","date_gmt":"2020-06-24T12:39:40","guid":{"rendered":"https:\/\/www.vdsm.net\/wronline\/?p=19223"},"modified":"2020-06-24T14:39:40","modified_gmt":"2020-06-24T12:39:40","slug":"bundesregierung-unterstuetzt-kleine-und-mittlere-ausbildungsbetriebe","status":"publish","type":"post","link":"https:\/\/www.vdsm.net\/wronline\/bundesregierung-unterstuetzt-kleine-und-mittlere-ausbildungsbetriebe\/","title":{"rendered":"Bundesregierung unterst\u00fctzt kleine und mittlere Ausbildungsbetriebe"},"content":{"rendered":"<p>500 Millionen Euro stehen f\u00fcr das Bundesprogramm &#8222;Ausbildungspl\u00e4tze sichern&#8220; bereit. Es soll in diesem und dem n\u00e4chsten Jahr kleine und mittlere Unternehmen mit bis zu 249 Mitarbeitern unterst\u00fctzen, um die Folgen den Covid-19-Pandemie auf den Lehrstellenmarkt abzufedern.<\/p>\n<ul class=\"rte--list\">\n<li>Betriebe, die besonders von der Corona-Pandemie\u00a0betroffen sind, bekommen eine Pr\u00e4mie, wenn sie ihr Ausbildungsniveau halten. Vorgesehen sind 2.000 Euro f\u00fcr jeden Ausbildungsvertrag, der f\u00fcr\u00a02020\/2021 abgeschlossenen wird.<\/li>\n<li>3.000 Euro sollen f\u00fcr jeden zus\u00e4tzlich abgeschlossenen Ausbildungsvertrag gezahlt werden.<\/li>\n<li>Unternehmen erhalten eine Pr\u00e4mie von 3.000 Euro f\u00fcr jeden Auszubildenden, den sie von pandemiebedingt insolventen Betrieben aufnehmen.<\/li>\n<\/ul>\n<p>Weitere Informationen gibt es <a href=\"https:\/\/www.bundesregierung.de\/breg-de\/aktuelles\/ausbildungsplaetze-sichern-1763542\" target=\"_blank\" rel=\"noopener noreferrer\">hier<\/a><\/p>\n","protected":false},"excerpt":{"rendered":"<p>500 Millionen Euro stehen f\u00fcr das Bundesprogramm &#8222;Ausbildungspl\u00e4tze sichern&#8220; bereit. Es soll in diesem und dem n\u00e4chsten Jahr kleine und mittlere Unternehmen mit bis zu&#8230;<\/p>\n","protected":false},"author":2,"featured_media":19224,"comment_status":"open","ping_status":"open","sticky":false,"template":"","format":"standard","meta":{"_jetpack_newsletter_access":"","_jetpack_dont_email_post_to_subs":false,"_jetpack_newsletter_tier_id":0,"_jetpack_memberships_contains_paywalled_content":false,"_jetpack_feature_clip_id":0,"_jetpack_memberships_contains_paid_content":false,"footnotes":"","jetpack_post_was_ever_published":false},"categories":[8,32,11],"tags":[],"class_list":["post-19223","post","type-post","status-publish","format-standard","has-post-thumbnail","hentry","category-ausbildung","category-infos","category-regionale-wirtschaft"],"jetpack_sharing_enabled":true,"jetpack_featured_media_url":"https:\/\/www.vdsm.net\/wronline\/wp-content\/uploads\/2020\/06\/2020-06-24-grafik-ausbildun.jpg","_links":{"self":[{"href":"https:\/\/www.vdsm.net\/wronline\/wp-json\/wp\/v2\/posts\/19223","targetHints":{"allow":["GET"]}}],"collection":[{"href":"https:\/\/www.vdsm.net\/wronline\/wp-json\/wp\/v2\/posts"}],"about":[{"href":"https:\/\/www.vdsm.net\/wronline\/wp-json\/wp\/v2\/types\/post"}],"author":[{"embeddable":true,"href":"https:\/\/www.vdsm.net\/wronline\/wp-json\/wp\/v2\/users\/2"}],"replies":[{"embeddable":true,"href":"https:\/\/www.vdsm.net\/wronline\/wp-json\/wp\/v2\/comments?post=19223"}],"version-history":[{"count":1,"href":"https:\/\/www.vdsm.net\/wronline\/wp-json\/wp\/v2\/posts\/19223\/revisions"}],"predecessor-version":[{"id":19225,"href":"https:\/\/www.vdsm.net\/wronline\/wp-json\/wp\/v2\/posts\/19223\/revisions\/19225"}],"wp:featuredmedia":[{"embeddable":true,"href":"https:\/\/www.vdsm.net\/wronline\/wp-json\/wp\/v2\/media\/19224"}],"wp:attachment":[{"href":"https:\/\/www.vdsm.net\/wronline\/wp-json\/wp\/v2\/media?parent=19223"}],"wp:term":[{"taxonomy":"category","embeddable":true,"href":"https:\/\/www.vdsm.net\/wronline\/wp-json\/wp\/v2\/categories?post=19223"},{"taxonomy":"post_tag","embeddable":true,"href":"https:\/\/www.vdsm.net\/wronline\/wp-json\/wp\/v2\/tags?post=19223"}],"curies":[{"name":"wp","href":"https:\/\/api.w.org\/{rel}","templated":true}]}}