{"id":1920,"date":"2014-05-05T15:18:28","date_gmt":"2014-05-05T13:18:28","guid":{"rendered":"http:\/\/www.vdsm.net\/wronline\/?p=1920"},"modified":"2014-05-05T15:18:28","modified_gmt":"2014-05-05T13:18:28","slug":"wittgensteiner-unternehmer-mit-konjunkturlage-zufrieden","status":"publish","type":"post","link":"https:\/\/www.vdsm.net\/wronline\/wittgensteiner-unternehmer-mit-konjunkturlage-zufrieden\/","title":{"rendered":"Wittgensteiner Unternehmer mit Konjunkturlage zufrieden"},"content":{"rendered":"<p>Zum traditionellen \u201eWittgensteiner Unternehmergespr\u00e4ch\u201c der Industrie- und Handelskammer (IHK) konnte Vizepr\u00e4sident Christian Kocherscheidt k\u00fcrzlich zahlreiche Unternehmerkolleginnen und \u2013kollegen im Landhotel Doerr in Feudingen begr\u00fc\u00dfen. Sein besonderer Gru\u00df galt den frisch gew\u00e4hlten Vertretern, die in der neuen Vollversammlung der IHK die Interessen der Wittgensteiner Wirtschaft vertreten. F\u00fcr den \u201eGro\u00df- und Einzelhandel\u201c, die \u201eHandelsvermittler\u201c und den \u201eKfz.-Handel\u201c ist das Konstantin Bikar, Gesch\u00e4ftsf\u00fchrer von Bikar Metalle GmbH in Bad Berleburg, die \u201eSonstigen Dienstleistungen\u201c vertritt, wie schon in der letzten Vollversammlung, G\u00fcnter Schmidt, pers\u00f6nlich haftender Gesellschafter der Rothaar Immobilien GbR und die \u201eIndustrie\u201c repr\u00e4sentieren Dirk P\u00f6ppel, BSW Berleburger Schaumstoffwerk GmbH, sowie Christian Kocherscheidt selbst, Gesch\u00e4ftsf\u00fchrer der EJOT GmbH &amp; Co. KG.<\/p>\n<div id=\"attachment_1921\" style=\"width: 310px\" class=\"wp-caption alignleft\"><a href=\"http:\/\/www.vdsm.net\/wronline\/wp-content\/uploads\/2014\/05\/061-14-Wittgensteiner-Unternehmergespr\u00e4ch.jpg\"><img loading=\"lazy\" decoding=\"async\" aria-describedby=\"caption-attachment-1921\" class=\"size-medium wp-image-1921\" src=\"http:\/\/www.vdsm.net\/wronline\/wp-content\/uploads\/2014\/05\/061-14-Wittgensteiner-Unternehmergespr\u00e4ch-300x169.jpg\" alt=\"Zum traditionellen \u201eWittgensteiner Unternehmergespr\u00e4ch\u201c der IHK Siegen konnte Vizepr\u00e4sident Christian Kocherscheidt k\u00fcrzlich zahlreiche Unternehmerkolleginnen und \u2013kollegen im Landhotel Doerr begr\u00fc\u00dfen. \" width=\"300\" height=\"169\" srcset=\"https:\/\/www.vdsm.net\/wronline\/wp-content\/uploads\/2014\/05\/061-14-Wittgensteiner-Unternehmergespr\u00e4ch-300x169.jpg 300w, https:\/\/www.vdsm.net\/wronline\/wp-content\/uploads\/2014\/05\/061-14-Wittgensteiner-Unternehmergespr\u00e4ch.jpg 700w\" sizes=\"auto, (max-width: 300px) 100vw, 300px\" \/><\/a><p id=\"caption-attachment-1921\" class=\"wp-caption-text\">Zum traditionellen \u201eWittgensteiner Unternehmergespr\u00e4ch\u201c der IHK Siegen konnte Vizepr\u00e4sident Christian Kocherscheidt k\u00fcrzlich zahlreiche Unternehmerkolleginnen und \u2013kollegen im Landhotel Doerr begr\u00fc\u00dfen.<\/p><\/div>\n<p>Die Bedeutung des industriellen Sektors in Wittgenstein habe ihren Niederschlag darin gefunden, so Christian Kocherscheidt, dass f\u00fcr die Gruppe \u201eIndustrie\u201c jetzt ein Wittgensteiner mehr in der IHK-Vollversammlung sitze als in der letzten Wahlperiode. Sehr zufrieden war Kocherscheidt mit der ausgesprochen guten Wahlbeteiligung von fast 20 Prozent. Er forderte alle Wittgensteiner IHK-Mitglieder auf, \u201eihre\u201c Vertreter in der Vollversammlung dann anzusprechen, wenn sie besondere Probleme oder Anliegen h\u00e4tten.<\/p>\n<p>Zur Konjunkturlage \u00e4u\u00dferte sich Kocherscheidt zufrieden. Der IHK-Konjunkturklimaindex habe zuletzt deutlich zugelegt und signalisiere, dass sich die regionale Wirtschaft nach wie vor im Aufw\u00e4rtstrend befinde, auch wenn in einigen speziellen Industriebranchen der Auftragseingang noch zu w\u00fcnschen \u00fcbrig lie\u00dfe. Dies treffe vor allen Dingen Hersteller von Maschinen und Anlagen f\u00fcr die Stahl- oder stahlnahe Industrie.<\/p>\n<p>Die Stimmung im Einzelhandel sei nicht schlecht. Auch wenn f\u00fcr die station\u00e4ren H\u00e4ndler die Luft aufgrund der starken Position der Interneth\u00e4ndler d\u00fcnner werde.<\/p>\n<p>Im Zentrum des \u201eWittgensteiner Unternehmergespr\u00e4chs\u201c standen Informationen \u00fcber die Fortschritte der Marketingaktivit\u00e4ten f\u00fcr S\u00fcdwestfalen. Marie Ting, die in der S\u00fcdwestfalen Agentur in Olpe das Projekt betreut, berichtete \u00fcber die bisherigen Aktivit\u00e4ten, die schwerpunktm\u00e4\u00dfig darauf gerichtet seien, S\u00fcdwestfalen als attraktiven Arbeits- und Lebensraum bekanntzumachen. Schl\u00fcsselinstrument dazu sei eine umfassende Internetplattform, \u00fcber die Informationen zu den Themen \u201eArbeiten, Wohnen, Familie und Bildung, Wirtschaft und Freizeit\u201c abgerufen werden k\u00f6nnten. Frau Ting erl\u00e4uterte den Unternehmensvertretern ausf\u00fchrlich die Mehrwerte, die mit einer Mitgliedschaft im \u201eVerein Wirtschaft f\u00fcr S\u00fcdwestfalen\u201c verbunden seien, indem die unternehmerischen Aktivit\u00e4ten zur F\u00f6rderung der Marketingstrategie f\u00fcr S\u00fcdwestfalen geb\u00fcndelt w\u00fcrden.<\/p>\n<p>In der Diskussion wurde deutlich, dass es mit dem von den s\u00fcdwestf\u00e4lischen Kreisen und der Wirtschaft gemeinsam getragenen und finanzierten Projekt inzwischen merkbar gelungen sei, die Aufmerksamkeit der Politik in D\u00fcsseldorf, in Berlin und auch in Br\u00fcssel st\u00e4rker auf die Leistungsf\u00e4higkeit der starken Industrieregion zu lenken.<\/p>\n<p>Zum Thema \u201eFachkr\u00e4ftemangel und Abdeckung des k\u00fcnftigen Fachkr\u00e4ftebedarfes\u201c wies Christian Kocherscheidt darauf hin, dass die Vollversammlung der IHK in ihrer vergangenen Wintersitzung beschlossen hatte, rund drei Millionen Euro in unterschiedliche Vorhaben zur Fachkr\u00e4ftesicherung zu investieren. Die \u00dcberlegungen reichten dabei von einer Werbekampagne f\u00fcr verst\u00e4rkte betriebliche Erstausbildung \u00fcber eine Beratungsstelle Fachkr\u00e4ftesicherung bis hin zu einem Innovationsbudget f\u00fcr Kindertagesst\u00e4tten und Schulen.<\/p>\n<p>Die Projektvorhaben w\u00fcrden sukzessive abgearbeitet. Ein wesentliches Ziel der Vorhaben bestehe darin, das in der IHK verf\u00fcgbare Know-how im Themenfeld \u201ePersonalentwicklung und Ausbildung\u201c noch st\u00e4rker vor allem denjenigen klein- und mittelst\u00e4ndischen Betrieben zur Verf\u00fcgung zu stellen, die nicht in der betrieblichen Erstausbildung aktiv sind. Kocherscheidt: \u201eDie beste Auftragslage n\u00fctzt den Firmen nichts, wenn kein geeignetes Personal zur Verf\u00fcgung steht, diese Auftr\u00e4ge abzuarbeiten.\u201c Hier m\u00f6glichst vielen Unternehmen zus\u00e4tzlich Hilfestellung anzubieten, ist eines der wichtigsten Anliegen dieser IHK-Initiative.<\/p>\n<p>Auch das Thema \u201eVerkehrsverbindung\u201c stand auf das Agenda des Unternehmergespr\u00e4chs. Kocherscheidt berichtete \u00fcber die Aktivit\u00e4ten zur \u201eRoute 57\u201c. Damit diese Kampagne f\u00fcr die Anbindung Wittgensteins erfolgreich weitergef\u00fchrt werden k\u00f6nne, appellierte er an die Unternehmer, \u201ebei der Stange zu bleiben\u201c und die bislang sehr \u00f6ffentlichkeitswirksamen Aktivit\u00e4ten weiter auch finanziell zu unterst\u00fctzen. Bei diesem Projekt brauche es einen langen Atem. Er zeigte sich entschlossen, die bew\u00e4hrte Zusammenarbeit von Wirtschaft und Gewerkschaften fortzusetzen. Als besonders erfreuliches Beispiel dieser kontinuierlichen Arbeit bezeichnete er die k\u00fcrzlich gegr\u00fcndete B\u00fcrgerinitiative im Kreuztaler Ferndorftal, deren Mitglieder \u201ees satt sind, die derzeitige Stra\u00dfensituation zu ertragen\u201c.<\/p>\n","protected":false},"excerpt":{"rendered":"<p>Zum traditionellen \u201eWittgensteiner Unternehmergespr\u00e4ch\u201c der Industrie- und Handelskammer (IHK) konnte Vizepr\u00e4sident Christian Kocherscheidt k\u00fcrzlich zahlreiche Unternehmerkolleginnen und \u2013kollegen im Landhotel Doerr in Feudingen begr\u00fc\u00dfen. Sein&#8230;<\/p>\n","protected":false},"author":2,"featured_media":1921,"comment_status":"open","ping_status":"open","sticky":false,"template":"","format":"standard","meta":{"_jetpack_memberships_contains_paid_content":false,"footnotes":""},"categories":[11],"tags":[],"class_list":["post-1920","post","type-post","status-publish","format-standard","has-post-thumbnail","hentry","category-regionale-wirtschaft"],"jetpack_featured_media_url":"https:\/\/www.vdsm.net\/wronline\/wp-content\/uploads\/2014\/05\/061-14-Wittgensteiner-Unternehmergespr\u00e4ch.jpg","jetpack_sharing_enabled":true,"_links":{"self":[{"href":"https:\/\/www.vdsm.net\/wronline\/wp-json\/wp\/v2\/posts\/1920","targetHints":{"allow":["GET"]}}],"collection":[{"href":"https:\/\/www.vdsm.net\/wronline\/wp-json\/wp\/v2\/posts"}],"about":[{"href":"https:\/\/www.vdsm.net\/wronline\/wp-json\/wp\/v2\/types\/post"}],"author":[{"embeddable":true,"href":"https:\/\/www.vdsm.net\/wronline\/wp-json\/wp\/v2\/users\/2"}],"replies":[{"embeddable":true,"href":"https:\/\/www.vdsm.net\/wronline\/wp-json\/wp\/v2\/comments?post=1920"}],"version-history":[{"count":1,"href":"https:\/\/www.vdsm.net\/wronline\/wp-json\/wp\/v2\/posts\/1920\/revisions"}],"predecessor-version":[{"id":1922,"href":"https:\/\/www.vdsm.net\/wronline\/wp-json\/wp\/v2\/posts\/1920\/revisions\/1922"}],"wp:featuredmedia":[{"embeddable":true,"href":"https:\/\/www.vdsm.net\/wronline\/wp-json\/wp\/v2\/media\/1921"}],"wp:attachment":[{"href":"https:\/\/www.vdsm.net\/wronline\/wp-json\/wp\/v2\/media?parent=1920"}],"wp:term":[{"taxonomy":"category","embeddable":true,"href":"https:\/\/www.vdsm.net\/wronline\/wp-json\/wp\/v2\/categories?post=1920"},{"taxonomy":"post_tag","embeddable":true,"href":"https:\/\/www.vdsm.net\/wronline\/wp-json\/wp\/v2\/tags?post=1920"}],"curies":[{"name":"wp","href":"https:\/\/api.w.org\/{rel}","templated":true}]}}