{"id":19171,"date":"2020-06-22T07:48:06","date_gmt":"2020-06-22T05:48:06","guid":{"rendered":"https:\/\/www.vdsm.net\/wronline\/?p=19171"},"modified":"2020-06-22T21:25:17","modified_gmt":"2020-06-22T19:25:17","slug":"webinar-fuer-gruender","status":"publish","type":"post","link":"https:\/\/www.vdsm.net\/wronline\/webinar-fuer-gruender\/","title":{"rendered":"Webinar f\u00fcr Gr\u00fcnder"},"content":{"rendered":"<div>\n<p>Die Industrie- und Handelskammer Siegen (IHK) bietet am 08. Juli 2020 um 13 Uhr das \u201eBasisseminar f\u00fcr Existenzgr\u00fcnder\/ innen\u201c per Videokonferenz an. Im Webinar kl\u00e4ren Gr\u00fcndungsberaterin Sabine Bechheim und Rechtsreferentin Tanja Wagener insbesondere die formalen und rechtlichen Rahmenbedingungen der Gr\u00fcndung. Sie informieren die Teilnehmer au\u00dferdem \u00fcber M\u00f6glichkeiten zur Risikoabsicherung. Die Referentinnen geben einen \u00dcberblick \u00fcber Hilfen bei der Gr\u00fcndung und beantworten gerne die pers\u00f6nlichen Fragen der Teilnehmer. Weitere Informationen und die M\u00f6glichkeit zur Anmeldung finden interessierte Gr\u00fcnderinnen und Gr\u00fcnder hier: <a href=\"https:\/\/events.ihk-siegen.de\/termine\/546\/\" target=\"_blank\" rel=\"noopener noreferrer\">https:\/\/events.ihk-siegen.de\/termine\/546\/<\/a>. \u00a0Die Teilnahme ist mit mobilem Endger\u00e4t (Video\/Audio) ebenso m\u00f6glich wie per Telefon.<\/p>\n<p>Die IHK Siegen ist Mitglied bei &#8222;Startpunkt 57&#8220;. Die Initiative f\u00fcr Gr\u00fcnder ist ein Zusammenschluss zahlreicher Unternehmen und Institutionen aus der Region Siegen-Wittgenstein zur F\u00f6rderung von Existenzgr\u00fcndern. Weitere Informationen zu Existenzgr\u00fcndern und Selbstst\u00e4ndigkeit gibt es unter <a href=\"https:\/\/www.ihk-siegen.de\/\" target=\"_blank\" rel=\"noopener noreferrer\">www.ihk-siegen.de<\/a> und <a href=\"https:\/\/www.startpunkt57.de\/\" target=\"_blank\" rel=\"noopener noreferrer\">www.startpunkt57.de<\/a>.<\/p>\n<p>Text: IHK Siegen<\/p>\n<\/div>\n","protected":false},"excerpt":{"rendered":"<p>Die Industrie- und Handelskammer Siegen (IHK) bietet am 08. Juli 2020 um 13 Uhr das \u201eBasisseminar f\u00fcr Existenzgr\u00fcnder\/ innen\u201c per Videokonferenz an. Im Webinar kl\u00e4ren&#8230;<\/p>\n","protected":false},"author":6,"featured_media":4018,"comment_status":"open","ping_status":"open","sticky":false,"template":"","format":"standard","meta":{"_jetpack_newsletter_access":"","_jetpack_dont_email_post_to_subs":false,"_jetpack_newsletter_tier_id":0,"_jetpack_memberships_contains_paywalled_content":false,"_jetpack_feature_clip_id":0,"_jetpack_memberships_contains_paid_content":false,"footnotes":"","jetpack_post_was_ever_published":false},"categories":[32,34,11],"tags":[],"class_list":["post-19171","post","type-post","status-publish","format-standard","has-post-thumbnail","hentry","category-infos","category-termine","category-regionale-wirtschaft"],"jetpack_sharing_enabled":true,"jetpack_featured_media_url":"https:\/\/www.vdsm.net\/wronline\/wp-content\/uploads\/2016\/06\/wronline-ihk.jpg","_links":{"self":[{"href":"https:\/\/www.vdsm.net\/wronline\/wp-json\/wp\/v2\/posts\/19171","targetHints":{"allow":["GET"]}}],"collection":[{"href":"https:\/\/www.vdsm.net\/wronline\/wp-json\/wp\/v2\/posts"}],"about":[{"href":"https:\/\/www.vdsm.net\/wronline\/wp-json\/wp\/v2\/types\/post"}],"author":[{"embeddable":true,"href":"https:\/\/www.vdsm.net\/wronline\/wp-json\/wp\/v2\/users\/6"}],"replies":[{"embeddable":true,"href":"https:\/\/www.vdsm.net\/wronline\/wp-json\/wp\/v2\/comments?post=19171"}],"version-history":[{"count":4,"href":"https:\/\/www.vdsm.net\/wronline\/wp-json\/wp\/v2\/posts\/19171\/revisions"}],"predecessor-version":[{"id":19187,"href":"https:\/\/www.vdsm.net\/wronline\/wp-json\/wp\/v2\/posts\/19171\/revisions\/19187"}],"wp:featuredmedia":[{"embeddable":true,"href":"https:\/\/www.vdsm.net\/wronline\/wp-json\/wp\/v2\/media\/4018"}],"wp:attachment":[{"href":"https:\/\/www.vdsm.net\/wronline\/wp-json\/wp\/v2\/media?parent=19171"}],"wp:term":[{"taxonomy":"category","embeddable":true,"href":"https:\/\/www.vdsm.net\/wronline\/wp-json\/wp\/v2\/categories?post=19171"},{"taxonomy":"post_tag","embeddable":true,"href":"https:\/\/www.vdsm.net\/wronline\/wp-json\/wp\/v2\/tags?post=19171"}],"curies":[{"name":"wp","href":"https:\/\/api.w.org\/{rel}","templated":true}]}}