{"id":1894,"date":"2014-04-25T10:52:39","date_gmt":"2014-04-25T08:52:39","guid":{"rendered":"http:\/\/www.vdsm.net\/wronline\/?p=1894"},"modified":"2014-04-25T10:52:39","modified_gmt":"2014-04-25T08:52:39","slug":"wirtschaftsjunioren-blickten-hinter-die-kulissen-der-city-galerie-in-siegen","status":"publish","type":"post","link":"https:\/\/www.vdsm.net\/wronline\/wirtschaftsjunioren-blickten-hinter-die-kulissen-der-city-galerie-in-siegen\/","title":{"rendered":"Wirtschaftsjunioren blickten hinter die Kulissen der City-Galerie in Siegen"},"content":{"rendered":"<div id=\"attachment_1895\" style=\"width: 310px\" class=\"wp-caption alignleft\"><a href=\"http:\/\/www.vdsm.net\/wronline\/wp-content\/uploads\/2014\/04\/City-galerie-7766.jpg\"><img loading=\"lazy\" decoding=\"async\" aria-describedby=\"caption-attachment-1895\" class=\"size-medium wp-image-1895\" src=\"http:\/\/www.vdsm.net\/wronline\/wp-content\/uploads\/2014\/04\/City-galerie-7766-300x200.jpg\" alt=\"Gruppenbild der Wirtschaftsjunioren mit dem Center Manager Sebastian Kurth (ganz links) in der City-Galerie.\" width=\"300\" height=\"200\" srcset=\"https:\/\/www.vdsm.net\/wronline\/wp-content\/uploads\/2014\/04\/City-galerie-7766-300x200.jpg 300w, https:\/\/www.vdsm.net\/wronline\/wp-content\/uploads\/2014\/04\/City-galerie-7766-150x100.jpg 150w, https:\/\/www.vdsm.net\/wronline\/wp-content\/uploads\/2014\/04\/City-galerie-7766.jpg 600w\" sizes=\"auto, (max-width: 300px) 100vw, 300px\" \/><\/a><p id=\"caption-attachment-1895\" class=\"wp-caption-text\">Gruppenbild der Wirtschaftsjunioren mit dem Center Manager Sebastian Kurth (ganz links) in der City-Galerie.<\/p><\/div>\n<p>Einen der ganz gro\u00dfen Anziehungspunkte in der Region stellt die im Herbst 1998 er\u00f6ffnete City-Galerie in Siegen dar. Vorgestern warfen 20 Mitglieder der Wirtschaftsjunioren S\u00fcdwestfalen einen Blick hinter die Kulissen und informierten sich \u00fcber das Management dieses Konsumtempels.<\/p>\n<p>Center Manager Sebastian Kurth, der mit einem Team von nur 12 Mitarbeiterinnen und Mitarbeitern f\u00fcr den Betrieb (u.a. Vermietungsservice, Facility Management) und dessen Weiterentwicklung Verantwortung tr\u00e4gt, lie\u00df gegen\u00fcber den Besuchern Zahlen sprechen: 100 Fachgesch\u00e4fte (d.h. Vollbelegung) auf 23.500 m<sup>2 <\/sup>Verkaufsfl\u00e4che, rund 1.000 Besch\u00e4ftigte inklusive 60 Azubis, 1.250 Parkpl\u00e4tze und durchschnittlich 28.500 Besucher pro Tag im vergangenen Jahr (in\u00a0 der\u00a0 Spitze waren es sogar 56.000 Besucher\u00a0 am 23.12.) kennzeichnen den Einkaufsmittelpunkt von Siegen. Ein attraktiver Branchenmix, eine gute Verkehrsanbindung und ein gro\u00dfes Einzugsgebiet mit ca. 600.000 Einwohnern tragen nach Ansicht des Center Managers zum Erfolg bei.<\/p>\n<p>Die Besucher bekamen auch die vielf\u00e4ltigen Aufgaben des Center Managements vorgestellt. \u201eDer t\u00e4glich laufende Betrieb muss immer professionell gew\u00e4hrleistet sein gem\u00e4\u00df dem ECE-Motto hell, sicher, sauber und stets freundlich\u201c, betonte Sebastian Kurth. Gesch\u00e4ftspolitisch arbeite er aktiv daran mit, ganz Siegen als Einkaufsstadt attraktiver zu machen. Im Gespr\u00e4ch w\u00fcnschte er sich mehr verkaufsoffene Sonntage und mehr einheitliche \u00d6ffnungszeiten\u00a0 in der Kernstadt. Denn der Einzelhandel werde trotz Internet auch in den n\u00e4chsten Jahren seine hohe Bedeutung f\u00fcr Siegen behalten. In der City Galerie arbeite man daran, digitale Themen in das Center zu integrieren.<\/p>\n<p>Die City-Galerie ist eines von 189 Centern in 17 L\u00e4ndern, die von ECE mit Sitz in Hamburg betrieben werden. ECE ist damit in der Branche mit einem Jahresumsatz von rund 21 Mrd. \u20ac Marktf\u00fchrer in Europa und wiederum ein Schwesterunternehmen der familiengef\u00fchrten otto group.\u00a0 Weitere Informationen gibt es hier: <a href=\"http:\/\/www.ece.de\" target=\"_blank\">www.ece.de<\/a> .<\/p>\n","protected":false},"excerpt":{"rendered":"<p>Einen der ganz gro\u00dfen Anziehungspunkte in der Region stellt die im Herbst 1998 er\u00f6ffnete City-Galerie in Siegen dar. Vorgestern warfen 20 Mitglieder der Wirtschaftsjunioren S\u00fcdwestfalen&#8230;<\/p>\n","protected":false},"author":2,"featured_media":1895,"comment_status":"open","ping_status":"open","sticky":false,"template":"","format":"standard","meta":{"_jetpack_memberships_contains_paid_content":false,"footnotes":""},"categories":[1],"tags":[],"class_list":["post-1894","post","type-post","status-publish","format-standard","has-post-thumbnail","hentry","category-aktuell"],"jetpack_featured_media_url":"https:\/\/www.vdsm.net\/wronline\/wp-content\/uploads\/2014\/04\/City-galerie-7766.jpg","jetpack_sharing_enabled":true,"_links":{"self":[{"href":"https:\/\/www.vdsm.net\/wronline\/wp-json\/wp\/v2\/posts\/1894","targetHints":{"allow":["GET"]}}],"collection":[{"href":"https:\/\/www.vdsm.net\/wronline\/wp-json\/wp\/v2\/posts"}],"about":[{"href":"https:\/\/www.vdsm.net\/wronline\/wp-json\/wp\/v2\/types\/post"}],"author":[{"embeddable":true,"href":"https:\/\/www.vdsm.net\/wronline\/wp-json\/wp\/v2\/users\/2"}],"replies":[{"embeddable":true,"href":"https:\/\/www.vdsm.net\/wronline\/wp-json\/wp\/v2\/comments?post=1894"}],"version-history":[{"count":1,"href":"https:\/\/www.vdsm.net\/wronline\/wp-json\/wp\/v2\/posts\/1894\/revisions"}],"predecessor-version":[{"id":1896,"href":"https:\/\/www.vdsm.net\/wronline\/wp-json\/wp\/v2\/posts\/1894\/revisions\/1896"}],"wp:featuredmedia":[{"embeddable":true,"href":"https:\/\/www.vdsm.net\/wronline\/wp-json\/wp\/v2\/media\/1895"}],"wp:attachment":[{"href":"https:\/\/www.vdsm.net\/wronline\/wp-json\/wp\/v2\/media?parent=1894"}],"wp:term":[{"taxonomy":"category","embeddable":true,"href":"https:\/\/www.vdsm.net\/wronline\/wp-json\/wp\/v2\/categories?post=1894"},{"taxonomy":"post_tag","embeddable":true,"href":"https:\/\/www.vdsm.net\/wronline\/wp-json\/wp\/v2\/tags?post=1894"}],"curies":[{"name":"wp","href":"https:\/\/api.w.org\/{rel}","templated":true}]}}