{"id":1870,"date":"2014-04-07T15:39:26","date_gmt":"2014-04-07T13:39:26","guid":{"rendered":"http:\/\/www.vdsm.net\/wronline\/?p=1870"},"modified":"2014-04-07T15:39:26","modified_gmt":"2014-04-07T13:39:26","slug":"siegenia-feierte-richtfest-im-jubilaeumsjahr","status":"publish","type":"post","link":"https:\/\/www.vdsm.net\/wronline\/siegenia-feierte-richtfest-im-jubilaeumsjahr\/","title":{"rendered":"SIEGENIA feierte Richtfest im Jubil\u00e4umsjahr"},"content":{"rendered":"<p>Die SIEGENIA-AUBI KG, die 2014 auf ihr 100-j\u00e4hriges Bestehen zur\u00fcckblicken kann, begann das Jubil\u00e4umsjahr mit einem Richtfest. Auf dem Firmengel\u00e4nde in Wilnsdorf-Niederdielfen entsteht n\u00e4mlich zurzeit ein neues Ausstellungszentrum, dessen Rohbau jetzt fertiggestellt wurde. In K\u00fcrze werden dort Fachkunden Verarbeiter und Endverbraucher die Gelegenheit bekommen, die Produkte des Unternehmens in einem angemessenen Rahmen in Augenschein nehmen zu k\u00f6nnen.<\/p>\n<div id=\"attachment_1871\" style=\"width: 310px\" class=\"wp-caption alignleft\"><a href=\"http:\/\/www.vdsm.net\/wronline\/wp-content\/uploads\/2014\/04\/SIEGENIA-Ausstellungszentrum.jpg\"><img loading=\"lazy\" decoding=\"async\" aria-describedby=\"caption-attachment-1871\" class=\"size-medium wp-image-1871\" alt=\"So wird das neue Ausstellungszentrum einmal aussehen.\" src=\"http:\/\/www.vdsm.net\/wronline\/wp-content\/uploads\/2014\/04\/SIEGENIA-Ausstellungszentrum-300x216.jpg\" width=\"300\" height=\"216\" srcset=\"https:\/\/www.vdsm.net\/wronline\/wp-content\/uploads\/2014\/04\/SIEGENIA-Ausstellungszentrum-300x216.jpg 300w, https:\/\/www.vdsm.net\/wronline\/wp-content\/uploads\/2014\/04\/SIEGENIA-Ausstellungszentrum.jpg 600w\" sizes=\"auto, (max-width: 300px) 100vw, 300px\" \/><\/a><p id=\"caption-attachment-1871\" class=\"wp-caption-text\">So wird das neue Ausstellungszentrum einmal aussehen.<\/p><\/div>\n<p><span style=\"line-height: 1.5em;\">So innovativ wie die Angebote und L\u00f6sungen von SIEGENIA f\u00fcr die Bauindustrie ist auch das neue 375 qm gro\u00dfe Ausstellungszentrum konzipiert: so ist die fast sieben Meter hohe lasttragende Fassade derzeit genauso einzigartig in ihrer Bauweise wie die hier erstmals im gro\u00dfen Umfang eingesetzten, SIEGENIA-farbig blau bedruckten Solarmodule der Siegener Firma IDEEFA, durch die das Geb\u00e4ude in der Jahresbilanz energieunabh\u00e4ngig wird. Bei der Gestaltung des Geb\u00e4udes arbeitete die hauseigene Bauabteilung Hand in Hand mit den Architekten des modulb\u00fcros, das gemeinsam mit der Ingenieurgemeinschaft IMS und Bohne Ingenieure die Ausf\u00fchrungsplanung erstellte. Die eingeschossige Halle ist direkt mit dem Schulungs- und mit dem Pr\u00fcfzentrum verbunden.<\/span><\/p>\n<p><span style=\"line-height: 1.5em;\">Um m\u00f6glichst viele verschiedene Produkte des Unternehmens, das zu den Weltmarktf\u00fchrern in der Fenster- und T\u00fcrbeschlags- sowie L\u00fcftungstechnik geh\u00f6rt, im realen Einbauzustand zeigen zu k\u00f6nnen, wurden zahlreiche innovative Details speziell f\u00fcr das Geb\u00e4ude neu entwickelt. Die filigrane Stahlkonstruktion tr\u00e4gt zum Beispiel nicht nur die Dachlasten, sondern schwebt freitragend \u00fcber einer neu entwickelten Eckschiebet\u00fcr-L\u00f6sung. Sie erm\u00f6glicht die \u00d6ffnung einer kompletten Geb\u00e4udeecke.<\/span><\/p>\n<p><span style=\"line-height: 1.5em;\">Durch den milden Winter kam der Bau seit dem Spatenstich im vergangenen Oktober gut voran. Lediglich der gro\u00dfe Anfall von Grundwasser machte anfangs zu schaffen. Nach der Fertigstellung des Kellergeschosses konnten dann ab Anfang des Jahres die Betonfertigteil- und Stahlkonstruktion errichtet werden. Auch hier setzt Wieland Frank, pers\u00f6nlich haftender Gesellschafter der SIEGENIA GRUPPE, wieder auf Firmen aus dem Siegerland: \u201eMir ist wichtig, dass man sich auf regionale Partner verlassen kann. Auch das bedeutet f\u00fcr uns Standortsicherung.\u201c<\/span><\/p>\n<p>Eberhard Runkel, Runkel Hochbau GmbH, freute sich pers\u00f6nlich \u00fcber den guten Baufortschritt des Ausstellungszentrums, das schl\u00fcsselfertig errichtet wird. Zuletzt wurde vom Wilnsdorfer Wei\u00dftalwerk die Stahlkonstruktion aufgerichtet, als n\u00e4chstes steht die Dach- und Fassadenmontage an.\u00a0Im Juni wird das Geb\u00e4ude fertiggestellt sein und dann geht es an die Gestaltung der Ausstellung.<\/p>\n","protected":false},"excerpt":{"rendered":"<p>Die SIEGENIA-AUBI KG, die 2014 auf ihr 100-j\u00e4hriges Bestehen zur\u00fcckblicken kann, begann das Jubil\u00e4umsjahr mit einem Richtfest. Auf dem Firmengel\u00e4nde in Wilnsdorf-Niederdielfen entsteht n\u00e4mlich zurzeit&#8230;<\/p>\n","protected":false},"author":2,"featured_media":1871,"comment_status":"open","ping_status":"open","sticky":false,"template":"","format":"standard","meta":{"_jetpack_memberships_contains_paid_content":false,"footnotes":""},"categories":[10],"tags":[],"class_list":["post-1870","post","type-post","status-publish","format-standard","has-post-thumbnail","hentry","category-unternehmen"],"jetpack_featured_media_url":"https:\/\/www.vdsm.net\/wronline\/wp-content\/uploads\/2014\/04\/SIEGENIA-Ausstellungszentrum.jpg","jetpack_sharing_enabled":true,"_links":{"self":[{"href":"https:\/\/www.vdsm.net\/wronline\/wp-json\/wp\/v2\/posts\/1870","targetHints":{"allow":["GET"]}}],"collection":[{"href":"https:\/\/www.vdsm.net\/wronline\/wp-json\/wp\/v2\/posts"}],"about":[{"href":"https:\/\/www.vdsm.net\/wronline\/wp-json\/wp\/v2\/types\/post"}],"author":[{"embeddable":true,"href":"https:\/\/www.vdsm.net\/wronline\/wp-json\/wp\/v2\/users\/2"}],"replies":[{"embeddable":true,"href":"https:\/\/www.vdsm.net\/wronline\/wp-json\/wp\/v2\/comments?post=1870"}],"version-history":[{"count":1,"href":"https:\/\/www.vdsm.net\/wronline\/wp-json\/wp\/v2\/posts\/1870\/revisions"}],"predecessor-version":[{"id":1872,"href":"https:\/\/www.vdsm.net\/wronline\/wp-json\/wp\/v2\/posts\/1870\/revisions\/1872"}],"wp:featuredmedia":[{"embeddable":true,"href":"https:\/\/www.vdsm.net\/wronline\/wp-json\/wp\/v2\/media\/1871"}],"wp:attachment":[{"href":"https:\/\/www.vdsm.net\/wronline\/wp-json\/wp\/v2\/media?parent=1870"}],"wp:term":[{"taxonomy":"category","embeddable":true,"href":"https:\/\/www.vdsm.net\/wronline\/wp-json\/wp\/v2\/categories?post=1870"},{"taxonomy":"post_tag","embeddable":true,"href":"https:\/\/www.vdsm.net\/wronline\/wp-json\/wp\/v2\/tags?post=1870"}],"curies":[{"name":"wp","href":"https:\/\/api.w.org\/{rel}","templated":true}]}}