{"id":1862,"date":"2014-03-27T09:41:50","date_gmt":"2014-03-27T08:41:50","guid":{"rendered":"http:\/\/www.vdsm.net\/wronline\/?p=1862"},"modified":"2014-03-27T09:41:50","modified_gmt":"2014-03-27T08:41:50","slug":"mehr-berufsschullehrer-fuer-mint-faecher","status":"publish","type":"post","link":"https:\/\/www.vdsm.net\/wronline\/mehr-berufsschullehrer-fuer-mint-faecher\/","title":{"rendered":"Mehr Berufsschullehrer f\u00fcr MINT-F\u00e4cher"},"content":{"rendered":"<div id=\"attachment_1863\" style=\"width: 310px\" class=\"wp-caption alignleft\"><a href=\"http:\/\/www.vdsm.net\/wronline\/wp-content\/uploads\/2014\/03\/Koop-Berufskolleg.jpg\"><img loading=\"lazy\" decoding=\"async\" aria-describedby=\"caption-attachment-1863\" class=\"size-medium wp-image-1863\" alt=\"Die Unterzeichner (Foto v.l.) sind: Dekan Prof. Dr. Ullrich Pietsch, Schulleiter Manfred K\u00e4mpfer, Landrat Paul Breuer, Uni-Kanzler Ulf Richter.\" src=\"http:\/\/www.vdsm.net\/wronline\/wp-content\/uploads\/2014\/03\/Koop-Berufskolleg-300x225.jpg\" width=\"300\" height=\"225\" srcset=\"https:\/\/www.vdsm.net\/wronline\/wp-content\/uploads\/2014\/03\/Koop-Berufskolleg-300x225.jpg 300w, https:\/\/www.vdsm.net\/wronline\/wp-content\/uploads\/2014\/03\/Koop-Berufskolleg.jpg 600w\" sizes=\"auto, (max-width: 300px) 100vw, 300px\" \/><\/a><p id=\"caption-attachment-1863\" class=\"wp-caption-text\">Die Unterzeichner (Foto v.l.) sind: Dekan Prof. Dr. Ullrich Pietsch, Schulleiter Manfred K\u00e4mpfer, Landrat Paul Breuer, Uni-Kanzler Ulf Richter.<\/p><\/div>\n<p>Die Stiftungsprofessur \u201eDidaktik der Technik an Berufskollegs\u201c ist bundesweit einzigartig. Das Engagement der Kreise Siegen-Wittgenstein, Olpe und Altenkirchen, der Universit\u00e4t Siegen sowie von Partnern aus der Wirtschaft hatten die Etablierung dieses Lehrstuhls an der Universit\u00e4t Siegen erm\u00f6glicht. Besetzt ist er mit Prof. Dr. Ralph Dreher. Nun tr\u00e4gt diese Investition in die Zukunft bereits Fr\u00fcchte: Die Universit\u00e4t Siegen und das Berufskolleg Technik r\u00fccken auf der Grundlage einer Kooperationsvereinbarung n\u00e4her zusammen. Ziel ist zum einen, Sch\u00fclerinnen und Sch\u00fclern des Technischen Gymnasiums am Berufskolleg Technik das Studienangebot der Naturwissenschaftlich-Technischen Fakult\u00e4t der Universit\u00e4t fr\u00fchzeitig nahe zu bringen und sie daf\u00fcr zu begeistern. Andererseits soll das Lehrangebot der Schule genauer auf die Anforderungen eines Studiums zugeschnitten werden. Unterzeichnet wurde die Vereinbarung von Uni-Kanzler Ulf Richter, Landrat Paul Breuer, Schulleiter Manfred K\u00e4mpfer, sowie von Prof. Dr. Ullrich Pietsch als Dekan der Fakult\u00e4t IV.<\/p>\n<p><span style=\"line-height: 1.5em;\">Mit diesem \u201eNetzwerk Technik\u201c, so Pietsch, solle ein gewichtiger Beitrag geleistet werden, die Lehrerversorgung in den technischen F\u00e4chern an Berufskollegs zu sichern. Denn: Die Berufskollegs leiden in diesem Bereich schon lange unter Lehrermangel. Die Kooperation biete beiden Partnern Vorteile. Pietsch: \u201eWir wollen die Sch\u00fclerinnen und Sch\u00fcler mit technischem Interesse fr\u00fchzeitig an die Universit\u00e4t Siegen binden und die Lehrinhalte am Berufskolleg Technik mitgestalten.\u201c Deshalb bietet die Universit\u00e4t Siegen Sch\u00fclerinnen und Sch\u00fclern des Technischen Gymnasiums Praktikumswochen an sowie dem Berufskolleg eine verst\u00e4rkte Beteiligung an schulischen Veranstaltungen. Auch \u00fcber die Anerkennung von Ausbildungsinhalten aufs Studium wird intensiv nachgedacht.\u00a0 Pietsch: \u201eWir wollen uns wirklich ganz eng vernetzen.\u201c<\/span><\/p>\n<p><span style=\"line-height: 1.5em;\">\u201eWir erhoffen uns sicherlich auch Effekte in dem Sinn, dass Studierende als Lehrerinnen und Lehrer zu uns ans Berufskolleg zur\u00fcckkommen\u201c, so Schulleiter K\u00e4mpfer. Der Grundgedanke aber sei, Sch\u00fclerinnen und Sch\u00fcler die Berufswahl zu erleichtern und sie fr\u00fchzeitig auf das Studienangebot der Universit\u00e4t Siegen aufmerksam zu machen. Zudem erhoffe sich das Berufskolleg verst\u00e4rkt Orientierung, welche Qualifikationen die jungen Leute f\u00fcrs Studium ben\u00f6tigten: \u201eWir wollen, dass unsere Absolventen einen passgenauen \u00dcbergang zur Universit\u00e4t erhalten.\u201c<\/span><\/p>\n<p><span style=\"line-height: 1.5em;\">Als \u201eMeilenstein\u201c bezeichnete Landrat Paul Breuer die Kooperationsvereinbarung. Das Berufskolleg Technik in Siegen sei nicht ohne Grund derart gro\u00df: \u201eEs besitzt Ausstrahlung weit \u00fcber die Region hinaus.\u201c Die Zusammenarbeit mit der Universit\u00e4t Siegen sei f\u00fcr das Berufskolleg wichtig: \u201eEs geht um fr\u00fchzeitige Information und Einblicke ins Studium. Ich w\u00fcnsche mir ganz, ganz viele Praktika.\u201c Die Idee f\u00fcr die Stiftungsprofessur wurde am Berufskolleg Technik geboren: \u201eWir haben dann Freunde gesucht, die das mittragen, und diese auch gefunden.\u201c<\/span><\/p>\n<p><span style=\"line-height: 1.5em;\">Uni-Kanzler Ulf Richter zeigte sich beeindruckt von der tiefen Verankerung der Universit\u00e4t in der Region: \u201eEs gibt ganz wenige Beispiele f\u00fcr eine solch intensive Kooperation und das Zusammenspiel so starker Partner.\u201c Es sei gut, jungen Leuten hinsichtlich der Berufswahl fr\u00fchzeitig Orientierung zu geben. Prof. Dr. Ralph Dreher erachtet die Voraussetzungen, die Vereinbarung mit Leben zu f\u00fcllen, als sehr g\u00fcnstig: \u201eDie Leute, die wir hier abholen, sind schon f\u00fcr Technik begeistert.\u201c Es gehe nun prim\u00e4r darum, sie f\u00fcr ein technisches Studium zu gewinnen. Ein Wunsch sei, dass sie als Berufsschullehrer ans Berufskolleg zur\u00fcckkehren.<\/span><\/p>\n","protected":false},"excerpt":{"rendered":"<p>Die Stiftungsprofessur \u201eDidaktik der Technik an Berufskollegs\u201c ist bundesweit einzigartig. Das Engagement der Kreise Siegen-Wittgenstein, Olpe und Altenkirchen, der Universit\u00e4t Siegen sowie von Partnern aus&#8230;<\/p>\n","protected":false},"author":2,"featured_media":1863,"comment_status":"open","ping_status":"open","sticky":false,"template":"","format":"standard","meta":{"_jetpack_memberships_contains_paid_content":false,"footnotes":""},"categories":[11],"tags":[],"class_list":["post-1862","post","type-post","status-publish","format-standard","has-post-thumbnail","hentry","category-regionale-wirtschaft"],"jetpack_featured_media_url":"https:\/\/www.vdsm.net\/wronline\/wp-content\/uploads\/2014\/03\/Koop-Berufskolleg.jpg","jetpack_sharing_enabled":true,"_links":{"self":[{"href":"https:\/\/www.vdsm.net\/wronline\/wp-json\/wp\/v2\/posts\/1862","targetHints":{"allow":["GET"]}}],"collection":[{"href":"https:\/\/www.vdsm.net\/wronline\/wp-json\/wp\/v2\/posts"}],"about":[{"href":"https:\/\/www.vdsm.net\/wronline\/wp-json\/wp\/v2\/types\/post"}],"author":[{"embeddable":true,"href":"https:\/\/www.vdsm.net\/wronline\/wp-json\/wp\/v2\/users\/2"}],"replies":[{"embeddable":true,"href":"https:\/\/www.vdsm.net\/wronline\/wp-json\/wp\/v2\/comments?post=1862"}],"version-history":[{"count":1,"href":"https:\/\/www.vdsm.net\/wronline\/wp-json\/wp\/v2\/posts\/1862\/revisions"}],"predecessor-version":[{"id":1864,"href":"https:\/\/www.vdsm.net\/wronline\/wp-json\/wp\/v2\/posts\/1862\/revisions\/1864"}],"wp:featuredmedia":[{"embeddable":true,"href":"https:\/\/www.vdsm.net\/wronline\/wp-json\/wp\/v2\/media\/1863"}],"wp:attachment":[{"href":"https:\/\/www.vdsm.net\/wronline\/wp-json\/wp\/v2\/media?parent=1862"}],"wp:term":[{"taxonomy":"category","embeddable":true,"href":"https:\/\/www.vdsm.net\/wronline\/wp-json\/wp\/v2\/categories?post=1862"},{"taxonomy":"post_tag","embeddable":true,"href":"https:\/\/www.vdsm.net\/wronline\/wp-json\/wp\/v2\/tags?post=1862"}],"curies":[{"name":"wp","href":"https:\/\/api.w.org\/{rel}","templated":true}]}}