{"id":1830,"date":"2014-03-03T16:20:53","date_gmt":"2014-03-03T15:20:53","guid":{"rendered":"http:\/\/www.vdsm.net\/wronline\/?p=1830"},"modified":"2014-03-03T16:20:53","modified_gmt":"2014-03-03T15:20:53","slug":"verdienstorden-fuer-viegener","status":"publish","type":"post","link":"https:\/\/www.vdsm.net\/wronline\/verdienstorden-fuer-viegener\/","title":{"rendered":"Verdienstorden f\u00fcr Viegener"},"content":{"rendered":"<div id=\"attachment_1831\" style=\"width: 310px\" class=\"wp-caption alignleft\"><a href=\"http:\/\/www.vdsm.net\/wronline\/wp-content\/uploads\/2014\/03\/verdienstorden.jpg\"><img loading=\"lazy\" decoding=\"async\" aria-describedby=\"caption-attachment-1831\" class=\"size-medium wp-image-1831\" alt=\"Heinz-Bernd Viegener (l.) und Walter Viegener erhielten den Th\u00fcringer Verdienstorden aus den H\u00e4nden von Ministerpr\u00e4sidentin Christine Lieberknecht vor allem aufgrund ihrer bedeutsamen unternehmerischen Leistungen f\u00fcr den Freistaat Th\u00fcringen und ihres sozialen Engagements. (Foto: Th\u00fcringer Staatskanzlei)\" src=\"http:\/\/www.vdsm.net\/wronline\/wp-content\/uploads\/2014\/03\/verdienstorden-300x215.jpg\" width=\"300\" height=\"215\" srcset=\"https:\/\/www.vdsm.net\/wronline\/wp-content\/uploads\/2014\/03\/verdienstorden-300x215.jpg 300w, https:\/\/www.vdsm.net\/wronline\/wp-content\/uploads\/2014\/03\/verdienstorden.jpg 600w\" sizes=\"auto, (max-width: 300px) 100vw, 300px\" \/><\/a><p id=\"caption-attachment-1831\" class=\"wp-caption-text\">Heinz-Bernd Viegener (l.) und Walter Viegener erhielten den Th\u00fcringer Verdienstorden aus den H\u00e4nden von Ministerpr\u00e4sidentin Christine Lieberknecht vor allem aufgrund ihrer bedeutsamen unternehmerischen Leistungen f\u00fcr den Freistaat Th\u00fcringen und ihres sozialen Engagements. (Foto: Th\u00fcringer Staatskanzlei)<\/p><\/div>\n<p>Die Attendorner Unternehmer Heinz-Bernd und Walter Viegener sind mit dem Th\u00fcringer Verdienstorden ausgezeichnet worden. Ministerpr\u00e4sidentin Christine Lieberknecht verlieh den Orden am Dienstag (25. Februar 2014) im Barocksaal der Th\u00fcringer Staatskanzlei in Erfurt. Die beiden gesch\u00e4ftsf\u00fchrenden Gesellschafter der Viega GmbH &amp; Co. KG haben sich vor allem durch ihre unternehmerischen Leistungen am Standort Gro\u00dfheringen und ihren besonderen Beitrag zur Berufsausbildung verdient gemacht, hei\u00dft es in der Begr\u00fcndung. Der Orden wird seit dem Jahr 2000 f\u00fcr hervorragende Verdienste um den Freistaat Th\u00fcringen und seine Bev\u00f6lkerung verliehen.<\/p>\n<p><span style=\"line-height: 1.5em;\">\u201eDie Familie Viegener hat den Aufschwung Ost praktiziert und genie\u00dft in der Region eine sehr hohe Wertsch\u00e4tzung\u201c, sagte die Ministerpr\u00e4sidentin in ihrer Ansprache. Sie w\u00fcrdigte insbesondere die bereits 1990 getroffene Entscheidung, in den Bau einer neuen Fertigung in Th\u00fcringen zu investieren.<\/span><\/p>\n<p>Bereits 1991 startete das Unternehmen mit 50 Mitarbeitern in Gro\u00dfheringen eine Produktion f\u00fcr metallene Rohrverbinder f\u00fcr Sanit\u00e4r und Heizung. \u201eHeute bieten Sie den Menschen der Region rund 680 Arbeitspl\u00e4tze mit einem sozialen Betriebsklima.\u201c<\/p>\n<p>In einer firmeneigenen Lehrwerkstatt startet im September der 222. Auszubildende seine Berufslaufbahn. Konstant werden 40 junge Menschen am Viega-Standort Gro\u00dfheringen auf ihr Berufsleben vorbereitet. Und das sehr erfolgreich, wie die Ministerpr\u00e4sidentin betonte. Das hohe Niveau der Fachkr\u00e4ftef\u00f6rderung zeige die erfolgreiche Teilnahme an bundesweiten und internationalen Berufswettbewerben. \u201eF\u00fcr die Qualit\u00e4t der Ausbildung sprechen die gro\u00dfartigen Erfolge der Auszubildenden\u201c, w\u00fcrdigte die Ministerpr\u00e4sidentin das Erreichte. Seit 2003 konnte sich sechs Mal in Folge eine junge Viega-Fachkraft f\u00fcr die Weltmeisterschaft der Berufe f\u00fcr den Wettbewerb der Polymechaniker qualifizieren.<\/p>\n<p><span style=\"line-height: 1.5em;\">Ein weiterer ausschlaggebender Grund f\u00fcr die Verleihung des Th\u00fcringer Verdienstordens seien das pers\u00f6nliche Engagement der beiden Unternehmer f\u00fcr ihre Mitarbeiter und die Unterst\u00fctzung vieler Vereine und Einrichtungen in der Region. \u201eDer Orden ist ein sichtbares Zeichen, dass es Unternehmen gibt, die nicht nur am Unternehmensgewinn orientiert sind, sondern die selbst ein Gewinn f\u00fcr die Mitarbeiter, f\u00fcr die Kommune, die Region und die Gemeinschaft sind\u201c, so die Ministerpr\u00e4sidentin. Sie w\u00fcrdigte Viega als ein Unternehmen, das nicht nur \u00f6konomische, sondern auch gesellschaftliche Verantwortung \u00fcbernimmt.<\/span><\/p>\n<p>Die beiden Unternehmer freuten sich \u00fcber diese Wertsch\u00e4tzung. \u201eEigentlich m\u00fcsste der Orden durch 680 geteilt werden\u201c, sagten Heinz-Bernd Viegener und Walter Viegener nach der Verleihung. \u201eDenn alle unsere Mitarbeiterinnen und Mitarbeiter im Werk Gro\u00dfheringen haben zu dem nachhaltigen Ausbau des Standortes Gro\u00dfheringen beigetragen.\u201c<\/p>\n","protected":false},"excerpt":{"rendered":"<p>Die Attendorner Unternehmer Heinz-Bernd und Walter Viegener sind mit dem Th\u00fcringer Verdienstorden ausgezeichnet worden. Ministerpr\u00e4sidentin Christine Lieberknecht verlieh den Orden am Dienstag (25. Februar 2014)&#8230;<\/p>\n","protected":false},"author":2,"featured_media":1831,"comment_status":"open","ping_status":"open","sticky":false,"template":"","format":"standard","meta":{"_jetpack_memberships_contains_paid_content":false,"footnotes":""},"categories":[1],"tags":[],"class_list":["post-1830","post","type-post","status-publish","format-standard","has-post-thumbnail","hentry","category-aktuell"],"jetpack_featured_media_url":"https:\/\/www.vdsm.net\/wronline\/wp-content\/uploads\/2014\/03\/verdienstorden.jpg","jetpack_sharing_enabled":true,"_links":{"self":[{"href":"https:\/\/www.vdsm.net\/wronline\/wp-json\/wp\/v2\/posts\/1830","targetHints":{"allow":["GET"]}}],"collection":[{"href":"https:\/\/www.vdsm.net\/wronline\/wp-json\/wp\/v2\/posts"}],"about":[{"href":"https:\/\/www.vdsm.net\/wronline\/wp-json\/wp\/v2\/types\/post"}],"author":[{"embeddable":true,"href":"https:\/\/www.vdsm.net\/wronline\/wp-json\/wp\/v2\/users\/2"}],"replies":[{"embeddable":true,"href":"https:\/\/www.vdsm.net\/wronline\/wp-json\/wp\/v2\/comments?post=1830"}],"version-history":[{"count":1,"href":"https:\/\/www.vdsm.net\/wronline\/wp-json\/wp\/v2\/posts\/1830\/revisions"}],"predecessor-version":[{"id":1832,"href":"https:\/\/www.vdsm.net\/wronline\/wp-json\/wp\/v2\/posts\/1830\/revisions\/1832"}],"wp:featuredmedia":[{"embeddable":true,"href":"https:\/\/www.vdsm.net\/wronline\/wp-json\/wp\/v2\/media\/1831"}],"wp:attachment":[{"href":"https:\/\/www.vdsm.net\/wronline\/wp-json\/wp\/v2\/media?parent=1830"}],"wp:term":[{"taxonomy":"category","embeddable":true,"href":"https:\/\/www.vdsm.net\/wronline\/wp-json\/wp\/v2\/categories?post=1830"},{"taxonomy":"post_tag","embeddable":true,"href":"https:\/\/www.vdsm.net\/wronline\/wp-json\/wp\/v2\/tags?post=1830"}],"curies":[{"name":"wp","href":"https:\/\/api.w.org\/{rel}","templated":true}]}}