{"id":1805,"date":"2014-02-05T08:50:52","date_gmt":"2014-02-05T07:50:52","guid":{"rendered":"http:\/\/www.vdsm.net\/wronline\/?p=1805"},"modified":"2014-02-05T08:50:52","modified_gmt":"2014-02-05T07:50:52","slug":"hoher-besuch-bei-mennekes","status":"publish","type":"post","link":"https:\/\/www.vdsm.net\/wronline\/hoher-besuch-bei-mennekes\/","title":{"rendered":"Hoher Besuch bei Mennekes"},"content":{"rendered":"<div id=\"attachment_1806\" style=\"width: 310px\" class=\"wp-caption alignleft\"><a href=\"http:\/\/www.vdsm.net\/wronline\/wp-content\/uploads\/2014\/02\/MENNEKES-Au\u00dfenminister-Asselborn-besuchte-Mennekes-in-Kirchhundem.jpg\"><img loading=\"lazy\" decoding=\"async\" aria-describedby=\"caption-attachment-1806\" class=\"size-medium wp-image-1806\" alt=\"V.l.n.r.: Walter Mennekes, Au\u00dfenminister Jean Asselborn, Christopher Mennekes, Volker Lazzaro und Botschafter George Santer.\" src=\"http:\/\/www.vdsm.net\/wronline\/wp-content\/uploads\/2014\/02\/MENNEKES-Au\u00dfenminister-Asselborn-besuchte-Mennekes-in-Kirchhundem-300x224.jpg\" width=\"300\" height=\"224\" srcset=\"https:\/\/www.vdsm.net\/wronline\/wp-content\/uploads\/2014\/02\/MENNEKES-Au\u00dfenminister-Asselborn-besuchte-Mennekes-in-Kirchhundem-300x224.jpg 300w, https:\/\/www.vdsm.net\/wronline\/wp-content\/uploads\/2014\/02\/MENNEKES-Au\u00dfenminister-Asselborn-besuchte-Mennekes-in-Kirchhundem.jpg 600w\" sizes=\"auto, (max-width: 300px) 100vw, 300px\" \/><\/a><p id=\"caption-attachment-1806\" class=\"wp-caption-text\">V.l.n.r.: Walter Mennekes, Au\u00dfenminister Jean Asselborn, Christopher Mennekes, Volker Lazzaro und Botschafter George Santer.<\/p><\/div>\n<p>Am Dienstag, 04. Februar 2014, freute sich die Mennekes Elektrotechnik in Kirchhundem \u00fcber hohen Besuch. Jean Asselborn, seit 2004 Au\u00dfenminister des Gro\u00dfherzogtums Luxemburg (und um seiner herausragenden Verdienste um die engen deutsch-luxemburgischen Beziehungen 2010 mit dem Gro\u00dfkreuz des Verdienstordens der Bundesrepublik ausgezeichnet) und George Santer, der Botschafter des Landes in Berlin, besichtigten \u00fcber vier Stunden das Stammwerk der Mennekes Unternehmensgruppe in Kirchhundem. Dabei kam es zu dem erw\u00fcnscht intensiven Informations- und Gedankenaustausch \u00fcber das von Br\u00fcssel ebenso wie vom Europaparlament in Karlsruhe inzwischen stark forcierte EU-Projekt Elektromobilit\u00e4t.<\/p>\n<p>Das besondere Besuchsinteresse des Ministers galt dem aktuellen Stand der f\u00fcr die elektromobile Infrastruktur neu entwickelten Technologie, wobei Jean Asselborn intensiv die auf dem Gel\u00e4nde der Firma aufgestellten Ladestationen in Augenschein nahm. Mennekes z\u00e4hlt mit seinen innovativen Steckvorrichtungen und Ladestationen nicht nur zu den Pionieren elektromobilen Autoverkehrs. Das Unternehmen konnte international Aufsehen erregen, als Br\u00fcssel den &#8218;Mennekes Stecker Typ 2&#8216; zum Prototypen f\u00fcr den europaweit geltenden Einheitsstecker normierte und damit einen entscheidenden Schritt in Richtung auf die Elektromobilit\u00e4t in der EU tat.<\/p>\n<p>Auch nahm der Au\u00dfenminister nachdr\u00fccklich zur Kenntnis, dass Norwegen bei dem heimischen Unternehmen 400 Ladestationen bestellt und damit\u00a0bis weit in die L\u00e4nder der EU hinein signalisiert hatte, beim Autoverkehr trotz seines Nordsee-\u00d6lreichtums auf Elektromobilit\u00e4t umzusteigen.\u00a0Der Minister genoss ersichtlich die entspannt herzliche Gastfreundschaft seines Duzfreundes Walter Mennekes, der sich von seinem f\u00fcr die\u00a0Entwicklung der neuen Technologie zust\u00e4ndigen Gesch\u00e4ftsf\u00fchrer Volker Lazzaro begleiten und unterst\u00fctzen lie\u00df. Jean Asselborn zeigte sich\u00a0beeindruckt von der Leistungskraft und Innovationsst\u00e4rke des sauerl\u00e4ndischen Mittelst\u00e4ndlers und lie\u00df erkennen, dass er von dem Besuch ein\u00a0gesch\u00e4rft technisches Problembewusstsein sowie viele hilfreiche Impulse f\u00fcr den Umstieg auf die neue Infrastruktur sowohl der EU als auch seines\u00a0Heimatlandes Luxemburg mitnehmen werde.<\/p>\n","protected":false},"excerpt":{"rendered":"<p>Am Dienstag, 04. Februar 2014, freute sich die Mennekes Elektrotechnik in Kirchhundem \u00fcber hohen Besuch. Jean Asselborn, seit 2004 Au\u00dfenminister des Gro\u00dfherzogtums Luxemburg (und um&#8230;<\/p>\n","protected":false},"author":2,"featured_media":1806,"comment_status":"open","ping_status":"open","sticky":false,"template":"","format":"standard","meta":{"_jetpack_memberships_contains_paid_content":false,"footnotes":""},"categories":[10],"tags":[],"class_list":["post-1805","post","type-post","status-publish","format-standard","has-post-thumbnail","hentry","category-unternehmen"],"jetpack_featured_media_url":"https:\/\/www.vdsm.net\/wronline\/wp-content\/uploads\/2014\/02\/MENNEKES-Au\u00dfenminister-Asselborn-besuchte-Mennekes-in-Kirchhundem.jpg","jetpack_sharing_enabled":true,"_links":{"self":[{"href":"https:\/\/www.vdsm.net\/wronline\/wp-json\/wp\/v2\/posts\/1805","targetHints":{"allow":["GET"]}}],"collection":[{"href":"https:\/\/www.vdsm.net\/wronline\/wp-json\/wp\/v2\/posts"}],"about":[{"href":"https:\/\/www.vdsm.net\/wronline\/wp-json\/wp\/v2\/types\/post"}],"author":[{"embeddable":true,"href":"https:\/\/www.vdsm.net\/wronline\/wp-json\/wp\/v2\/users\/2"}],"replies":[{"embeddable":true,"href":"https:\/\/www.vdsm.net\/wronline\/wp-json\/wp\/v2\/comments?post=1805"}],"version-history":[{"count":3,"href":"https:\/\/www.vdsm.net\/wronline\/wp-json\/wp\/v2\/posts\/1805\/revisions"}],"predecessor-version":[{"id":1809,"href":"https:\/\/www.vdsm.net\/wronline\/wp-json\/wp\/v2\/posts\/1805\/revisions\/1809"}],"wp:featuredmedia":[{"embeddable":true,"href":"https:\/\/www.vdsm.net\/wronline\/wp-json\/wp\/v2\/media\/1806"}],"wp:attachment":[{"href":"https:\/\/www.vdsm.net\/wronline\/wp-json\/wp\/v2\/media?parent=1805"}],"wp:term":[{"taxonomy":"category","embeddable":true,"href":"https:\/\/www.vdsm.net\/wronline\/wp-json\/wp\/v2\/categories?post=1805"},{"taxonomy":"post_tag","embeddable":true,"href":"https:\/\/www.vdsm.net\/wronline\/wp-json\/wp\/v2\/tags?post=1805"}],"curies":[{"name":"wp","href":"https:\/\/api.w.org\/{rel}","templated":true}]}}