{"id":17733,"date":"2020-02-27T14:29:26","date_gmt":"2020-02-27T13:29:26","guid":{"rendered":"https:\/\/www.vdsm.net\/wronline\/?p=17733"},"modified":"2020-02-27T14:29:26","modified_gmt":"2020-02-27T13:29:26","slug":"30-gesellen-der-shk-innungen-freigesprochen","status":"publish","type":"post","link":"https:\/\/www.vdsm.net\/wronline\/30-gesellen-der-shk-innungen-freigesprochen\/","title":{"rendered":"30 Gesellen der SHK-Innungen freigesprochen"},"content":{"rendered":"<p>Zu ihrer Freisprechungsfeier hatten jetzt die SHK-Innungen (Sanit\u00e4r-Heizung-Klima) Siegen-Wittgenstein und Olpe nach Wenden-Sch\u00f6nau eingeladen. Im Beisein von Familie, Freunden und Ausbildungsbetrieben bekamen insgesamt 30 Gesellen in feierlichem Rahmen ihre Zeugnisse und den Gesellenbrief \u00fcberreicht.<\/p>\n<p>Der Obermeister der Siegen-Wittgensteiner SHK-Innung, Karl-Friedrich Bublitz, zugleich auch stellvertretender Kreishandwerksmeister, begr\u00fc\u00dfte seine frischgebackenen Fachkr\u00e4fte und freute sich \u00fcber die guten Leistungen bei den Sommergesellenpr\u00fcfungen 2019 und Wintergesellenpr\u00fcfungen 2019\/2020 bei den Anlagenmechanikern Sanit\u00e4r-, Heizung- und Klimatechnik in den Handlungsfeldern W\u00e4rmetechnik, Wassertechnik sowie in den Einsatzgebieten Heizungstechnik und Sanit\u00e4rtechnik. Er und sein Olper Obermeister-Kollege Thomas Enders hoben in ihren Reden den hohen Stellenwert der Weiterbildungen hervor. Auch das Thema Fachkr\u00e4ftemangel sprach Thomas Enders kurz an, schloss dies aber mit einem vielversprechenden Satz ab: \u201eDoch f\u00fcr Sie, die jungen Gesellen, bedeutet dies, dass Ihre berufliche Perspektive dementsprechend hervorragend ist. Insofern gilt f\u00fcr Sie: \u00b4Volles Rohr \u2013 Zukunft\u00b4 oder \u201eZeit zu starten\u201c oder besser \u201eZeit durchzustarten\u201c.<\/p>\n<div id=\"attachment_17738\" style=\"width: 310px\" class=\"wp-caption alignleft\"><a href=\"https:\/\/www.vdsm.net\/wronline\/wp-content\/uploads\/2020\/02\/SHK-OLPE-Gruppenfoto-scaled.jpg\"><img loading=\"lazy\" decoding=\"async\" aria-describedby=\"caption-attachment-17738\" class=\"wp-image-17738 size-medium\" src=\"https:\/\/www.vdsm.net\/wronline\/wp-content\/uploads\/2020\/02\/SHK-OLPE-Gruppenfoto-300x200.jpg\" alt=\"\" width=\"300\" height=\"200\" srcset=\"https:\/\/www.vdsm.net\/wronline\/wp-content\/uploads\/2020\/02\/SHK-OLPE-Gruppenfoto-300x200.jpg 300w, https:\/\/www.vdsm.net\/wronline\/wp-content\/uploads\/2020\/02\/SHK-OLPE-Gruppenfoto-1024x683.jpg 1024w, https:\/\/www.vdsm.net\/wronline\/wp-content\/uploads\/2020\/02\/SHK-OLPE-Gruppenfoto-768x512.jpg 768w, https:\/\/www.vdsm.net\/wronline\/wp-content\/uploads\/2020\/02\/SHK-OLPE-Gruppenfoto-1536x1024.jpg 1536w, https:\/\/www.vdsm.net\/wronline\/wp-content\/uploads\/2020\/02\/SHK-OLPE-Gruppenfoto-2048x1365.jpg 2048w\" sizes=\"auto, (max-width: 300px) 100vw, 300px\" \/><\/a><p id=\"caption-attachment-17738\" class=\"wp-caption-text\">Innung f\u00fcr Sanit\u00e4r-Heizung-Klima und Klempnertechnik f\u00fcr den Kreis Olpe<\/p><\/div>\n<p>F\u00fcr die frischen Gesellen hatte sich J\u00fcrgen Ha\u00dfler als Gesch\u00e4ftsf\u00fchrer der Kreishandwerkerschaft Westfalen-S\u00fcd einen besonderen Gast f\u00fcr die Freisprechungsfeier eingeladen. Sandra Hunke aus Schlangen (bei Paderborn), die vor acht Jahren ihre Lehre als Anlagenmechanikerin erfolgreich abgeschlossen hat, ist eine bekannte Social-Media-Bloggerin. Bei dem Wettbewerb \u201eMiss Handwerk\u201c hatte sie den 2. Platz gemacht und wurde f\u00fcr die Modelwelt entdeckt. Seitdem reist sie als Model durch die Welt, ist auf den Laufstegen der Modehauptst\u00e4dten zu Gast und ist \u00fcberdies auch Markenbotschafterin f\u00fcr renommierte Badausstatter. Doch dem Handwerk m\u00f6chte sie immer treu bleiben, sagt sie. Zweieinhalb Tage arbeitet sie in ihrem erlernten Beruf, ist auf Baustellen und packt tatkr\u00e4ftigt mit an. Lackierte Fingern\u00e4gel? Fehlanzeige. Stattdessen steht sie in einem Handwerksbetrieb mit acht Mitarbeitern ihre Frau und freut sich, nach getaner Arbeit \u00fcber die Zufriedenheit der Kunden. \u201eEin neues Badezimmer zu planen und zu bauen macht doch einfach nur Spa\u00df\u201c, so Sandra Hunke. Selbstverst\u00e4ndlich muss sie parallel aber auch ihre gut 30.000 Follower bei Instagram bei Laune halten. \u201eDiese beiden Welten sind sehr spannend und machen mir enorm viel Spa\u00df. Wenn ich vor die Wahl gestellt w\u00fcrde, <em>Model-Business od<\/em>er Handwerk, w\u00fcrde ich mich f\u00fcr letzteres entscheiden\u201c, so das klare Statement von ihr. Mit dieser Aussage traf der sympathische Gast aus Paderborn bei den Zuh\u00f6rern voll ins Schwarze.<\/p>\n<p>&nbsp;<\/p>\n<p><strong><u>Innung f\u00fcr Sanit\u00e4r-Heizung-Klima und Klempnertechnik f\u00fcr den Kreis Olpe:<br \/>\n<\/u><\/strong><strong><br \/>\nSommergesellenpr\u00fcfung 2019:\u00a0<\/strong><\/p>\n<p><strong><u>Handlungsfeld \u201eW\u00e4rmetechnik\u201c:<\/u><\/strong><u><br \/>\n<\/u>Eric Th\u00f6ne (Arnold Th\u00f6ne GmbH, Lennestadt)<\/p>\n<p><strong><u>Einsatzgebiet \u201eErneuerbare Energien und Umwelttechnik<br \/>\n<\/u><\/strong>David Jagiella (Gerhard Minkau, Attendorn)<\/p>\n<p><strong>Wintergesellenpr\u00fcfung 2019\/2020:<\/strong><\/p>\n<p><strong><u>Einsatzgebiet \u201eHeizungstechnik\u201c<br \/>\n<\/u><\/strong>Phil Arens (Werner Bischoff GmbH, Attendorn)<br \/>\nTim Breidebach (Enders GmbH &amp; Co. KG, Olpe)<br \/>\nRobin Mantel (Gerhard Minkau, Attendorn)<br \/>\nDavid Mesewinkel (Stefan Hinkelmann, Attendorn)<br \/>\nMike Christopher Schauten (Henke Bad-Heizung GmbH, Olpe)<br \/>\nDimitri Zelt (Mantel Haustechnik GmbH, Attendorn)<\/p>\n<p><strong><u>Einsatzgebiet \u201eSanit\u00e4rtechnik\u201c<\/u><\/strong><br \/>\nRobin Jeworutzki (Stefan Brachth\u00e4user, Finnentrop)<br \/>\nFlorian Kaiser (Gerhard Dreier, Inh. Josef Dreier e. K., Lennestadt)<br \/>\nJannis Kr\u00fcger (Albert Clemens GmbH, Wenden)<br \/>\nJan-Philipp Siepe, (Oberste-Dommes Haustechnik GmbH, Kirchhundem)<\/p>\n<p><strong>Pr\u00fcfungsbester wurde Jan-Philipp Siepe (Oberste-Dommes Haustechnik GmbH, Kirchhundem)<\/strong><\/p>\n<p><strong><u>Fachinnung Sanit\u00e4r-Heizung-Klima Siegen-Wittgenstein<\/u><\/strong><\/p>\n<p><strong>Sommergesellenpr\u00fcfung 2019: <\/strong><\/p>\n<p><strong><u>Handlungfeld \u201eWassertechnik\u201c:<br \/>\n<\/u><\/strong>Dennis Dornh\u00f6fer (Dickel GmbH, Hilchenbach)<\/p>\n<p><strong><u>Einsatzgebiet \u201eSanit\u00e4rtechnik\u201c<br \/>\n<\/u><\/strong>Tom Plieninger (Dirk Plieninger, Siegen)<\/p>\n<p><strong>Wintergesellenpr\u00fcfungen 2019\/2020<\/strong><\/p>\n<p><strong><u>Handlungsfeld \u201eW\u00e4rmetechnik\u201c<br \/>\n<\/u><\/strong>Joshua Haardt (Heinrich Vitt Haustechnik GmbH, Siegen)<\/p>\n<p><strong><u>Handlungsfeld Wassertechnik<\/u><\/strong><br \/>\nJustin Fey (Rolf Nickolai, Neunkirchen)<br \/>\nErcan Klein (Fischer GmbH &amp; Co. KG, Siegen)<br \/>\nMerlin Meyer (Rolf Nickolai, Neunkirchen)<br \/>\nDaniel Resch (Willi Gr\u00e4f GmbH, Siegen)<br \/>\nButrint Zejnullahu (Ernst Hermann Schmidt e. K., Siegen)<\/p>\n<p><strong><u>Einsatzgebiet \u201eHeizungstechnik\u201c:<\/u><\/strong><br \/>\nJan-Niklas Beuter (Becker GmbH, Bad Berleburg)<br \/>\nBj\u00f6rn Jaworek (Klaus Meinhard GmbH, Siegen)<br \/>\nJohannes Ke\u00dfler (V.I.T.T Geb\u00e4udetechnik GmbH, Burbach)<br \/>\nDavid Leusmann (Crevecoeur &amp; Schmidt GmbH, Kreuztal)<br \/>\nSebastian Neidh\u00f6fer (Paul Weisgerber e. K., Siegen)<br \/>\nJustin Roth (Ralf G\u00fctting, Bad Laasphe)<br \/>\nNico Rupprecht (Gerhard Pfeil GmbH &amp; Co. KG, Bad Berleburg)<br \/>\nRolf St\u00f6cker (Dietmar Wittzek GmbH, Netphen)<\/p>\n<p><strong><u>Einsatzgebiet \u201eSanit\u00e4rtechnik\u201c:<\/u><br \/>\n<\/strong>Bj\u00f6rn Roggenkamp (Peter St\u00f6cker, Erndtebr\u00fcck)<br \/>\nAli Saleh (B\u00e4cker Haustechnik GmbH &amp; Co. KG, Siegen)<\/p>\n<p><strong><u>Die Pr\u00fcfungsbesten wurden:<\/u><br \/>\n<\/strong>Tom Plieninger (Dirk Plieninger, Siegen)<br \/>\nRolf St\u00f6cker (Dietmar Wittzek GmbH, Netphen)<\/p>\n<p>Text und Fotos: Kai Osthoff | Medienagentur K-MediaNews<\/p>\n","protected":false},"excerpt":{"rendered":"<p>Zu ihrer Freisprechungsfeier hatten jetzt die SHK-Innungen (Sanit\u00e4r-Heizung-Klima) Siegen-Wittgenstein und Olpe nach Wenden-Sch\u00f6nau eingeladen. Im Beisein von Familie, Freunden und Ausbildungsbetrieben bekamen insgesamt 30 Gesellen&#8230;<\/p>\n","protected":false},"author":6,"featured_media":17735,"comment_status":"open","ping_status":"open","sticky":false,"template":"","format":"standard","meta":{"_jetpack_newsletter_access":"","_jetpack_dont_email_post_to_subs":false,"_jetpack_newsletter_tier_id":0,"_jetpack_memberships_contains_paywalled_content":false,"_jetpack_feature_clip_id":0,"_jetpack_memberships_contains_paid_content":false,"footnotes":"","jetpack_post_was_ever_published":false},"categories":[32,30],"tags":[],"class_list":["post-17733","post","type-post","status-publish","format-standard","has-post-thumbnail","hentry","category-infos","category-vermischtes"],"jetpack_sharing_enabled":true,"jetpack_featured_media_url":"https:\/\/www.vdsm.net\/wronline\/wp-content\/uploads\/2020\/02\/SHK-SI-WI-Gruppenfoto_WEB.jpg","_links":{"self":[{"href":"https:\/\/www.vdsm.net\/wronline\/wp-json\/wp\/v2\/posts\/17733","targetHints":{"allow":["GET"]}}],"collection":[{"href":"https:\/\/www.vdsm.net\/wronline\/wp-json\/wp\/v2\/posts"}],"about":[{"href":"https:\/\/www.vdsm.net\/wronline\/wp-json\/wp\/v2\/types\/post"}],"author":[{"embeddable":true,"href":"https:\/\/www.vdsm.net\/wronline\/wp-json\/wp\/v2\/users\/6"}],"replies":[{"embeddable":true,"href":"https:\/\/www.vdsm.net\/wronline\/wp-json\/wp\/v2\/comments?post=17733"}],"version-history":[{"count":8,"href":"https:\/\/www.vdsm.net\/wronline\/wp-json\/wp\/v2\/posts\/17733\/revisions"}],"predecessor-version":[{"id":17743,"href":"https:\/\/www.vdsm.net\/wronline\/wp-json\/wp\/v2\/posts\/17733\/revisions\/17743"}],"wp:featuredmedia":[{"embeddable":true,"href":"https:\/\/www.vdsm.net\/wronline\/wp-json\/wp\/v2\/media\/17735"}],"wp:attachment":[{"href":"https:\/\/www.vdsm.net\/wronline\/wp-json\/wp\/v2\/media?parent=17733"}],"wp:term":[{"taxonomy":"category","embeddable":true,"href":"https:\/\/www.vdsm.net\/wronline\/wp-json\/wp\/v2\/categories?post=17733"},{"taxonomy":"post_tag","embeddable":true,"href":"https:\/\/www.vdsm.net\/wronline\/wp-json\/wp\/v2\/tags?post=17733"}],"curies":[{"name":"wp","href":"https:\/\/api.w.org\/{rel}","templated":true}]}}