{"id":17726,"date":"2020-02-27T10:23:02","date_gmt":"2020-02-27T09:23:02","guid":{"rendered":"https:\/\/www.vdsm.net\/wronline\/?p=17726"},"modified":"2020-02-27T10:23:02","modified_gmt":"2020-02-27T09:23:02","slug":"langjaehrige-mitarbeiter-wurden-geehrt","status":"publish","type":"post","link":"https:\/\/www.vdsm.net\/wronline\/langjaehrige-mitarbeiter-wurden-geehrt\/","title":{"rendered":"Langj\u00e4hrige Mitarbeiter wurden geehrt"},"content":{"rendered":"<p>Im Rahmen einer Feierstunde im Hotel Im Auerbachtal wurden zum Jahresanfang insgesamt f\u00fcnfzehn Mitarbeiter der Otto Blecher GmbH f\u00fcr Ihre langj\u00e4hrige Treue zum Unternehmen ausgezeichnet. Gesch\u00e4ftsf\u00fchrer Christof Blecher bedankte sich bei seiner Ansprache zum gemeinsamen Abendessen f\u00fcr die langj\u00e4hrige Verbundenheit und die gute Zusammenarbeit und machte deutlich, dass die Anwesenden durch Ihre Treue das Wachstum und die Fortschritte des Unternehmens mitgetragen und miterlebt haben. Zudem berichtete die Gesch\u00e4ftsleitung, dass aufgrund der positiven Auftragslage weitere Expansionen geplant sind.<\/p>\n<p>Geehrt wurden:<\/p>\n<p><strong>30-j\u00e4hrige Betriebszugeh\u00f6rigkeit:<\/strong><br \/>\nGabriele Barth<\/p>\n<p><strong>25-j\u00e4hrige Betriebszugeh\u00f6rigkeit:<\/strong><br \/>\nRalph Klose, J\u00f6rg Janorschke, Thaddaeus Fortuna, Jakob Dick<\/p>\n<p><strong>20-j\u00e4hrige Betriebszugeh\u00f6rigkeit:<\/strong><br \/>\nDaniel Bannicke, Iris Waldek<\/p>\n<p><strong>10-j\u00e4hrige Betriebszugeh\u00f6rigkeit:<\/strong><br \/>\nMadeleine Sch\u00e4fer, Thomas Wurm, Tobias Reuter, Gennadij Engelhardt, Murat Yasar, Michael Schmidt, Maik Eggers, Dirk Rages<\/p>\n","protected":false},"excerpt":{"rendered":"<p>Im Rahmen einer Feierstunde im Hotel Im Auerbachtal wurden zum Jahresanfang insgesamt f\u00fcnfzehn Mitarbeiter der Otto Blecher GmbH f\u00fcr Ihre langj\u00e4hrige Treue zum Unternehmen ausgezeichnet&#8230;.<\/p>\n","protected":false},"author":2,"featured_media":17727,"comment_status":"open","ping_status":"open","sticky":false,"template":"","format":"standard","meta":{"_jetpack_newsletter_access":"","_jetpack_dont_email_post_to_subs":false,"_jetpack_newsletter_tier_id":0,"_jetpack_memberships_contains_paywalled_content":false,"_jetpack_feature_clip_id":0,"_jetpack_memberships_contains_paid_content":false,"footnotes":"","jetpack_post_was_ever_published":false},"categories":[32,30,10],"tags":[],"class_list":["post-17726","post","type-post","status-publish","format-standard","has-post-thumbnail","hentry","category-infos","category-vermischtes","category-unternehmen"],"jetpack_sharing_enabled":true,"jetpack_featured_media_url":"https:\/\/www.vdsm.net\/wronline\/wp-content\/uploads\/2020\/02\/06-02-2020_Jubilaeum-Essen_big.jpg","_links":{"self":[{"href":"https:\/\/www.vdsm.net\/wronline\/wp-json\/wp\/v2\/posts\/17726","targetHints":{"allow":["GET"]}}],"collection":[{"href":"https:\/\/www.vdsm.net\/wronline\/wp-json\/wp\/v2\/posts"}],"about":[{"href":"https:\/\/www.vdsm.net\/wronline\/wp-json\/wp\/v2\/types\/post"}],"author":[{"embeddable":true,"href":"https:\/\/www.vdsm.net\/wronline\/wp-json\/wp\/v2\/users\/2"}],"replies":[{"embeddable":true,"href":"https:\/\/www.vdsm.net\/wronline\/wp-json\/wp\/v2\/comments?post=17726"}],"version-history":[{"count":1,"href":"https:\/\/www.vdsm.net\/wronline\/wp-json\/wp\/v2\/posts\/17726\/revisions"}],"predecessor-version":[{"id":17728,"href":"https:\/\/www.vdsm.net\/wronline\/wp-json\/wp\/v2\/posts\/17726\/revisions\/17728"}],"wp:featuredmedia":[{"embeddable":true,"href":"https:\/\/www.vdsm.net\/wronline\/wp-json\/wp\/v2\/media\/17727"}],"wp:attachment":[{"href":"https:\/\/www.vdsm.net\/wronline\/wp-json\/wp\/v2\/media?parent=17726"}],"wp:term":[{"taxonomy":"category","embeddable":true,"href":"https:\/\/www.vdsm.net\/wronline\/wp-json\/wp\/v2\/categories?post=17726"},{"taxonomy":"post_tag","embeddable":true,"href":"https:\/\/www.vdsm.net\/wronline\/wp-json\/wp\/v2\/tags?post=17726"}],"curies":[{"name":"wp","href":"https:\/\/api.w.org\/{rel}","templated":true}]}}