{"id":17690,"date":"2020-02-26T09:58:41","date_gmt":"2020-02-26T08:58:41","guid":{"rendered":"https:\/\/www.vdsm.net\/wronline\/?p=17690"},"modified":"2020-02-26T10:27:13","modified_gmt":"2020-02-26T09:27:13","slug":"regionalkonferenz-suedwestfalen-digital-in-siegen","status":"publish","type":"post","link":"https:\/\/www.vdsm.net\/wronline\/regionalkonferenz-suedwestfalen-digital-in-siegen\/","title":{"rendered":"Regionalkonferenz \u201eS\u00fcdwestfalen digital\u201c in Siegen"},"content":{"rendered":"<p>Spannende Vortr\u00e4ge, ein Erfahrungsaustausch mit kleinen und mittleren Unternehmen sowie ein kreativer Beitrag eines Event-Jongleurs \u2013 das steht bei der Regionalkonferenz \u201eS\u00fcdwestfalen digital\u201c des Mittelstand 4.0-Kompetenzzentrums Siegen am Dienstag, 10. M\u00e4rz 2020, auf dem Programm.<\/p>\n<p>Das Kompetenzzentrum gibt es seit 2017 an der Universit\u00e4t Siegen, die MitarbeiterInnen unterst\u00fctzen kleine und mittlere Unternehmen in S\u00fcdwestfalen und dar\u00fcber hinaus bei der Digitalisierung. Daf\u00fcr wird das Kompetenzzentrum vom Bundeswirtschaftsministerium (BMWi) gef\u00f6rdert. Bei der Regionalkonferenz wird der Leiter der Stabsstelle Mittelstandsstrategie des BMWi, Dr. Philipp Birkenmaier, die TeilnehmerInnen begr\u00fc\u00dfen.<\/p>\n<p>Danach stellen sich mehrere Unternehmen vor, die beim Thema Digitalisierung bereits Unterst\u00fctzung vom Kompetenzzentrum bekommen haben. \u201eWir freuen uns, dass wir bereits viele tolle Projekte mit kleinen und mittleren Unternehmen angehen konnten\u201c, sagt der Koordinator des Kompetenzzentrums, Prof. Dr. Volker Wulf.<\/p>\n<p>Die TeilnehmerInnen k\u00f6nnen zwischen vier spannenden Workshops w\u00e4hlen: Bei einem geht es etwa um agiles Projektmanagement. Denn gerade im Mittelstand kommt es darauf an, sich f\u00fcr ein situationsgerechtes Vorgehen im Projektmanagement zu entscheiden. Deshalb werden die Unterschiede zwischen klassischem und agilem Projektmanagement deutlich gemacht.<\/p>\n<p>Im Workshop zum Thema Live-Hacking k\u00f6nnen die BesucherInnen erleben, wie Alltagsgegenst\u00e4nde zu gef\u00e4hrlichen Sicherheitsl\u00fccken werden k\u00f6nnen. Der Change 4.0-Workshop gibt einen Einblick, wo das eigene Unternehmen im digitalen Wandel steht und wie die MitarbeiterInnen bei Ver\u00e4nderungsprozessen mit einbezogen werden k\u00f6nnen. Im Planspiel-Workshop werden die TeilnehmerInnen auf spannende und kurzweilige Weise in die Themenwelt der Industrie 4.0 eingef\u00fchrt.<\/p>\n<p>Einen Impulsvortrag wird Christian F. Kocherscheidt, gesch\u00e4ftsfu\u0308hrender Gesellschafter der <a href=\"https:\/\/www.ejot.de\/\" target=\"_blank\" rel=\"noopener noreferrer\">EJOT Holding GmbH &amp; Co. KG<\/a> halten. Er wird darstellen, wie sich die Firma beim Thema Digitalisierung aufstellt.<\/p>\n<p>F\u00fcr alle, die danach noch etwas von Siegen sehen wollen, gibt es zwei Angebote: eine F\u00fchrung durch das Untere Schloss der Universit\u00e4t Siegen oder eine Nachtw\u00e4chterf\u00fchrung durch die Siegener Altstadt.<\/p>\n<p>Die Konferenz findet von 11 bis 17 Uhr im Haus der Siegerl\u00e4nder Wirtschaft, Spandauer Str. 25, Siegen statt. Eine kostenfreie Anmeldung f\u00fcr die Konferenz ist erforderlich und hier m\u00f6glich: <a href=\"http:\/\/bit.ly\/swfdigital\" target=\"_blank\" rel=\"noopener noreferrer\">http:\/\/bit.ly\/swfdigital<\/a>. Den Einladungsflyer finden Sie <a href=\"https:\/\/www.vdsm.net\/wronline\/wp-content\/uploads\/2020\/02\/Einladung-Regionalkonferenz.pdf\" target=\"_blank\" rel=\"noopener noreferrer\">hier<\/a>.<\/p>\n<p><em>Hintergrund:<\/em><\/p>\n<p>Das Mittelstand 4.0-Kompetenzzentrum Siegen geh\u00f6rt zu Mittelstand-Digital (<a href=\"http:\/\/www.mittelstand-digital.de\" target=\"_blank\" rel=\"noopener noreferrer\">www.mittelstand-digital.de<\/a>). Mit Mittelstand-Digital unterst\u00fctzt das Bundesministerium f\u00fcr Wirtschaft und Energie (BMWi) die Digitalisierung in kleinen und mittleren Unternehmen und informiert \u00fcber m\u00f6gliche Chancen und Herausforderungen. Regionale Kompetenzzentren helfen vor Ort dem kleinen Einzelh\u00e4ndler genauso wie dem gr\u00f6\u00dferen Produktionsbetrieb mit Expertenwissen, Demonstrationszentren, Netzwerken zum Erfahrungsaustausch und praktischen Beispielen. Das BMWi erm\u00f6glicht die kostenlose Nutzung aller Angebote von Mittelstand-Digital.<\/p>\n<p>Text: <a href=\"http:\/\/www.uni-siegen.de\/\" target=\"_blank\" rel=\"noopener noreferrer\">Universit\u00e4t Siegen<\/a>; Foto: <a href=\"https:\/\/kompetenzzentrum-siegen.digital\/\" target=\"_blank\" rel=\"noopener noreferrer\">Mittelstand 4.0-Kompetenzzentrum Siegen<\/a><\/p>\n","protected":false},"excerpt":{"rendered":"<p>Spannende Vortr\u00e4ge, ein Erfahrungsaustausch mit kleinen und mittleren Unternehmen sowie ein kreativer Beitrag eines Event-Jongleurs \u2013 das steht bei der Regionalkonferenz \u201eS\u00fcdwestfalen digital\u201c des Mittelstand&#8230;<\/p>\n","protected":false},"author":6,"featured_media":17692,"comment_status":"open","ping_status":"open","sticky":false,"template":"","format":"standard","meta":{"_jetpack_newsletter_access":"","_jetpack_dont_email_post_to_subs":false,"_jetpack_newsletter_tier_id":0,"_jetpack_memberships_contains_paywalled_content":false,"_jetpack_feature_clip_id":0,"_jetpack_memberships_contains_paid_content":false,"footnotes":"","jetpack_post_was_ever_published":false},"categories":[1,32,30,34],"tags":[],"class_list":["post-17690","post","type-post","status-publish","format-standard","has-post-thumbnail","hentry","category-aktuell","category-infos","category-vermischtes","category-termine"],"jetpack_sharing_enabled":true,"jetpack_featured_media_url":"https:\/\/www.vdsm.net\/wronline\/wp-content\/uploads\/2020\/02\/kompetenzzentrum-siegen0126_WEB.jpg","_links":{"self":[{"href":"https:\/\/www.vdsm.net\/wronline\/wp-json\/wp\/v2\/posts\/17690","targetHints":{"allow":["GET"]}}],"collection":[{"href":"https:\/\/www.vdsm.net\/wronline\/wp-json\/wp\/v2\/posts"}],"about":[{"href":"https:\/\/www.vdsm.net\/wronline\/wp-json\/wp\/v2\/types\/post"}],"author":[{"embeddable":true,"href":"https:\/\/www.vdsm.net\/wronline\/wp-json\/wp\/v2\/users\/6"}],"replies":[{"embeddable":true,"href":"https:\/\/www.vdsm.net\/wronline\/wp-json\/wp\/v2\/comments?post=17690"}],"version-history":[{"count":9,"href":"https:\/\/www.vdsm.net\/wronline\/wp-json\/wp\/v2\/posts\/17690\/revisions"}],"predecessor-version":[{"id":17701,"href":"https:\/\/www.vdsm.net\/wronline\/wp-json\/wp\/v2\/posts\/17690\/revisions\/17701"}],"wp:featuredmedia":[{"embeddable":true,"href":"https:\/\/www.vdsm.net\/wronline\/wp-json\/wp\/v2\/media\/17692"}],"wp:attachment":[{"href":"https:\/\/www.vdsm.net\/wronline\/wp-json\/wp\/v2\/media?parent=17690"}],"wp:term":[{"taxonomy":"category","embeddable":true,"href":"https:\/\/www.vdsm.net\/wronline\/wp-json\/wp\/v2\/categories?post=17690"},{"taxonomy":"post_tag","embeddable":true,"href":"https:\/\/www.vdsm.net\/wronline\/wp-json\/wp\/v2\/tags?post=17690"}],"curies":[{"name":"wp","href":"https:\/\/api.w.org\/{rel}","templated":true}]}}