{"id":1769,"date":"2014-01-07T13:57:41","date_gmt":"2014-01-07T12:57:41","guid":{"rendered":"http:\/\/www.vdsm.net\/wronline\/?p=1769"},"modified":"2014-01-07T13:57:41","modified_gmt":"2014-01-07T12:57:41","slug":"bilanz-fuer-2013-gibt-ansporn-fuer-das-neue-jahr","status":"publish","type":"post","link":"https:\/\/www.vdsm.net\/wronline\/bilanz-fuer-2013-gibt-ansporn-fuer-das-neue-jahr\/","title":{"rendered":"Bilanz f\u00fcr 2013 gibt Ansporn f\u00fcr das neue Jahr"},"content":{"rendered":"<p>\u201eDer Arbeitsmarkt in unserer Region hat sich 2013 erfreulich stabil gezeigt. Die Betriebe in der Region haben alle Anstrengungen auf sich genommen, um die Besch\u00e4ftigten zu halten. Die Nachfrage nach Arbeitskr\u00e4ften war im Jahr 2013 aber leider geringer als im Vorjahr. Als Arbeitsagentur werden wir im Jahr 2014 noch direkter auf die Unternehmen zu gehen, um gerade die Potenziale von j\u00fcngeren Arbeitslosen st\u00e4rker zu nutzen. Zusammen mit unseren Qualifizierungsangeboten wollen wir so einen wichtigen Beitrag zur Fachkr\u00e4ftesicherung leisten\u201c, so Dr. Bettina Wolf, Vorsitzende der Gesch\u00e4ftsf\u00fchrung der Agentur f\u00fcr Arbeit Siegen. Mit einer aktuellen Arbeitslosenquote von 5,4 Prozent h\u00e4lt der Bezirk der Agentur f\u00fcr Arbeit Siegen auch zum Jahresende eine der niedrigsten Quoten landesweit. Im Vergleich zum Vormonat ergibt sich mit 0,7 Prozent ein geringerer Anstieg als erwartet. 2012 betrug dieser Anstieg noch 4,1 Prozent.<\/p>\n<p>Derzeit sind im Agenturbezirk Siegen noch 12.243 Menschen ohne Besch\u00e4ftigung, im November waren es 12.157 (86 Personen weniger). Im Dezember letzten Jahres waren 11.549 Personen (694 Personen weniger) auf der Suche nach einem Arbeitsplatz. Daraus resultiert ein Zuwachs von 6,0 Prozent im Vorjahresvergleich, der sich jedoch vorwiegend im Jahresverlauf aufgebaut hat. \u201eDie saisontypische Zunahme der Arbeitslosigkeit verz\u00f6gert sich in diesem Jahr offenbar aufgrund des bisher milden Winters. Bisher konnten wir nur einen geringen Anstieg der saisonal bedingten Arbeitslosmeldungen von Mitarbeitern aus den sogenannten Au\u00dfenberufen, dem Bau- und Baunebengewerbe, der Land- und Forstwirtschaft verzeichnen\u201c, erl\u00e4utert Dr. Bettina Wolf.<\/p>\n<p>Im Vergleich zum November ergeben sich nur geringe Ver\u00e4nderungen. Bei den jungen Menschen unter 25 Jahren sank die Zahl der arbeitslos Gemeldeten um 2,9 Prozent (40 Personen) auf 1.351 Personen. Verglichen mit dem Vorjahresmonat ergibt sich keine relevante Ver\u00e4nderung (0,1 Prozent bzw. 1 Person).<\/p>\n<p>Aufgrund der geringeren Arbeitskr\u00e4ftenachfrage stieg die Arbeitslosigkeit im Jahresdurchschnitt um 714 auf 12.331 Personen an. Die geringe Arbeitskr\u00e4ftenachfrage schlug sich auch in einem R\u00fcckgang der gemeldeten Arbeitsstellen nieder. Im Jahr 2013 meldeten die heimischen Betriebe insgesamt 7.985 Arbeitsstellen, ein R\u00fcckgang um 20,3 Prozent oder 2.033 Arbeitsstellen.\u00a0Die letzten Entwicklungen und Prognosen deuten jedoch auf einen positiven Verlauf im Jahr 2014 hin. Im Dezember stieg die Anzahl der gemeldeten Arbeitsstellen im Vergleich zum Vorjahresmonat um 7,4 Prozent (39 Stellen) wieder an.<\/p>\n<p>Positiv zu bewerten ist auch die Anzahl der neuen Arbeitslosmeldungen im Dezember. Diese gingen im Vergleich zum November um 5,3 Prozent (122 Personen) zur\u00fcck. Der Vergleich mit dem Vorjahresmonat zeigt ebenfalls einen deutlichen R\u00fcckgang um 378 Personen oder 14,8 Prozent. Dr. Bettina Wolf: \u201eDer R\u00fcckgang zeigt einmal mehr, dass die Betriebe Personal in der Regel nur im Notfall entlassen und versuchen, ihr eingearbeitetes qualifiziertes Personal auch bei sinkender Auslastung zu halten. Der R\u00fcckgang stimmt uns aber auch positiv mit Blick auf das kommende Jahr\u201c.<\/p>\n<p>Ein R\u00fcckgang der Arbeitslosigkeit wird den Fachkr\u00e4ftebedarf in der Region voraussichtlich weiter verst\u00e4rken. F\u00fcr Dr. Bettina Wolf ist daher die Arbeitslosigkeit bei den J\u00fcngeren unter 25 weiterhin ein wichtiges Aufgabenfeld. \u201eWir wollen weiterhin gemeinsam mit den Betrieben daran arbeiten, den jungen Menschen Chancen zu geben. Dazu werden wir in den kommenden Wochen den Betrieben direkt die Potenziale einzelner Jugendlicher und junger Erwachsener aufzeigen. Mit jedem qualifizierten jungen Menschen schaffen wir den Jugendlichen eine Perspektive und haben die M\u00f6glichkeit, die Region mit den so wichtigen Fachkr\u00e4ften zu versorgen.\u201c F\u00fcr 2014 rechnet Dr. Bettina Wolf nach der \u00fcblichen saisonbedingten Zunahme der Arbeitslosenzahl in den Wintermonaten mit einer Fr\u00fchjahrsbelebung und einer dann soliden Entwicklung im Jahresverlauf.<\/p>\n<p>Im Kreis Siegen-Wittgenstein stieg die Arbeitslosenzahl im Vergleich zum Vormonat um 0,6 Prozent (52 Personen). Derzeit sind 8.625 Menschen ohne Besch\u00e4ftigung registriert, das bedeutet einen Anstieg um 6,7 Prozent (544 Personen) verglichen mit Dezember 2012. Die Arbeitslosenquote bleibt unver\u00e4ndert bei 5,7 Prozent.\u00a0Im Kreis Olpe sind derzeit 3.618 Menschen arbeitslos. Mit einer Dezember-Quote von 4,6 Prozent ergibt sich eine Zunahme um 0,9 Prozentpunkte. Im Vergleich zum Dezember 2012 waren diesen Monat 4,3 Prozent (150 Personen) mehr Menschen arbeitslos gemeldet.<\/p>\n<p>Dennoch ist die Entwicklung der Anzahl der sozialversicherungspflichtig Besch\u00e4ftigten in den Kreisen Olpe und Siegen-Wittgenstein sehr positiv. In den letzten f\u00fcnf Jahren entwickelte sich die Zahl stetig nach oben, von 150.856 im Jahr 2008 stieg die Zahl um etwa 4 Prozent auf 157.840 im Jahr 2013. \u201eVom Zuwachs profitieren besonders Frauen nach der Familienphase, ehemals geringf\u00fcgig Besch\u00e4ftigte und Arbeitssuchende nach einer Qualifizierung\u201c, erl\u00e4utert Dr. Bettina Wolf. \u201eDas zeigt, wie gut die Chancen f\u00fcr qualifizierte Fachkr\u00e4fte auf dem Arbeitsmarkt sind\u201c.<\/p>\n<p>Die Zahl der Arbeitslosen summiert sich in Siegen aus Kunden der Arbeitslosenversicherung (Agentur f\u00fcr Arbeit Siegen) und aus den Kunden der Grundsicherung (Jobcenter Kreis Siegen-Wittgenstein und Jobcenter Kreis Olpe). Im Rechtskreis der Agentur f\u00fcr Arbeit Siegen stieg die Zahl der Besch\u00e4ftigungssuchenden im Vergleich zum Vormonat um 0,8 Prozent (34 Personen), im Rechtskreis der Jobcenter ist ein Anstieg um 0,7 Prozent (52 Personen) im Vergleich zum November zu verzeichnen. Im Bereich der Arbeitslosenversicherung ergibt sich im Vorjahresvergleich eine Zunahme der Zahl der arbeitslos gemeldeten Menschen um 2,9 Prozent (122 Personen). Bei der Grundsicherung ergibt der Vorjahresvergleich ein Anstieg von 0,7 Prozent (52 Personen).<\/p>\n<p>Bei den beiden Grundsicherungstr\u00e4gern der Region Siegen, Jobcenter Kreis Siegen-Wittgenstein und Jobcenter Kreis Olpe, sind aktuell 7.876 Menschen arbeitslos gemeldet. Vor einem Jahr waren es noch 7.304 Personen, 572 Personen weniger. \u201eWer sich hier engagiert und mobil zeigt, dem bieten sich auch 2014 gute Chancen, einen Weg auf den regul\u00e4ren Arbeitsmarkt zu finden\u201c, zeigt sich Dr. Bettina Wolf zuversichtlich. \u201eGemeinsam mit den Jobcentern lade ich die Betriebe ein, dem Potenzial an langzeitarbeitslosen Frauen und M\u00e4nnern eine Chance zu geben.\u201c<\/p>\n<p>Das Jobcenter Kreis Siegen-Wittgenstein ist aktuell f\u00fcr 5.732 Besch\u00e4ftigungssuchende zust\u00e4ndig. Im Vergleich zum Dezember des Vorjahres ergibt sich ein Anstieg der Arbeitslosigkeit um 9,2 Prozent (485 Personen). Beim Jobcenter Kreis Olpe ist im Vergleich zum November 2013 ein leichter R\u00fcckgang der Arbeitslosigkeit verzeichnet worden. Aktuell betr\u00e4gt die Zahl der gemeldeten Arbeitslosen 2.144 Personen (-4 Personen). Im Vorjahresvergleich stieg die Zahl der Arbeitslosen um 4,2 Prozent (87 Personen).<\/p>\n<p>\u201eInsgesamt blicken wir optimistisch in das Jahr 2014. Der Fachkr\u00e4ftebedarf stellt uns vor neue Herausforderungen, die wir gemeinsam mit den heimischen Betrieben meistern werden. Wir werden uns im neuen Jahr verst\u00e4rkt um die M\u00e4nner und Frauen k\u00fcmmern, die es schwerer auf dem Arbeitsmarkt haben. Gemeinsam gehen wir neue Wege, um neue Perspektiven zu bieten\u201c, blickt Dr. Bettina Wolf abschlie\u00dfend nach vorne.<\/p>\n","protected":false},"excerpt":{"rendered":"<p>\u201eDer Arbeitsmarkt in unserer Region hat sich 2013 erfreulich stabil gezeigt. Die Betriebe in der Region haben alle Anstrengungen auf sich genommen, um die Besch\u00e4ftigten&#8230;<\/p>\n","protected":false},"author":2,"featured_media":0,"comment_status":"open","ping_status":"open","sticky":false,"template":"","format":"standard","meta":{"_jetpack_memberships_contains_paid_content":false,"footnotes":""},"categories":[16],"tags":[],"class_list":["post-1769","post","type-post","status-publish","format-standard","hentry","category-arbeitsmarkt"],"jetpack_featured_media_url":"","jetpack_sharing_enabled":true,"_links":{"self":[{"href":"https:\/\/www.vdsm.net\/wronline\/wp-json\/wp\/v2\/posts\/1769","targetHints":{"allow":["GET"]}}],"collection":[{"href":"https:\/\/www.vdsm.net\/wronline\/wp-json\/wp\/v2\/posts"}],"about":[{"href":"https:\/\/www.vdsm.net\/wronline\/wp-json\/wp\/v2\/types\/post"}],"author":[{"embeddable":true,"href":"https:\/\/www.vdsm.net\/wronline\/wp-json\/wp\/v2\/users\/2"}],"replies":[{"embeddable":true,"href":"https:\/\/www.vdsm.net\/wronline\/wp-json\/wp\/v2\/comments?post=1769"}],"version-history":[{"count":1,"href":"https:\/\/www.vdsm.net\/wronline\/wp-json\/wp\/v2\/posts\/1769\/revisions"}],"predecessor-version":[{"id":1770,"href":"https:\/\/www.vdsm.net\/wronline\/wp-json\/wp\/v2\/posts\/1769\/revisions\/1770"}],"wp:attachment":[{"href":"https:\/\/www.vdsm.net\/wronline\/wp-json\/wp\/v2\/media?parent=1769"}],"wp:term":[{"taxonomy":"category","embeddable":true,"href":"https:\/\/www.vdsm.net\/wronline\/wp-json\/wp\/v2\/categories?post=1769"},{"taxonomy":"post_tag","embeddable":true,"href":"https:\/\/www.vdsm.net\/wronline\/wp-json\/wp\/v2\/tags?post=1769"}],"curies":[{"name":"wp","href":"https:\/\/api.w.org\/{rel}","templated":true}]}}