{"id":17684,"date":"2020-02-25T14:01:42","date_gmt":"2020-02-25T13:01:42","guid":{"rendered":"https:\/\/www.vdsm.net\/wronline\/?p=17684"},"modified":"2020-02-26T08:43:33","modified_gmt":"2020-02-26T07:43:33","slug":"neue-chancen-fuer-einzelhandel-durch-digitalisierung","status":"publish","type":"post","link":"https:\/\/www.vdsm.net\/wronline\/neue-chancen-fuer-einzelhandel-durch-digitalisierung\/","title":{"rendered":"Neue Chancen f\u00fcr Einzelhandel durch Digitalisierung"},"content":{"rendered":"<p>\u201eHandel in Zeiten der Digitalisierung\u201c lautete das \u2013 \u00fcberaus aktuelle \u2013 Thema eines Workshops, zu dem die Stadt Siegen jetzt in die Siegerlandhalle eingeladen hatte. \u201eUnsere Zentren in der Stadt leben von der Vielfalt, zu der ohne Zweifel der station\u00e4re Einzelhandel geh\u00f6rt. Deswegen ist es unser Anliegen, den Handel zu unterst\u00fctzen\u201c, formulierte B\u00fcrgermeister Steffen Mues das ambitionierte Ziel des Workshops. Im Einzelnen sollten im Rahmen der Veranstaltung (bzw. durch diese angesto\u00dfen!) m\u00f6glichst viele Ideen gesammelt werden, wie die lokalen H\u00e4ndler von den M\u00f6glichkeiten, die sich aus der permanent fortschreitenden Digitalisierung ergeben, profitieren k\u00f6nnen.<\/p>\n<p>Als Input stellte Ann-Katrin Hentschel von der Industrie- und Handelskammer Siegen das Projekt \u201eDALES\u201c vor. \u201eDALES\u201c steht f\u00fcr \u201e<strong>D<\/strong>ata <strong>A<\/strong>nalytics f\u00fcr den <strong>l<\/strong>okalen <strong>E<\/strong>inzelhandel in einer zuk\u00fcnftigen <strong>S<\/strong>mart City\u201c und wird getragen vom <a href=\"https:\/\/fokos.de\/\" target=\"_blank\" rel=\"noopener noreferrer\">Forschungskolleg der Universit\u00e4t Siegen (FoKoS)<\/a> in Kooperation mit dem Siegener Daten-Spezialisten <a href=\"https:\/\/www.statmath.de\/\" target=\"_blank\" rel=\"noopener noreferrer\">statmath<\/a> und der <a href=\"https:\/\/www.ihk-siegen.de\/\" target=\"_blank\" rel=\"noopener noreferrer\">IHK<\/a>. \u00dcbergeordnetes Ziel ist es, so Ann-Katrin Hentschel, \u201edigitalen und station\u00e4ren Einzelhandel zusammenzudenken\u201c. Konkret geht es darum, lokale H\u00e4ndler zu bef\u00e4higen, Marketing-, Platzierungs- und Personaleins\u00e4tze mithilfe digitaler Mittel effizienter planen zu k\u00f6nnen.<\/p>\n<p>Im Anschluss setzte sich der Workshop mit Gespr\u00e4chsrunden und den Themen \u201eEinkaufserlebnis\u201c, \u201eKomfort\u201c, \u201eReichweite\u201c und \u201eAblaufoptimierung\u201c fort. Wie Guido Menn, Digitalisierungskoordinator der Stadt Siegen, berichtet, f\u00f6rderten die Runden viele wertvolle Ideen und Gedanken zu Tage, die dabei helfen k\u00f6nnen, die St\u00e4rken des lokalen Handels mit den M\u00f6glichkeiten der Digitalisierung zu verkn\u00fcpfen. \u201eNeben virtuellen Schaufenstern im Ladenlokal oder zus\u00e4tzlich abrufbaren Produktinformationen via QR-Code wurden zum Beispiel auch Themen wie Storytelling im Ladenlokal oder Interaktionsangebote zur Verk\u00fcrzung von Wartezeiten vor dem Erreichen des Gesch\u00e4fts angesprochen und diskutiert\u201c, nennt Menn einzelne Beispiele.<\/p>\n<p>Im n\u00e4chsten Schritt wird es nun darum gehen, aus diesen Ideen konkrete Vorhaben und Projekte abzuleiten, wobei interessierte und engagierte Akteure aus dem Handlungsfeld mit einbezogen werden sollen.<\/p>\n<p>Eingebettet ist die Workshop-Reihe in die Rahmenstrategie \u201eGemeinsame Initiative Digitalisierung\u201c (GID), zu der sich die elf St\u00e4dte und Gemeinden in Siegen-Wittgenstein, der Kreis Siegen-Wittgenstein, der regionale IT-Dienstleister S\u00fcdwestfalen-IT und das Forschungskolleg der Universit\u00e4t Siegen zusammengeschlossen haben.<\/p>\n<p>Text und Foto: <a href=\"https:\/\/www.siegen.de\/\" target=\"_blank\" rel=\"noopener noreferrer\">Stadt Siegen<\/a><\/p>\n","protected":false},"excerpt":{"rendered":"<p>\u201eHandel in Zeiten der Digitalisierung\u201c lautete das \u2013 \u00fcberaus aktuelle \u2013 Thema eines Workshops, zu dem die Stadt Siegen jetzt in die Siegerlandhalle eingeladen hatte&#8230;.<\/p>\n","protected":false},"author":6,"featured_media":17685,"comment_status":"open","ping_status":"open","sticky":false,"template":"","format":"standard","meta":{"_jetpack_newsletter_access":"","_jetpack_dont_email_post_to_subs":false,"_jetpack_newsletter_tier_id":0,"_jetpack_memberships_contains_paywalled_content":false,"_jetpack_feature_clip_id":0,"_jetpack_memberships_contains_paid_content":false,"footnotes":"","jetpack_post_was_ever_published":false},"categories":[1,32,30,11],"tags":[],"class_list":["post-17684","post","type-post","status-publish","format-standard","has-post-thumbnail","hentry","category-aktuell","category-infos","category-vermischtes","category-regionale-wirtschaft"],"jetpack_sharing_enabled":true,"jetpack_featured_media_url":"https:\/\/www.vdsm.net\/wronline\/wp-content\/uploads\/2020\/02\/GID_Workshop_Handel_WEB.jpg","_links":{"self":[{"href":"https:\/\/www.vdsm.net\/wronline\/wp-json\/wp\/v2\/posts\/17684","targetHints":{"allow":["GET"]}}],"collection":[{"href":"https:\/\/www.vdsm.net\/wronline\/wp-json\/wp\/v2\/posts"}],"about":[{"href":"https:\/\/www.vdsm.net\/wronline\/wp-json\/wp\/v2\/types\/post"}],"author":[{"embeddable":true,"href":"https:\/\/www.vdsm.net\/wronline\/wp-json\/wp\/v2\/users\/6"}],"replies":[{"embeddable":true,"href":"https:\/\/www.vdsm.net\/wronline\/wp-json\/wp\/v2\/comments?post=17684"}],"version-history":[{"count":2,"href":"https:\/\/www.vdsm.net\/wronline\/wp-json\/wp\/v2\/posts\/17684\/revisions"}],"predecessor-version":[{"id":17687,"href":"https:\/\/www.vdsm.net\/wronline\/wp-json\/wp\/v2\/posts\/17684\/revisions\/17687"}],"wp:featuredmedia":[{"embeddable":true,"href":"https:\/\/www.vdsm.net\/wronline\/wp-json\/wp\/v2\/media\/17685"}],"wp:attachment":[{"href":"https:\/\/www.vdsm.net\/wronline\/wp-json\/wp\/v2\/media?parent=17684"}],"wp:term":[{"taxonomy":"category","embeddable":true,"href":"https:\/\/www.vdsm.net\/wronline\/wp-json\/wp\/v2\/categories?post=17684"},{"taxonomy":"post_tag","embeddable":true,"href":"https:\/\/www.vdsm.net\/wronline\/wp-json\/wp\/v2\/tags?post=17684"}],"curies":[{"name":"wp","href":"https:\/\/api.w.org\/{rel}","templated":true}]}}