{"id":17637,"date":"2020-02-20T14:15:12","date_gmt":"2020-02-20T13:15:12","guid":{"rendered":"https:\/\/www.vdsm.net\/wronline\/?p=17637"},"modified":"2020-02-20T14:23:33","modified_gmt":"2020-02-20T13:23:33","slug":"kamingespraech-der-allianz-der-siegener-kliniken","status":"publish","type":"post","link":"https:\/\/www.vdsm.net\/wronline\/kamingespraech-der-allianz-der-siegener-kliniken\/","title":{"rendered":"Kamingespr\u00e4ch der \u201eAllianz der Siegener Kliniken\u201c"},"content":{"rendered":"<p>Um \u00fcber den aktuellen Stand der Entwicklungen der \u201eAllianz der Siegener Kliniken\u201c zu informieren, luden in der vergangenen Woche die Gesch\u00e4ftsf\u00fchrung der DRK-Kinderklinik Siegen, des Kreisklinikums Siegen und der Marien Gesellschaft Siegen die hiesigen Parteien auf Kreis- und Landesebene zum zweiten \u201eKamingespr\u00e4ch\u201c in die Wasserburg Hainchen ein. Bereits im vergangenen Jahr hatten die drei Siegener Kliniken zu einem regen Austausch mit Politikern aus der Region eingeladen, um \u00fcber aktuelle und zuk\u00fcnftige Herausforderungen und Perspektiven zu sprechen.<\/p>\n<p>\u201eSeit dem letzten Kamingespr\u00e4ch im vergangenen Jahr hat sich innerhalb der Allianz einiges getan\u201c, erl\u00e4uterte Stefanie Wied, Gesch\u00e4ftsf\u00fchrerin der DRK-Kinderklinik, zu Beginn der Veranstaltung und zeigte in einem kurzen R\u00fcckblick auf, welche Themen im vergangenen Jahr beim ersten Kamingespr\u00e4ch im Fokus standen. So wurden seitdem gemeinsam viele Projekte, wie das Bildungsinstitut f\u00fcr Gesundheitsberufe S\u00fcdwestfalen (BiGS), die neue Zentralk\u00fcche der Marien Gesellschaft Siegen und des Kreisklinikums Siegen oder auch das Pilotprojekt \u201eKodrona\u201c, bei dem erforscht wird, wie Drohnen den Transport von Blutproben \u00fcber das Stadtgebiet hinweg sicherstellen k\u00f6nnen, erfolgreich umgesetzt. \u201eIn unserem BiGS werden \u00fcber 400 Auszubildende auf Pflegeberufe vorbereitet. Etwa 8 Millionen Euro wurden f\u00fcr dieses Erfolgsprojekt in die Hand genommen\u201c, erkl\u00e4rte Ingo F\u00f6lsing, Gesch\u00e4ftsf\u00fchrer des Kreisklinikum Siegen. Der Klinikservice mit der neuen Zentralk\u00fcche als zweites Beispiel wurde mit 12 Millionen Euro beziffert. Hier sorgen etwa 80 Besch\u00e4ftigte daf\u00fcr, dass t\u00e4glich 6.000 Mahlzeiten die Menschen in den Einrichtungen erreichen.<\/p>\n<div id=\"attachment_17644\" style=\"width: 310px\" class=\"wp-caption alignleft\"><a href=\"https:\/\/www.vdsm.net\/wronline\/wp-content\/uploads\/2020\/02\/Kamingespaech-Allianz-der-Siegener-Kliniken_04_WEB.jpg\"><img loading=\"lazy\" decoding=\"async\" aria-describedby=\"caption-attachment-17644\" class=\"wp-image-17644 size-medium\" src=\"https:\/\/www.vdsm.net\/wronline\/wp-content\/uploads\/2020\/02\/Kamingespaech-Allianz-der-Siegener-Kliniken_04_WEB-300x200.jpg\" alt=\"\" width=\"300\" height=\"200\" srcset=\"https:\/\/www.vdsm.net\/wronline\/wp-content\/uploads\/2020\/02\/Kamingespaech-Allianz-der-Siegener-Kliniken_04_WEB-300x200.jpg 300w, https:\/\/www.vdsm.net\/wronline\/wp-content\/uploads\/2020\/02\/Kamingespaech-Allianz-der-Siegener-Kliniken_04_WEB-768x512.jpg 768w, https:\/\/www.vdsm.net\/wronline\/wp-content\/uploads\/2020\/02\/Kamingespaech-Allianz-der-Siegener-Kliniken_04_WEB.jpg 777w\" sizes=\"auto, (max-width: 300px) 100vw, 300px\" \/><\/a><p id=\"caption-attachment-17644\" class=\"wp-caption-text\">Auch in diesem Jahr hatten die drei Siegener Kliniken zu einem regen Austausch mit Politikern aus der Region eingeladen, um \u00fcber aktuelle und zuk\u00fcnftige Herausforderungen und Perspektiven zu sprechen.<\/p><\/div>\n<p>Neben der Beleuchtung der erfolgreich umgesetzten Projekte innerhalb der Allianz, wurden auch die aktuell gr\u00f6\u00dften Herausforderungen in der Krankenhauslandschaft thematisiert. \u201eMit der Zusammenarbeit unserer Kliniken wollen wir nicht nur den Forderungen der Politik nach einer Konzentration der Krankenh\u00e4user nachkommen, sondern auch Herausforderungen auf dem Gesundheitsmarkt, wie beispielsweise dem Fachkr\u00e4ftemangel, zuk\u00fcnftig gemeinsam besser begegnen\u201c, so Hans-J\u00fcrgen Winkelmann, Hauptgesch\u00e4ftsf\u00fchrer der Marien Gesellschaft Siegen im Hinblick auf einen Verbund. Durch die Zusammenarbeit der drei Kliniken sollen die Patienten von h\u00f6herer Qualit\u00e4t, zus\u00e4tzlichen Leistungen, medizinischer Spezialisierung und strukturierten Behandlungswegen profitieren.<\/p>\n<p>Im Rahmen des regen Austauschs zwischen den Gesch\u00e4ftsf\u00fchrern und Politikern berichtete Bertram M\u00fcller, Gesch\u00e4ftsf\u00fchrer des Kreisklinikums Siegen, auch \u00fcber den aktuellen Stand zum Projekt \u201eMedizin neu Denken\u201c. \u201eDas Projekt ist f\u00fcr uns nicht beerdigt, sondern wird in anderer Form weitergehen\u201c, informierte M\u00fcller. Er erkl\u00e4rte, dass nun nach der Begutachtung und Bewertung durch den Wissenschaftsrat strukturelle Ver\u00e4nderungen vorgenommen werden. So sollen zum Beispiel zuk\u00fcnftig verschiedene Forschungsprojekte in Kooperation mit der Universit\u00e4t Siegen und der Universit\u00e4t Bonn umgesetzt und Block-Praktika f\u00fcr Studierende angeboten werden.<\/p>\n<p>Text:\u00a0<a href=\"http:\/\/www.kreisklinikum-siegen.de\/\" target=\"_blank\" rel=\"noopener noreferrer\">Kreisklinikum Siegen GmbH<\/a> ; Foto: <a href=\"https:\/\/www.drk-kinderklinik.de\/\" target=\"_blank\" rel=\"noopener noreferrer\">DRK Kinderklinik Siegen<\/a><\/p>\n","protected":false},"excerpt":{"rendered":"<p>Um \u00fcber den aktuellen Stand der Entwicklungen der \u201eAllianz der Siegener Kliniken\u201c zu informieren, luden in der vergangenen Woche die Gesch\u00e4ftsf\u00fchrung der DRK-Kinderklinik Siegen, des&#8230;<\/p>\n","protected":false},"author":6,"featured_media":17640,"comment_status":"open","ping_status":"open","sticky":false,"template":"","format":"standard","meta":{"_jetpack_newsletter_access":"","_jetpack_dont_email_post_to_subs":false,"_jetpack_newsletter_tier_id":0,"_jetpack_memberships_contains_paywalled_content":false,"_jetpack_feature_clip_id":0,"_jetpack_memberships_contains_paid_content":false,"footnotes":"","jetpack_post_was_ever_published":false},"categories":[8,32,30,11],"tags":[],"class_list":["post-17637","post","type-post","status-publish","format-standard","has-post-thumbnail","hentry","category-ausbildung","category-infos","category-vermischtes","category-regionale-wirtschaft"],"jetpack_sharing_enabled":true,"jetpack_featured_media_url":"https:\/\/www.vdsm.net\/wronline\/wp-content\/uploads\/2020\/02\/Kamingespaech-Allianz-der-Siegener-Kliniken_02_WEB.jpg","_links":{"self":[{"href":"https:\/\/www.vdsm.net\/wronline\/wp-json\/wp\/v2\/posts\/17637","targetHints":{"allow":["GET"]}}],"collection":[{"href":"https:\/\/www.vdsm.net\/wronline\/wp-json\/wp\/v2\/posts"}],"about":[{"href":"https:\/\/www.vdsm.net\/wronline\/wp-json\/wp\/v2\/types\/post"}],"author":[{"embeddable":true,"href":"https:\/\/www.vdsm.net\/wronline\/wp-json\/wp\/v2\/users\/6"}],"replies":[{"embeddable":true,"href":"https:\/\/www.vdsm.net\/wronline\/wp-json\/wp\/v2\/comments?post=17637"}],"version-history":[{"count":11,"href":"https:\/\/www.vdsm.net\/wronline\/wp-json\/wp\/v2\/posts\/17637\/revisions"}],"predecessor-version":[{"id":17650,"href":"https:\/\/www.vdsm.net\/wronline\/wp-json\/wp\/v2\/posts\/17637\/revisions\/17650"}],"wp:featuredmedia":[{"embeddable":true,"href":"https:\/\/www.vdsm.net\/wronline\/wp-json\/wp\/v2\/media\/17640"}],"wp:attachment":[{"href":"https:\/\/www.vdsm.net\/wronline\/wp-json\/wp\/v2\/media?parent=17637"}],"wp:term":[{"taxonomy":"category","embeddable":true,"href":"https:\/\/www.vdsm.net\/wronline\/wp-json\/wp\/v2\/categories?post=17637"},{"taxonomy":"post_tag","embeddable":true,"href":"https:\/\/www.vdsm.net\/wronline\/wp-json\/wp\/v2\/tags?post=17637"}],"curies":[{"name":"wp","href":"https:\/\/api.w.org\/{rel}","templated":true}]}}