{"id":17629,"date":"2020-02-20T09:50:04","date_gmt":"2020-02-20T08:50:04","guid":{"rendered":"https:\/\/www.vdsm.net\/wronline\/?p=17629"},"modified":"2020-02-20T12:05:45","modified_gmt":"2020-02-20T11:05:45","slug":"gemeinsam-fuer-die-zukunft-der-region","status":"publish","type":"post","link":"https:\/\/www.vdsm.net\/wronline\/gemeinsam-fuer-die-zukunft-der-region\/","title":{"rendered":"Gemeinsam f\u00fcr die Zukunft der Region"},"content":{"rendered":"<p>Der Prorektor der Universit\u00e4t f\u00fcr \u201eDigitales und Regionales\u201c sowie die Prorektorin f\u00fcr \u201eInternationales und Lebenslanges Lernen\u201c, Prof. Dr. Volker Wulf und Prof.in Dr. Petra M. Vogel, haben den Regionalbeirat ins Leben gerufen. Beim ersten Treffen waren zahlreiche VertreterInnen aus Politik, Wirtschaft, Wissenschaft und Gesellschaft dabei, um zu besprechen, was sie gemeinsam f\u00fcr die Region tun k\u00f6nnen. Das \u00fcbergeordnete Ziel des Regionalbeirats brachte Prof. Wulf bereits zu Beginn der Veranstaltung auf den Punkt: \u201eWir m\u00f6chten Universit\u00e4t und Region enger vernetzen und gemeinsam herausfinden, welche Rolle diese Kooperation f\u00fcr die Moderation des Strukturwandels in S\u00fcdwestfalen spielen kann\u201c, sagte er bei der Begr\u00fc\u00dfung der zahlreichen TeilnehmerInnen.<\/p>\n<p>Mit dabei waren unter anderem vier Landr\u00e4te aus S\u00fcdwestfalen, Gesch\u00e4ftsleiterInnen f\u00fchrender Unternehmen aus der Region sowie GewerkschaftsvertreterInnen. Das erste Treffen diente dazu, sich dar\u00fcber auszutauschen, welche Aktivit\u00e4ten es in der Region bereits gibt \u2013 und welche Herausforderungen k\u00fcnftig gemeinsam angegangen werden sollen.<\/p>\n<p>Prof. Dr. Martin Hill von der Uni Siegen gab einen kurzen \u00dcberblick \u00fcber die Entrepreneurship-Potentiale der Region. Die Zusammenarbeit zwischen Start-Ups und hiesigen Unternehmen laufe gut und sei vertrauensvoll, betonte er. Unternehmensgr\u00fcndungen m\u00fcssten aber noch deutlich st\u00e4rker unterst\u00fctzt werden. Er wies auf einen dringenden Handlungsbedarf hin: \u201eWir brauchen einen Inkubator, der Gr\u00fcndungswillige auf ihrem Weg hilft. Daf\u00fcr ben\u00f6tigen wir eine Finanzierung von 2,5 bis drei Millionen Euro pro Jahr.\u201c<\/p>\n<p>Das Projekt ventUS der Universit\u00e4t, das genau solche Gr\u00fcndungen unterst\u00fctzen soll, sei ein wichtiger Schritt, um das Gr\u00fcndungspotential in der Region zu unterst\u00fctzen. Es soll im April 2020 starten und wird mit 1,8 Millionen Euro vom Bundeswirtschaftsministerium gef\u00f6rdert. Das Projekt wird von Prof. Dr. Giuseppe Strina geleitet.<\/p>\n<p>Dr. Martin Stein stellte das Mittelstand 4.0-Kompetenzzentrum Siegen vor, das es seit 2017 an der Universit\u00e4t Siegen gibt. Die MitarbeiterInnen unterst\u00fctzen kleine und mittlere Unternehmen in S\u00fcdwestfalen und dar\u00fcber hinaus beim Thema Digitalisierung. Er f\u00fchrte aus, dass die Aktivit\u00e4ten des Kompetenzzentrums dauerhaft in der Region verstetigt werden sollen.<\/p>\n<p>\u00dcber den Universit\u00e4ts-Standort Buschh\u00fctten sprach Axel Barten, gesch\u00e4ftsf\u00fchrender Gesellschafter von Achenbach Buschh\u00fctten. In alten Gie\u00dferei-Hallen der Firma wird k\u00fcnftig unter anderem eine smarte Demonstrationsfabrik entstehen. Daf\u00fcr arbeiten die Firma, die Universit\u00e4t Siegen und die Rheinisch-Westf\u00e4lische Technische Hochschule Aachen zusammen. Au\u00dferdem werden Fl\u00e4chen f\u00fcr Firmen aus der Region bereitgestellt, die sich dort ansiedeln k\u00f6nnen.<\/p>\n<p>Die TeilnehmerInnen waren sich einig, dass ein partizipativ-kooperativer Ansatz notwendig ist, um die Region voran zu bringen. Dabei sollen die Interessen von allen betroffenen Gruppen gleicherma\u00dfen ber\u00fccksichtigt werden. Darin spiegelt sich der sozialpartnerschaftliche Ansatz wieder, der der Arbeit des Beirats zugrunde liegt. Die Rolle der Universit\u00e4t als Impulsgeberin und Moderatorin f\u00fcr regionale Strategie-Entwicklungsprozesse soll ausgebaut und verstetigt werden. Daf\u00fcr wird sich der Regionalbeirat weiter regelm\u00e4\u00dfig treffen, das n\u00e4chste Mal im Herbst.<\/p>\n<p>Text und Foto: <a href=\"http:\/\/www.uni-siegen.de\/\" target=\"_blank\" rel=\"noopener noreferrer\">Universit\u00e4t Siegen<\/a><\/p>\n","protected":false},"excerpt":{"rendered":"<p>Der Prorektor der Universit\u00e4t f\u00fcr \u201eDigitales und Regionales\u201c sowie die Prorektorin f\u00fcr \u201eInternationales und Lebenslanges Lernen\u201c, Prof. Dr. Volker Wulf und Prof.in Dr. Petra M&#8230;.<\/p>\n","protected":false},"author":6,"featured_media":17630,"comment_status":"open","ping_status":"open","sticky":false,"template":"","format":"standard","meta":{"_jetpack_newsletter_access":"","_jetpack_dont_email_post_to_subs":false,"_jetpack_newsletter_tier_id":0,"_jetpack_memberships_contains_paywalled_content":false,"_jetpack_feature_clip_id":0,"_jetpack_memberships_contains_paid_content":false,"footnotes":"","jetpack_post_was_ever_published":false},"categories":[1,32,30],"tags":[],"class_list":["post-17629","post","type-post","status-publish","format-standard","has-post-thumbnail","hentry","category-aktuell","category-infos","category-vermischtes"],"jetpack_sharing_enabled":true,"jetpack_featured_media_url":"https:\/\/www.vdsm.net\/wronline\/wp-content\/uploads\/2020\/02\/regionalbeirat_medien_WEB.jpg","_links":{"self":[{"href":"https:\/\/www.vdsm.net\/wronline\/wp-json\/wp\/v2\/posts\/17629","targetHints":{"allow":["GET"]}}],"collection":[{"href":"https:\/\/www.vdsm.net\/wronline\/wp-json\/wp\/v2\/posts"}],"about":[{"href":"https:\/\/www.vdsm.net\/wronline\/wp-json\/wp\/v2\/types\/post"}],"author":[{"embeddable":true,"href":"https:\/\/www.vdsm.net\/wronline\/wp-json\/wp\/v2\/users\/6"}],"replies":[{"embeddable":true,"href":"https:\/\/www.vdsm.net\/wronline\/wp-json\/wp\/v2\/comments?post=17629"}],"version-history":[{"count":1,"href":"https:\/\/www.vdsm.net\/wronline\/wp-json\/wp\/v2\/posts\/17629\/revisions"}],"predecessor-version":[{"id":17631,"href":"https:\/\/www.vdsm.net\/wronline\/wp-json\/wp\/v2\/posts\/17629\/revisions\/17631"}],"wp:featuredmedia":[{"embeddable":true,"href":"https:\/\/www.vdsm.net\/wronline\/wp-json\/wp\/v2\/media\/17630"}],"wp:attachment":[{"href":"https:\/\/www.vdsm.net\/wronline\/wp-json\/wp\/v2\/media?parent=17629"}],"wp:term":[{"taxonomy":"category","embeddable":true,"href":"https:\/\/www.vdsm.net\/wronline\/wp-json\/wp\/v2\/categories?post=17629"},{"taxonomy":"post_tag","embeddable":true,"href":"https:\/\/www.vdsm.net\/wronline\/wp-json\/wp\/v2\/tags?post=17629"}],"curies":[{"name":"wp","href":"https:\/\/api.w.org\/{rel}","templated":true}]}}