{"id":17620,"date":"2020-02-19T09:50:51","date_gmt":"2020-02-19T08:50:51","guid":{"rendered":"https:\/\/www.vdsm.net\/wronline\/?p=17620"},"modified":"2020-02-19T09:50:51","modified_gmt":"2020-02-19T08:50:51","slug":"mennekes-praesentiert-wegweisende-loesungen","status":"publish","type":"post","link":"https:\/\/www.vdsm.net\/wronline\/mennekes-praesentiert-wegweisende-loesungen\/","title":{"rendered":"MENNEKES pr\u00e4sentiert wegweisende L\u00f6sungen"},"content":{"rendered":"<p>Innovation auf 690 m\u00b2 \u2013 vom 8.-13.3.2020 pr\u00e4sentiert MENNEKES auf der Light+Building in Frankfurt seine leistungsstarken L\u00f6sungen f\u00fcr die Bereiche Industriesteckvorrichtungen und Elektromobilit\u00e4t. Gem\u00e4\u00df des Mottos \u201eMy Power Connection: Innovative. Smart. Reliable.\u201c stellt das Familienunternehmen aus dem Sauerland in Halle 12.1, Stand B90\/91 seine Produktneuheiten vor. Von der intelligenten eMobility Abrechnungsdienstleistung bis zur neuesten Generation der Industriesteckvorrichtungen pr\u00e4sentiert MENNEKES den Besuchern auf dem gr\u00f6\u00dften Messeauftritt der Firmengeschichte, welch umfassende und ma\u00dfgeschneiderte L\u00f6sungen f\u00fcr jede Zielgruppe bereitstehen.<\/p>\n<p><strong>2020 &#8211; die n\u00e4chste Etappe f\u00fcr die Elektromobilit\u00e4t<\/strong><\/p>\n<p>Die Aussichten f\u00fcr die Elektromobilit\u00e4t sind insgesamt sehr gut. MENNEKES hat einige interessante neue L\u00f6sungen entwickelt und stellt sie auf der Light+Building vor.<\/p>\n<div id=\"attachment_17622\" style=\"width: 224px\" class=\"wp-caption alignleft\"><a href=\"https:\/\/www.vdsm.net\/wronline\/wp-content\/uploads\/2020\/02\/amedio_left.jpg\"><img loading=\"lazy\" decoding=\"async\" aria-describedby=\"caption-attachment-17622\" class=\"size-medium wp-image-17622\" src=\"https:\/\/www.vdsm.net\/wronline\/wp-content\/uploads\/2020\/02\/amedio_left-214x300.jpg\" alt=\"\" width=\"214\" height=\"300\" srcset=\"https:\/\/www.vdsm.net\/wronline\/wp-content\/uploads\/2020\/02\/amedio_left-214x300.jpg 214w, https:\/\/www.vdsm.net\/wronline\/wp-content\/uploads\/2020\/02\/amedio_left-730x1024.jpg 730w, https:\/\/www.vdsm.net\/wronline\/wp-content\/uploads\/2020\/02\/amedio_left-768x1077.jpg 768w, https:\/\/www.vdsm.net\/wronline\/wp-content\/uploads\/2020\/02\/amedio_left.jpg 777w\" sizes=\"auto, (max-width: 214px) 100vw, 214px\" \/><\/a><p id=\"caption-attachment-17622\" class=\"wp-caption-text\">Die neue eichrechtkonforme Lades\u00e4ule AMEDIO Professional+.<\/p><\/div>\n<p>Die neue eichrechtkonforme Lades\u00e4ule AMEDIO und die neue Wallbox AMTRON\u00ae Professional+ bieten die fortschrittlichsten Standards der Elektromobilit\u00e4t und empfehlen sich f\u00fcr den Aufbau einer zukunftssicheren Ladeinfrastruktur. Hohe Sicherheitsanforderungen, ein \u00fcbersichtliches Systemmonitoring und ein modernes dynamisches Lastmanagement charakterisieren die beiden neuen Ladel\u00f6sungen. Das in beiden Produkten integrierte Modem erm\u00f6glicht den Betrieb mit professionellen Software-Backends, wie z.B. der chargecloud. Ein solches System nutzt der Betreiber, um die S\u00e4ule zu \u00fcberwachen, zu steuern und die geladene Energie schlie\u00dflich auch abzurechnen. Der Betreiber kann bei MENNEKES frei entscheiden, ob er selbst die Abrechnungsvorg\u00e4nge durchf\u00fchrt oder diese Aufgabe an MENNEKES abgibt.<\/p>\n<p>Als L\u00f6sungsanbieter bietet der eMobility Pionier mit MENNEKES ativo eine solche Abrechnungsdienstleistung an und vertreibt diese \u00fcber den bew\u00e4hrten dreistufigen Vertriebsweg. So wird das Thema eMobility zum Gesch\u00e4ftsmodell f\u00fcr Unternehmen, Hotels, Restaurants, Parkraumbewirtschafter und Vermieter. Auf der Light+Building k\u00f6nnen sich Besucher \u00fcber die ativo Abrechnungsdienstleistung informieren \u2013 sowohl aus dem Blickwinkel des Betreibers als auch aus dem Blickwinkel des Ladekunden. Mit gro\u00dfen europ\u00e4ischen Fahrstromanbietern, wie Maingau, EnBw, Plugsurfing und Newmotion hat MENNEKES bereits Vereinbarungen getroffen um den Zugang zu den Ladepunkten so einfach wie m\u00f6glich zu gestalten und abzurechnen. Die Fahrer finden die MENNEKES Ladepunkte\u00a0in den Apps von oben genannten Anbietern.<\/p>\n<p>Auch f\u00fcr das Laden zu Hause hat MENNEKES mit der AMTRON\u00ae compact Wallbox eine weitere neue L\u00f6sung entwickelt. Sie verbindet eine kompakte Variation des hochwertigen AMTRON\u00ae-Designs mit einem Funktions-Fokus, der Zukunftssicherheit durch Fahrzeugkompatibilit\u00e4t ebenso bietet wie bis zu 11kW Ladeleistung (dreiphasig), die f\u00fcr Privatanwendungen ideal ist. Die Wallbox ist somit die zukunftssichere L\u00f6sung \u201eMade in Germany\u201c f\u00fcr die Garage im Einfamilienhaus oder die Tiefgarage der Stadtwohnung.<\/p>\n<p>MENNEKES beweist sowohl mit diesen neuen L\u00f6sungen, als auch mit dem bew\u00e4hrten Programm, dass das Leistungsspektrum wieder erweitert wurde und dazu beitr\u00e4gt die Mobilit\u00e4tswende weiter voran zu treiben.<\/p>\n<p><strong>Neue Steckergeneration: Die PowerTOP\u00ae Xtra Familie w\u00e4chst weiter<\/strong><\/p>\n<p>Erstmals vorgestellt wird auf der Light+Building die Erweiterung der PowerTOP\u00ae Xtra Familie. In den Stromst\u00e4rken 63 A und 125 A sind die PowerTOP\u00ae Xtra Stecker und Kupplungen seit vielen Jahren im Markt. 2019 wurde PowerTOP\u00ae Xtra um die Varianten f\u00fcr 16 A und 32 A erg\u00e4nzt. Passend zur Light+Building 2020 w\u00e4chst die PowerTOP\u00ae Xtra Familie jetzt weiter. Neben 3-poligen Ger\u00e4ten in 16 A und 5-poligen Steckern und Kupplungen in 16 A und 32 A in allen Spannungsfeldern umfasst die Produktfamilie ab M\u00e4rz auch die Variante PowerTOP\u00ae Xtra R. Mit vernickelten Kontakten und hochw\u00e4rmebest\u00e4ndigen Kontakttr\u00e4gern wurde PowerTOP\u00ae Xtra R speziell f\u00fcr besonders anspruchsvolle Einsatzgebiete entwickelt. Alle neuen Ger\u00e4te erf\u00fcllen die Schutzklasse IP 54 und sind so nicht nur gegen Spritzwasser, sondern auch besonders gut gegen Staub gesch\u00fctzt. Mit den neuen Produktvarianten geht MENNEKES einen gro\u00dfen Schritt weiter in Richtung Komplettierung der PowerTOP\u00ae Xtra Familie: Sie wird zur ganzheitlichen Produktfamilie f\u00fcr jedes Anwendungsgebiet.<\/p>\n<p><strong>Steckdosenkombinationen: F\u00fcr jede Fragestellung die richtige L\u00f6sung<\/strong><\/p>\n<p>Auch das Thema Steckdosenkombinationen steht beim Messeauftritt im Fokus. Ob f\u00fcr Decke, Wand oder Boden \u2013 MENNEKES bietet f\u00fcr jeden Anwendungsfall eine passende Steckdosenkombination. Das vielf\u00e4ltige Produktprogramm reicht dabei von wandmontierten Steckdosenkombinationen \u00fcber abh\u00e4ngbare Varianten bis hin zu freistehenden Kombinationen und mobilen Verteilern. Auch L\u00f6sungen f\u00fcr die Daten\u00fcbertragung und die EEG-Drittmengenabgrenzung werden auf der Light+Building vorgestellt. Und auch seine Vision der Zukunft pr\u00e4sentiert MENNEKES auf dem Stand: eine exklusive Studie, wie die Welt smarter Industriesteckvorrichtungen aussehen k\u00f6nnte, die \u00fcber GPS lokalisierbare mobile Verteiler oder IoT-Wandsteckdosen umfasst.<\/p>\n<p>Bilder und Infos: <a href=\"https:\/\/www.mennekes.de\/\" target=\"_blank\" rel=\"noopener noreferrer\">MENNEKES Elektrotechnik GmbH &amp; Co. KG<\/a><\/p>\n","protected":false},"excerpt":{"rendered":"<p>Innovation auf 690 m\u00b2 \u2013 vom 8.-13.3.2020 pr\u00e4sentiert MENNEKES auf der Light+Building in Frankfurt seine leistungsstarken L\u00f6sungen f\u00fcr die Bereiche Industriesteckvorrichtungen und Elektromobilit\u00e4t. Gem\u00e4\u00df des&#8230;<\/p>\n","protected":false},"author":2,"featured_media":17621,"comment_status":"open","ping_status":"open","sticky":false,"template":"","format":"standard","meta":{"_jetpack_newsletter_access":"","_jetpack_dont_email_post_to_subs":false,"_jetpack_newsletter_tier_id":0,"_jetpack_memberships_contains_paywalled_content":false,"_jetpack_feature_clip_id":0,"_jetpack_memberships_contains_paid_content":false,"footnotes":"","jetpack_post_was_ever_published":false},"categories":[32,10],"tags":[],"class_list":["post-17620","post","type-post","status-publish","format-standard","has-post-thumbnail","hentry","category-infos","category-unternehmen"],"jetpack_sharing_enabled":true,"jetpack_featured_media_url":"https:\/\/www.vdsm.net\/wronline\/wp-content\/uploads\/2020\/02\/MENNEKES_Erweiterung_PowerT.jpg","_links":{"self":[{"href":"https:\/\/www.vdsm.net\/wronline\/wp-json\/wp\/v2\/posts\/17620","targetHints":{"allow":["GET"]}}],"collection":[{"href":"https:\/\/www.vdsm.net\/wronline\/wp-json\/wp\/v2\/posts"}],"about":[{"href":"https:\/\/www.vdsm.net\/wronline\/wp-json\/wp\/v2\/types\/post"}],"author":[{"embeddable":true,"href":"https:\/\/www.vdsm.net\/wronline\/wp-json\/wp\/v2\/users\/2"}],"replies":[{"embeddable":true,"href":"https:\/\/www.vdsm.net\/wronline\/wp-json\/wp\/v2\/comments?post=17620"}],"version-history":[{"count":1,"href":"https:\/\/www.vdsm.net\/wronline\/wp-json\/wp\/v2\/posts\/17620\/revisions"}],"predecessor-version":[{"id":17623,"href":"https:\/\/www.vdsm.net\/wronline\/wp-json\/wp\/v2\/posts\/17620\/revisions\/17623"}],"wp:featuredmedia":[{"embeddable":true,"href":"https:\/\/www.vdsm.net\/wronline\/wp-json\/wp\/v2\/media\/17621"}],"wp:attachment":[{"href":"https:\/\/www.vdsm.net\/wronline\/wp-json\/wp\/v2\/media?parent=17620"}],"wp:term":[{"taxonomy":"category","embeddable":true,"href":"https:\/\/www.vdsm.net\/wronline\/wp-json\/wp\/v2\/categories?post=17620"},{"taxonomy":"post_tag","embeddable":true,"href":"https:\/\/www.vdsm.net\/wronline\/wp-json\/wp\/v2\/tags?post=17620"}],"curies":[{"name":"wp","href":"https:\/\/api.w.org\/{rel}","templated":true}]}}