{"id":17604,"date":"2020-02-19T09:30:02","date_gmt":"2020-02-19T08:30:02","guid":{"rendered":"https:\/\/www.vdsm.net\/wronline\/?p=17604"},"modified":"2020-02-18T16:37:12","modified_gmt":"2020-02-18T15:37:12","slug":"raus-aus-der-box","status":"publish","type":"post","link":"https:\/\/www.vdsm.net\/wronline\/raus-aus-der-box\/","title":{"rendered":"Raus aus der Box!"},"content":{"rendered":"<p class=\"s12\"><span class=\"s7\">Die Welt ver\u00e4ndert sich in einem rasenden Tempo. Alles wird schneller, die Art zu\u00a0<\/span><span class=\"s7\">arbeiten, e<\/span><span class=\"s7\">inzukaufen, zu leben. Wir haben gelernt, uns an das Tempo anz<\/span><span class=\"s7\">u<\/span><span class=\"s7\">passen und vieles gleichzeitig zu machen. Glauben wir zumindest, meint Britta Sieper in ihrem Beitrag im <a href=\"https:\/\/www.wirtschaftsblog.nrw\/\" target=\"_blank\" rel=\"noopener noreferrer\">NRW-Wirtschaftsblog &#8222;Klartext im Westen&#8220;<\/a>. Sie ist Gesch\u00e4ftsf\u00fchrerin der <a href=\"https:\/\/www.siku.de\/de\/\" target=\"_blank\" rel=\"noopener noreferrer\">Sieper GmbH<\/a>, Hersteller von SIKU Spielzeugmodellen.<\/span><\/p>\n<p class=\"s12\"><span class=\"s7\">Die Digitalisierung\u00a0<\/span><span class=\"s7\">zum Beispiel,\u00a0<\/span><span class=\"s7\">hat im Alltag unser Leben umgekrempelt und ist nicht mehr weg zu denken.<\/span>\u00a0<span class=\"s7\">Doch Deutschla<\/span><span class=\"s7\">nd und Nordrhein-Westfalen fallen<\/span><span class=\"s7\">\u00a0im internationalen Vergleich ab.<\/span><span class=\"s7\">\u00a0Andere L\u00e4nder\u00a0<\/span><span class=\"s7\">holen rasant auf. Sie\u00a0<\/span><span class=\"s7\">stellen sich\u00a0<\/span><span class=\"s7\">schnell auf Ver\u00e4nderungen ein, sie passen ihre Gesch\u00e4ftsmodelle an, entwickeln Innovati<\/span><span class=\"s7\">o<\/span><span class=\"s7\">nen, besch\u00e4ftigen sich mit Nachhaltigkeit und bleiben am Puls der Zeit.<\/span><span class=\"s7\">\u00a0Das macht sie in vielen Punkten sehr schnell und oftmals effiz<\/span><span class=\"s7\">i<\/span><span class=\"s7\">enter.<\/span><\/p>\n<p class=\"s12\"><span class=\"s7\">Das brauchen wir auch in Deutschland. Wir m\u00fcssen unsere Zukunft sichern und dies gelingt nur, wenn wir aus unserer Komfortz<\/span><span class=\"s7\">one heraustreten<\/span><span class=\"s7\">\u00a0und umdenken<\/span><span class=\"s7\">.<\/span><\/p>\n<p class=\"s12\"><span class=\"s7\">Es gilt<\/span>\u00a0<span class=\"s7\">unsere St\u00e4rken zu nutzen<\/span><span class=\"s7\">. Dabei\u00a0<\/span><span class=\"s7\">schneller, flexibler und kre<\/span><span class=\"s7\">a<\/span><span class=\"s7\">tiver\u00a0<\/span><span class=\"s7\">sein<\/span><span class=\"s7\">, damit wir\u00a0<\/span><span class=\"s7\">wettbewerbsf\u00e4hig bleiben und\u00a0<\/span><span class=\"s7\">Schritt halten mit den internationalen Entwicklungen. Das gilt f\u00fcr uns als Unternehmer<\/span><span class=\"s7\">\u00a0gemeinsam mit den Mitarbe<\/span><span class=\"s7\">i<\/span><span class=\"s7\">tern<\/span><span class=\"s7\">, aber auch f\u00fcr die Verwaltung und Politik. Langwierige Prozesse bei Geset<\/span><span class=\"s7\">z<\/span><span class=\"s7\">gebung und Genehmigungsverfahren k\u00f6nnen wir uns einfach nicht mehr erla<\/span><span class=\"s7\">u<\/span><span class=\"s7\">ben.\u00a0<\/span><span class=\"s7\">Vorschriften<\/span>\u00a0<span class=\"s7\">mit nicht un<\/span><span class=\"s7\">erheblichem Ma\u00df an b\u00fcrokra<\/span><span class=\"s7\">t<\/span><span class=\"s7\">ischen Vorg\u00e4ngen\u00a0<\/span><span class=\"s7\">nehmen stark zu.\u00a0<\/span><span class=\"s7\">Wir m\u00fcssen\u00a0<\/span><span class=\"s7\">in\u00a0<\/span><span class=\"s7\">Deutschland aus der Box denken: Die Welt wa<\/span><span class=\"s7\">r<\/span><span class=\"s7\">tet nicht mehr auf \u201eMade in Germany\u201c \u2013 wir m\u00fcssen wieder zeigen, w<\/span><span class=\"s7\">as wir k\u00f6nnen: Wir waren stets Vorreiter<\/span><span class=\"s7\">\u00a0und\u00a0<\/span><span class=\"s7\">konnten mit Innovationen und pr\u00e4ziser Arbeit die Welt von u<\/span><span class=\"s7\">n<\/span><span class=\"s7\">seren Produkten \u00fcberzeugen. Doch die letzten Jahre haben gezeigt, dass andere Staaten aufholen und uns in manchen Wirtschaftszweigen auch \u00fcberholen.<\/span><span class=\"s7\">\u00a0Bis bei uns\u00a0<\/span><span class=\"s7\">Genehmigungsver<\/span><span class=\"s7\">fahren, Datenschutzauflagen<\/span><span class=\"s7\">\u00a0und Pr\u00fcfungen vollzogen sind, gibt es in anderen L\u00e4ndern der Welt\u00a0<\/span><span class=\"s7\">bereits\u00a0<\/span><span class=\"s7\">schon eine Umsetzung.<\/span><\/p>\n<p class=\"s12\"><span class=\"s7\">Als Gesch\u00e4ftsf\u00fchreri<\/span><span class=\"s7\">n eines Traditionsunternehmens m<\/span><span class=\"s7\">itten in S\u00fcdwestfalen\u00a0<\/span><span class=\"s7\">liegt mir\u00a0<\/span><span class=\"s7\">weiterhin<\/span><span class=\"s7\">\u00a0die Attraktivit\u00e4t des Wirtschaftsstandortes NRW am Herzen.\u00a0<\/span><span class=\"s7\">S<\/span><span class=\"s7\">eit 1921\u00a0<\/span><span class=\"s7\">sind\u00a0<\/span><span class=\"s7\">wir\u00a0<\/span><span class=\"s7\">am Standort L\u00fcdenscheid<\/span><span class=\"s7\">\u00a0mit unserem Hauptsitz ans\u00e4ssig.\u00a0<\/span><span class=\"s7\">Unser\u00a0<\/span><span class=\"s7\">Ziel ist es, dabei\u00a0<\/span><span class=\"s7\">qualitativ hoc<\/span><span class=\"s7\">hwertige Produkte zu entwickeln, zu produzieren\u00a0<\/span><span class=\"s7\">und am Puls der Zeit zu bleiben. Das schaffen wir auch nur<\/span><span class=\"s7\">\u00a0durch<\/span>\u00a0<span class=\"s7\">Ehrgeiz<\/span><span class=\"s7\">, Flex<\/span><span class=\"s7\">i<\/span><span class=\"s7\">bilit\u00e4t und nat\u00fcrlich\u00a0<\/span><span class=\"s7\">durch\u00a0<\/span><span class=\"s7\">eine positive<\/span><span class=\"s7\">\u00a0und motivierte<\/span><span class=\"s7\">\u00a0Stimmung in\u00a0<\/span><span class=\"s7\">unser<\/span><span class=\"s7\">e<\/span><span class=\"s7\">m<\/span><span class=\"s7\">\u00a0qualifizierte<\/span><span class=\"s7\">n<\/span>\u00a0<span class=\"s7\">Team.<\/span><\/p>\n<p class=\"s12\"><span class=\"s7\">Wirtschaft findet in erster Linie in der Region statt. Stimmen da die Rahmenb<\/span><span class=\"s7\">e<\/span><span class=\"s7\">dingungen \u2013 etwa wettbewerbsf\u00e4hige Gewerbesteuern, schnelle Genehmigung<\/span><span class=\"s7\">s<\/span><span class=\"s7\">verfahren oder sehr gute digitale und Verkehrsinfrastrukturen \u2013 dann sind dies Anreize f\u00fcr Investitionen vor Ort. F\u00fcr mich als Unternehmerin sind<\/span>\u00a0<span class=\"s7\">deshalb\u00a0<\/span><span class=\"s7\">die kommunalen Weichenstellungen durch die Wahlen\u00a0<\/span><span class=\"s7\">im Herbst dieses Jahres von gro\u00dfer Bedeutung.<\/span><\/p>\n<p class=\"s12\"><span class=\"s7\">Viele unserer Mitarbeiter haben junge Familien.\u00a0<\/span><span class=\"s7\">Umso wichtiger ist es, gemei<\/span><span class=\"s7\">n<\/span><span class=\"s7\">sam mit der Kommune die Attraktivit\u00e4t des Standortes weiter auszubauen.\u00a0<\/span><span class=\"s7\">Das\u00a0<\/span><span class=\"s7\">Thema Vereinbarkeit von Familie und Beruf\u00a0<\/span><span class=\"s7\">und\u00a0<\/span><span class=\"s7\">die\u00a0<\/span><span class=\"s7\">Schaffung von ad\u00e4quaten Rahmenbedingungen f\u00fcr die Arbeitnehmer\u00a0<\/span><span class=\"s7\">finde ich besonders wichtig<\/span><span class=\"s7\">.\u00a0<\/span><span class=\"s7\">Das b<\/span><span class=\"s7\">e<\/span><span class=\"s7\">trifft sowohl die Angebote f\u00fcr die Betreuung von Kindern, als auch die\u00a0<\/span><span class=\"s7\">Ausric<\/span><span class=\"s7\">h<\/span><span class=\"s7\">tung<\/span><span class=\"s7\">\u00a0der St\u00e4dte<\/span>\u00a0<span class=\"s7\">f\u00fcr Familien.<\/span>\u00a0<span class=\"s7\">Ich w\u00fcnsche mir f\u00fcr die Zukunft, dass an dieser Stelle die Kommunen mit den ortsans\u00e4ssigen Unternehmen besser zusammena<\/span><span class=\"s7\">r<\/span><span class=\"s7\">beiten. Denn nur gemeinsam bringen wir\u00a0<\/span><span class=\"s7\">unsere Region<\/span><span class=\"s7\">\u00a0auf Z<\/span><span class=\"s7\">u<\/span><span class=\"s7\">kunftskurs und sichern so d<\/span><span class=\"s7\">auerhaft unseren Fachkr\u00e4ftebedarf<\/span><span class=\"s7\">. Junge Familien schauen inzw<\/span><span class=\"s7\">i<\/span><span class=\"s7\">schen nicht nur nach sicheren Arbeitspl\u00e4tzen, in Zeiten von \u201eWork-Life-Balance\u201c ist\u00a0<\/span><span class=\"s7\">auch\u00a0<\/span><span class=\"s7\">das kulturelle und sportliche Angebot einer Kommune in den Mittelpunkt ger\u00fcckt.<\/span><\/p>\n<p class=\"s12\"><span class=\"s7\">Und damit die Unternehmen langfristig ihrem Standort treu bleiben und das A<\/span><span class=\"s7\">n<\/span><span class=\"s7\">gebot an Arbeitspl\u00e4tzen sichern, ist eine unb\u00fcrokrat<\/span><span class=\"s7\">ische, wirtschaftsorientierte und\u00a0<\/span><span class=\"s7\">schnelle Verwaltung unumg\u00e4nglich<\/span><span class=\"s7\">.<\/span>\u00a0<span class=\"s7\">Dar\u00fcber hinaus w\u00fcnsche ich mi<\/span><span class=\"s7\">r<\/span><span class=\"s7\">, dass ein positives Grundempfinden f\u00fcr die Bedeutung von Wir<\/span><span class=\"s7\">t<\/span><span class=\"s7\">schaft und Industrie in der Bev\u00f6lkerung gef\u00f6rdert wird.<\/span><\/p>\n<p class=\"s12\"><span class=\"s7\">Zeigen wir in Deutschland und in NRW wieder was wir k\u00f6nnen und machen u<\/span><span class=\"s7\">n<\/span><span class=\"s7\">serem Ruf \u201eMade in Germany\u201c alle Ehre.<\/span><span class=\"s7\">\u00a0Machen wir den Schritt aus der Box heraus<\/span>.<\/p>\n","protected":false},"excerpt":{"rendered":"<p>Die Welt ver\u00e4ndert sich in einem rasenden Tempo. Alles wird schneller, die Art zu\u00a0arbeiten, einzukaufen, zu leben. Wir haben gelernt, uns an das Tempo anzupassen&#8230;<\/p>\n","protected":false},"author":2,"featured_media":17605,"comment_status":"open","ping_status":"open","sticky":false,"template":"","format":"standard","meta":{"_jetpack_newsletter_access":"","_jetpack_dont_email_post_to_subs":false,"_jetpack_newsletter_tier_id":0,"_jetpack_memberships_contains_paywalled_content":false,"_jetpack_feature_clip_id":0,"_jetpack_memberships_contains_paid_content":false,"footnotes":"","jetpack_post_was_ever_published":false},"categories":[32,4,30,11],"tags":[],"class_list":["post-17604","post","type-post","status-publish","format-standard","has-post-thumbnail","hentry","category-infos","category-meinung","category-vermischtes","category-regionale-wirtschaft"],"jetpack_sharing_enabled":true,"jetpack_featured_media_url":"https:\/\/www.vdsm.net\/wronline\/wp-content\/uploads\/2020\/02\/Sieper_Britta-676x620-1.jpg","_links":{"self":[{"href":"https:\/\/www.vdsm.net\/wronline\/wp-json\/wp\/v2\/posts\/17604","targetHints":{"allow":["GET"]}}],"collection":[{"href":"https:\/\/www.vdsm.net\/wronline\/wp-json\/wp\/v2\/posts"}],"about":[{"href":"https:\/\/www.vdsm.net\/wronline\/wp-json\/wp\/v2\/types\/post"}],"author":[{"embeddable":true,"href":"https:\/\/www.vdsm.net\/wronline\/wp-json\/wp\/v2\/users\/2"}],"replies":[{"embeddable":true,"href":"https:\/\/www.vdsm.net\/wronline\/wp-json\/wp\/v2\/comments?post=17604"}],"version-history":[{"count":2,"href":"https:\/\/www.vdsm.net\/wronline\/wp-json\/wp\/v2\/posts\/17604\/revisions"}],"predecessor-version":[{"id":17607,"href":"https:\/\/www.vdsm.net\/wronline\/wp-json\/wp\/v2\/posts\/17604\/revisions\/17607"}],"wp:featuredmedia":[{"embeddable":true,"href":"https:\/\/www.vdsm.net\/wronline\/wp-json\/wp\/v2\/media\/17605"}],"wp:attachment":[{"href":"https:\/\/www.vdsm.net\/wronline\/wp-json\/wp\/v2\/media?parent=17604"}],"wp:term":[{"taxonomy":"category","embeddable":true,"href":"https:\/\/www.vdsm.net\/wronline\/wp-json\/wp\/v2\/categories?post=17604"},{"taxonomy":"post_tag","embeddable":true,"href":"https:\/\/www.vdsm.net\/wronline\/wp-json\/wp\/v2\/tags?post=17604"}],"curies":[{"name":"wp","href":"https:\/\/api.w.org\/{rel}","templated":true}]}}