{"id":17539,"date":"2020-02-14T15:15:47","date_gmt":"2020-02-14T14:15:47","guid":{"rendered":"https:\/\/www.vdsm.net\/wronline\/?p=17539"},"modified":"2020-02-17T08:28:32","modified_gmt":"2020-02-17T07:28:32","slug":"pflegeausbildung-auf-hoechstem-niveau","status":"publish","type":"post","link":"https:\/\/www.vdsm.net\/wronline\/pflegeausbildung-auf-hoechstem-niveau\/","title":{"rendered":"Pflegeausbildung auf h\u00f6chstem Niveau"},"content":{"rendered":"<p>Die beiden S\u00fcdwestf\u00e4lischen Abgeordneten, MdEP Dr. Peter Liese und MdL Jens Kamieth, besuchten k\u00fcrzlich das Bildungsinstitut f\u00fcr Gesundheitsberufe (BiGS) und informierten sich dabei unter anderen \u00fcber die aktuelle Umsetzung des Pflegereformgesetzes, die Akademisierung der Pflegeberufe und Hebammenausbildung sowie die grunds\u00e4tzlichen Herausforderungen \u00a0der Kliniken in der Region. Die drei Gesch\u00e4ftsf\u00fchrer von Kinderklinik, Kreisklinikum und Marien-Gesellschaft, Stefanie Wied, Bertram M\u00fcller und Hans-J\u00fcrgen Winkelmann, und der Institutsleiter des BiGS, Uwe Mayenschein, nahmen sich gerne Zeit, um mit den Abgeordneten das Ausbildungszentrum f\u00fcr Gesundheitsberufe vorzustellen und \u00fcber die Pflegereform zu diskutieren.<\/p>\n<p>Im Anschluss f\u00fchrten die beiden Abgeordneten noch Gespr\u00e4che zu den grunds\u00e4tzlichen Herausforderungen, denen sich die Siegener Kliniken mit all ihren angeschlossenen Gesundheitseinrichtungen aktuell stellen m\u00fcssen. Dazu geh\u00f6rt neben der angespannten Personalsituation insbesondere im \u00e4rztlichen Dienst auch die nicht zufriedenstellende Finanzierungslage, da sowohl die Einnahmen aus der Krankenversicherung als auch die Mittel des Landes f\u00fcr Investitionen nicht ausreichen, um ann\u00e4hernd kostendeckend zu arbeiten. Beeindruckt zeigten die Politiker sich u.a. von den weiteren Gemeinschaftsprojekten neben dem besichtigten Bildungsinstitut f\u00fcr Gesundheitsberufe wie einem geplanten gemeinschaftlichen Labor oder der gemeinsamen Klinikk\u00fcche. Auch mit dem durch das BMVI gef\u00f6rderten Projekt Kodrona, bei dem ein zuk\u00fcnftiger Einsatz von Drohnen als Transportmittel zwischen Kliniken im urbanen Raum gepr\u00fcft werden soll, ist solch ein weiteres Verbundprojekt, mit dem die Kliniken Impulse in der Region setzen. Auch zur Perspektive des Projektes \u201eMedizin neu denken\u201c tauschte man sich aus.<\/p>\n<p>Die Gesch\u00e4ftsf\u00fchrer richteten den Wunsch an die beiden Politiker, die geplante Verbundbildung der drei Siegener Kliniken zu unterst\u00fctzen. Die Fortsetzung der geschilderten und die Entwicklung weiterer Projekte\u00a0bed\u00fcrfen der engen Zusammenarbeit im geplanten Verbund der Kliniken, wobei unisono Einigkeit besteht, dass man f\u00fcr die Aufnahme weiterer Partner in einem zweiten Schritt offen ist. \u00a0Mit dem Wunsch, die Bed\u00fcrfnisse der ans\u00e4ssigen Einrichtungen in die Parlamente auf Landes-, Bundes- und Europaebene weiterzutragen, verabschiedete man sich nach fast drei Stunden, nicht ohne gemeinsam vereinbart zu haben, sich auch zuk\u00fcnftig zu diesen Themen weiter auszutauschen.<\/p>\n<p>Text und Fotos: <a href=\"http:\/\/www.drk-kinderklinik.de\" target=\"_blank\" rel=\"noopener noreferrer\">DRK-Kinderklinik Siegen gGmbH<\/a><\/p>\n","protected":false},"excerpt":{"rendered":"<p>Die beiden S\u00fcdwestf\u00e4lischen Abgeordneten, MdEP Dr. Peter Liese und MdL Jens Kamieth, besuchten k\u00fcrzlich das Bildungsinstitut f\u00fcr Gesundheitsberufe (BiGS) und informierten sich dabei unter anderen&#8230;<\/p>\n","protected":false},"author":6,"featured_media":17540,"comment_status":"open","ping_status":"open","sticky":false,"template":"","format":"standard","meta":{"_jetpack_newsletter_access":"","_jetpack_dont_email_post_to_subs":false,"_jetpack_newsletter_tier_id":0,"_jetpack_memberships_contains_paywalled_content":false,"_jetpack_feature_clip_id":0,"_jetpack_memberships_contains_paid_content":false,"footnotes":"","jetpack_post_was_ever_published":false},"categories":[1,32,30,10],"tags":[],"class_list":["post-17539","post","type-post","status-publish","format-standard","has-post-thumbnail","hentry","category-aktuell","category-infos","category-vermischtes","category-unternehmen"],"jetpack_sharing_enabled":true,"jetpack_featured_media_url":"https:\/\/www.vdsm.net\/wronline\/wp-content\/uploads\/2020\/02\/Besuch-MdEP-Dr.-Liese-und-MdL-Kamieth-im-BiGS_WEB.jpg","_links":{"self":[{"href":"https:\/\/www.vdsm.net\/wronline\/wp-json\/wp\/v2\/posts\/17539","targetHints":{"allow":["GET"]}}],"collection":[{"href":"https:\/\/www.vdsm.net\/wronline\/wp-json\/wp\/v2\/posts"}],"about":[{"href":"https:\/\/www.vdsm.net\/wronline\/wp-json\/wp\/v2\/types\/post"}],"author":[{"embeddable":true,"href":"https:\/\/www.vdsm.net\/wronline\/wp-json\/wp\/v2\/users\/6"}],"replies":[{"embeddable":true,"href":"https:\/\/www.vdsm.net\/wronline\/wp-json\/wp\/v2\/comments?post=17539"}],"version-history":[{"count":1,"href":"https:\/\/www.vdsm.net\/wronline\/wp-json\/wp\/v2\/posts\/17539\/revisions"}],"predecessor-version":[{"id":17541,"href":"https:\/\/www.vdsm.net\/wronline\/wp-json\/wp\/v2\/posts\/17539\/revisions\/17541"}],"wp:featuredmedia":[{"embeddable":true,"href":"https:\/\/www.vdsm.net\/wronline\/wp-json\/wp\/v2\/media\/17540"}],"wp:attachment":[{"href":"https:\/\/www.vdsm.net\/wronline\/wp-json\/wp\/v2\/media?parent=17539"}],"wp:term":[{"taxonomy":"category","embeddable":true,"href":"https:\/\/www.vdsm.net\/wronline\/wp-json\/wp\/v2\/categories?post=17539"},{"taxonomy":"post_tag","embeddable":true,"href":"https:\/\/www.vdsm.net\/wronline\/wp-json\/wp\/v2\/tags?post=17539"}],"curies":[{"name":"wp","href":"https:\/\/api.w.org\/{rel}","templated":true}]}}