{"id":17534,"date":"2020-02-14T14:15:20","date_gmt":"2020-02-14T13:15:20","guid":{"rendered":"https:\/\/www.vdsm.net\/wronline\/?p=17534"},"modified":"2020-02-14T12:12:47","modified_gmt":"2020-02-14T11:12:47","slug":"mitgliederversammlung-der-metalltechnik-innung","status":"publish","type":"post","link":"https:\/\/www.vdsm.net\/wronline\/mitgliederversammlung-der-metalltechnik-innung\/","title":{"rendered":"Mitgliederversammlung der Metalltechnik-Innung"},"content":{"rendered":"<p>Im Rahmen der diesj\u00e4hrigen Mitgliederversammlung der Metalltechnik-Innung Westfalen-S\u00fcd informierten sich die Mitglieder zum Thema \u201eFluchtwege gem\u00e4\u00df Arbeitsst\u00e4ttenrichtlinie A 2.3\u201c. Dazu konnte die Innung einen kompetenten Referenten im Hotel Pfefferm\u00fchle in Siegen begr\u00fc\u00dfen: Dipl.-Ing. Lars Prei\u00dfner, Technischer Berater des Fachverbandes Metall NRW aus Essen, erkl\u00e4rte, worauf bei Gel\u00e4ndern, Treppen und Fu\u00dfb\u00f6den sowie im Hinblick auf Barrierefreiheit zu achten ist. Nicht nur im Hinblick auf den eigenen Betrieb stie\u00df das Thema auf gro\u00dfes Interesse der Anwesenden, denn als Hersteller von T\u00fcren, Toren, Treppen und Gel\u00e4ndern ber\u00fchren die rechtlichen Rahmenbedingungen von Fluchtwegen auch die t\u00e4gliche Arbeit der Metallbauer und stellen sie vor bauliche Herausforderungen. Dies wurde in der anschlie\u00dfenden Diskussion deutlich. \u201eDurch schwammige Formulierungen in den Richtlinien ergeben sich f\u00fcr die Praxis keine eindeutigen L\u00f6sungen. Ich habe schon deutschlandweit recherchiert und mich informiert, aber niemand kann konkret meine Fragestellung beantworten\u201c, bem\u00e4ngelt Vorstandsmitglied Stefan Schwarz aus Freudenberg. Dies soll nun an den Fachverband weitergegeben werden, um eine konkrete L\u00f6sung f\u00fcr aufkommende Fragen der Betriebe zu finden.<\/p>\n<p>Nach dem rund einst\u00fcndigen Vortrag von Lars Prei\u00dfner samt Diskussion, fuhr Obermeister Harald G\u00f6rnig z\u00fcgig mit der offiziellen Tagesordnung fort. Nach eingehender Pr\u00fcfung der Jahresrechnung 2018 und 2019, wurden Vorstand und Gesch\u00e4ftsf\u00fchrung einstimmig entlastet. J\u00fcrgen Ha\u00dfler, Gesch\u00e4ftsf\u00fchrer der Kreishandwerkerschaft Westfalen-S\u00fcd beschrieb die Innung als &#8211; so w\u00f6rtlich &#8211; \u201efinanzstark\u201c. Auch der Haushalt 2020 wurde einstimmig verabschiedet.<\/p>\n<p>Anschlie\u00dfend berieten die Mitglieder \u00fcber die im Fr\u00fchjahr anstehenden Berufsmessen in Siegen und Olpe. Nach kurzer Diskussion wurde \u2013 basierend auf den Erfahrungen der letzten Jahre \u2013 beschlossen, in diesem Jahr als Innung nicht an den Berufsmessen teilzunehmen. \u201eSinnvoller ist es, den pers\u00f6nlichen Kontakt zu den k\u00fcnftigen Auszubildenden schon \u00fcber die Schulen zu suchen. Oder sich als Betrieb individuell durch Tage wie Girls Day oder spezielle Handwerkstage zu pr\u00e4sentieren und den jungen Menschen einen Einblick in die Betriebe zu gew\u00e4hren\u201c, so Ehrenobermeister Martin Hunold. In den Kreisen Siegen-Wittgenstein und Olpe sucht die Innung durchschnittlich 15 Auszubildende pro Jahr. \u00a0Um diese zu finden, m\u00fcsse man neue Wege gehen und sich der Entwicklung der heutigen Zeit anpassen.<\/p>\n<p>Fest eingeplant ist aber die diesj\u00e4hrige Innungsfahrt im August: Drei Tage geht es gemeinsam an die Mosel und das interessante Programm sorgte daf\u00fcr, dass die Fahrt mit begrenzter Platzanzahl schnell ausgebucht war. Zum Abschluss der Sitzung ging Gesch\u00e4ftsf\u00fchrer J\u00fcrgen Ha\u00dfler auf die aktuellen Termine und Dienstleistungsangebote der Kreishandwerkerschaft ein und gab einen Ausblick auf interessante Seminare und Veranstaltungen mit hochkar\u00e4tigen Rednern. Besonders ans Herz legte er den Mitgliedsbetrieben das diesj\u00e4hrige Fr\u00fchjahrsforum der Kreishandwerkerschaft am 23. April. Als Redner wird Wolfgang Bosbach mit einem Vortrag zum Thema \u201eDeutschland in Zeiten von Globalisierung und Digitalisierung \u2013 worauf es jetzt ankommt&#8220; erwartet.<\/p>\n<p>Text und Foto: TEXTWERK ATTENDORN, Rebecca Dalhoff, Attendorn<\/p>\n","protected":false},"excerpt":{"rendered":"<p>Im Rahmen der diesj\u00e4hrigen Mitgliederversammlung der Metalltechnik-Innung Westfalen-S\u00fcd informierten sich die Mitglieder zum Thema \u201eFluchtwege gem\u00e4\u00df Arbeitsst\u00e4ttenrichtlinie A 2.3\u201c. Dazu konnte die Innung einen kompetenten&#8230;<\/p>\n","protected":false},"author":6,"featured_media":17537,"comment_status":"open","ping_status":"open","sticky":false,"template":"","format":"standard","meta":{"_jetpack_newsletter_access":"","_jetpack_dont_email_post_to_subs":false,"_jetpack_newsletter_tier_id":0,"_jetpack_memberships_contains_paywalled_content":false,"_jetpack_feature_clip_id":0,"_jetpack_memberships_contains_paid_content":false,"footnotes":"","jetpack_post_was_ever_published":false},"categories":[32,30],"tags":[],"class_list":["post-17534","post","type-post","status-publish","format-standard","has-post-thumbnail","hentry","category-infos","category-vermischtes"],"jetpack_sharing_enabled":true,"jetpack_featured_media_url":"https:\/\/www.vdsm.net\/wronline\/wp-content\/uploads\/2020\/02\/Referent_Prei\u00dfner_WEB.jpg","_links":{"self":[{"href":"https:\/\/www.vdsm.net\/wronline\/wp-json\/wp\/v2\/posts\/17534","targetHints":{"allow":["GET"]}}],"collection":[{"href":"https:\/\/www.vdsm.net\/wronline\/wp-json\/wp\/v2\/posts"}],"about":[{"href":"https:\/\/www.vdsm.net\/wronline\/wp-json\/wp\/v2\/types\/post"}],"author":[{"embeddable":true,"href":"https:\/\/www.vdsm.net\/wronline\/wp-json\/wp\/v2\/users\/6"}],"replies":[{"embeddable":true,"href":"https:\/\/www.vdsm.net\/wronline\/wp-json\/wp\/v2\/comments?post=17534"}],"version-history":[{"count":3,"href":"https:\/\/www.vdsm.net\/wronline\/wp-json\/wp\/v2\/posts\/17534\/revisions"}],"predecessor-version":[{"id":17538,"href":"https:\/\/www.vdsm.net\/wronline\/wp-json\/wp\/v2\/posts\/17534\/revisions\/17538"}],"wp:featuredmedia":[{"embeddable":true,"href":"https:\/\/www.vdsm.net\/wronline\/wp-json\/wp\/v2\/media\/17537"}],"wp:attachment":[{"href":"https:\/\/www.vdsm.net\/wronline\/wp-json\/wp\/v2\/media?parent=17534"}],"wp:term":[{"taxonomy":"category","embeddable":true,"href":"https:\/\/www.vdsm.net\/wronline\/wp-json\/wp\/v2\/categories?post=17534"},{"taxonomy":"post_tag","embeddable":true,"href":"https:\/\/www.vdsm.net\/wronline\/wp-json\/wp\/v2\/tags?post=17534"}],"curies":[{"name":"wp","href":"https:\/\/api.w.org\/{rel}","templated":true}]}}