{"id":17526,"date":"2020-02-14T08:24:20","date_gmt":"2020-02-14T07:24:20","guid":{"rendered":"https:\/\/www.vdsm.net\/wronline\/?p=17526"},"modified":"2020-02-14T08:51:19","modified_gmt":"2020-02-14T07:51:19","slug":"weiter-gemeinsame-linie-beim-regionalplan","status":"publish","type":"post","link":"https:\/\/www.vdsm.net\/wronline\/weiter-gemeinsame-linie-beim-regionalplan\/","title":{"rendered":"Weiter gemeinsame Linie beim Regionalplan"},"content":{"rendered":"<p>Ende des Jahres war der Fachbeitrag Wirtschaft f\u00fcr den neuen Regionalplan der Bezirksregierung Arnsberg zugeleitet worden. In ihm haben die Industrie- und Handelskammern Siegen und Hagen sowie die Handwerkskammer S\u00fcdwestfalen die Anforderungen und Bedarfe der heimischen Wirtschaft f\u00fcr die Fortschreibung des Regionalplanes zusammengestellt. Der neue, durch den Regionalrat zu verabschiedende Regionalplan legt fest, wo in den Kreisen Siegen-Wittgenstein und Olpe sowie im M\u00e4rkischen Kreis k\u00fcnftig welche Fl\u00e4chennutzung noch m\u00f6glich ist. Kern des Fachbeitrages ist daher das regionale Gewerbefl\u00e4chenkonzept, das die Stadt- und Regionalplanung Dr. Jansen im Auftrag der IHK Siegen gemeinsam mit den St\u00e4dten und Gemeinden entwickelte.<\/p>\n<p>Die kommunale Begleitung des Prozesses obliegt bislang einer Projektgruppe, der neben den B\u00fcrgermeistern Walter Ki\u00df (Kreuztal), Dietmar He\u00df (Finnentrop) und Stefan Hundt (Lennestadt) auch die Planungsdezernenten Christian Feigs (Burbach) und Judith Feldner (Olpe) sowie der stellvertretende IHK-Hauptgesch\u00e4ftsf\u00fchrer Hermann-Josef Droege und IHK-Gesch\u00e4ftsf\u00fchrer Hans-Peter Langer angeh\u00f6ren. Insgesamt wurden das Verfahren zur Erstellung des Fachbeitrages und die Unterst\u00fctzung durch einen externen Gutachter von allen Beteiligten ausgesprochen positiv bewertet. Allerdings zeigten zwischenzeitlich die Gespr\u00e4che der einzelnen Kommunen mit der Bezirksregierung Arnsberg, dass es in den n\u00e4chsten Monaten notwendig werden k\u00f6nnte, weiterhin eine gemeinsame Linie in grundlegenden Raumordnungsfragen zu finden und gemeinsam gegen\u00fcber dem Land zu vertreten.<\/p>\n<p>Insbesondere die Verf\u00fcgbarkeit von Wohnfl\u00e4chen \u2013 neben Fl\u00e4chen f\u00fcr die Wirtschaft \u2013 \u00a0gewinnt derzeit f\u00fcr die kommunale Entwicklung eine wachsende Bedeutung. Auf Kritik sto\u00dfen hierbei vor allem durch die Kommunen kaum nachvollziehbare Vorgaben der Bezirksregierung. Hermann-Josef Droege: \u201eAus Sicht der Wirtschaft wird das Angebot an attraktivem Wohnraum f\u00fcr das Finden und Binden von Fachkr\u00e4ften immer wichtiger. Sowohl die Versorgung mit Wohnbaufl\u00e4chen als auch die Bev\u00f6lkerungsentwicklung verlaufen in den Kommunen allerdings sehr unterschiedlich. Daher muss der Bedarf regelm\u00e4\u00dfig \u00fcberpr\u00fcft und aktualisiert werden.\u201c<\/p>\n<p>Im Gespr\u00e4ch mit den B\u00fcrgermeistern soll vor diesem Hintergrund gekl\u00e4rt werden, ob eine gemeinsam getragene Argumentation f\u00fcr weitergehende Fl\u00e4chenfragen erarbeitet werden soll.<\/p>\n<p>Text und Foto: <a href=\"https:\/\/www.ihk-siegen.de\/\" target=\"_blank\" rel=\"noopener noreferrer\">IHK Siegen<\/a><\/p>\n","protected":false},"excerpt":{"rendered":"<p>Ende des Jahres war der Fachbeitrag Wirtschaft f\u00fcr den neuen Regionalplan der Bezirksregierung Arnsberg zugeleitet worden. In ihm haben die Industrie- und Handelskammern Siegen und&#8230;<\/p>\n","protected":false},"author":6,"featured_media":17527,"comment_status":"open","ping_status":"open","sticky":false,"template":"","format":"standard","meta":{"_jetpack_newsletter_access":"","_jetpack_dont_email_post_to_subs":false,"_jetpack_newsletter_tier_id":0,"_jetpack_memberships_contains_paywalled_content":false,"_jetpack_feature_clip_id":0,"_jetpack_memberships_contains_paid_content":false,"footnotes":"","jetpack_post_was_ever_published":false},"categories":[1,32,30,11],"tags":[],"class_list":["post-17526","post","type-post","status-publish","format-standard","has-post-thumbnail","hentry","category-aktuell","category-infos","category-vermischtes","category-regionale-wirtschaft"],"jetpack_sharing_enabled":true,"jetpack_featured_media_url":"https:\/\/www.vdsm.net\/wronline\/wp-content\/uploads\/2020\/02\/013-20-Weiter-gemeinsame-Linie-beim-Regionalplan_WEB.jpg","_links":{"self":[{"href":"https:\/\/www.vdsm.net\/wronline\/wp-json\/wp\/v2\/posts\/17526","targetHints":{"allow":["GET"]}}],"collection":[{"href":"https:\/\/www.vdsm.net\/wronline\/wp-json\/wp\/v2\/posts"}],"about":[{"href":"https:\/\/www.vdsm.net\/wronline\/wp-json\/wp\/v2\/types\/post"}],"author":[{"embeddable":true,"href":"https:\/\/www.vdsm.net\/wronline\/wp-json\/wp\/v2\/users\/6"}],"replies":[{"embeddable":true,"href":"https:\/\/www.vdsm.net\/wronline\/wp-json\/wp\/v2\/comments?post=17526"}],"version-history":[{"count":1,"href":"https:\/\/www.vdsm.net\/wronline\/wp-json\/wp\/v2\/posts\/17526\/revisions"}],"predecessor-version":[{"id":17528,"href":"https:\/\/www.vdsm.net\/wronline\/wp-json\/wp\/v2\/posts\/17526\/revisions\/17528"}],"wp:featuredmedia":[{"embeddable":true,"href":"https:\/\/www.vdsm.net\/wronline\/wp-json\/wp\/v2\/media\/17527"}],"wp:attachment":[{"href":"https:\/\/www.vdsm.net\/wronline\/wp-json\/wp\/v2\/media?parent=17526"}],"wp:term":[{"taxonomy":"category","embeddable":true,"href":"https:\/\/www.vdsm.net\/wronline\/wp-json\/wp\/v2\/categories?post=17526"},{"taxonomy":"post_tag","embeddable":true,"href":"https:\/\/www.vdsm.net\/wronline\/wp-json\/wp\/v2\/tags?post=17526"}],"curies":[{"name":"wp","href":"https:\/\/api.w.org\/{rel}","templated":true}]}}