{"id":17104,"date":"2020-01-13T08:58:03","date_gmt":"2020-01-13T07:58:03","guid":{"rendered":"https:\/\/www.vdsm.net\/wronline\/?p=17104"},"modified":"2020-01-13T08:58:03","modified_gmt":"2020-01-13T07:58:03","slug":"infoveranstaltung-zum-kurzarbeitergeld","status":"publish","type":"post","link":"https:\/\/www.vdsm.net\/wronline\/infoveranstaltung-zum-kurzarbeitergeld\/","title":{"rendered":"Infoveranstaltung zum Kurzarbeitergeld"},"content":{"rendered":"<p>Die aktuelle Auftragslage ist insbesondere in der Automobilbranche und dem Maschinenbau von einer ver\u00e4nderten Nachfrage gekennzeichnet. Daher besteht zurzeit ein au\u00dfergew\u00f6hnlich hoher Informationsbedarf rund um das Thema Kurzarbeit. Der Operative Service Dortmund l\u00e4dt daher Unternehmen der Arbeitsagenturbezirke Iserlohn und Siegen zu einer Informationsveranstaltung ein.<\/p>\n<p>Wenn aus bestimmten Gr\u00fcnden die betriebs\u00fcbliche Arbeitszeit vor\u00fcbergehend gek\u00fcrzt wird, k\u00f6nnen Arbeitnehmerinnen und Arbeitnehmer Kurzarbeitergeld erhalten. Diese Leistung soll den Verdienstausfall teilweise ausgleichen.\u00a0Ziel ist es, dass\u00a0Besch\u00e4ftigte nicht gek\u00fcndigt werden, sondern im Betrieb bleiben k\u00f6nnen. Dar\u00fcber hinaus k\u00f6nnen die Ausfallzeiten sinnvoll f\u00fcr Qualifizierungsm\u00f6glichkeiten im Rahmen des Qualifizierungschancengesetzes genutzt werden.<\/p>\n<p>Um Fragen zu diesen Themen beantworten zu k\u00f6nnen, stehen die zust\u00e4ndigen Fachexperten am 15.01.2020 ab 10:00 Uhr in der Agentur f\u00fcr Arbeit Iserlohn und am 22.01.2020 ab 10:00 Uhr in der Agentur f\u00fcr Arbeit Siegen \u2013 Operativer Service \u2013 gerne zur Verf\u00fcgung.<\/p>\n<p>F\u00fcr eine Anmeldung zur Informationsveranstaltung sowie Fragen zu inhaltlichen Details gen\u00fcgt ein telefonischer Kontakt unter der Nummer 0231\/842\u20139032 oder eine Anmeldung per E-Mail an <u><a href=\"mailto:Dortmund.032-OS@arbeitsagentur.de\">Dortmund.032-OS@arbeitsagentur.de<\/a><\/u>.<\/p>\n<p>Anmeldungen sowie Angaben zur Teilnehmerzahl und dem bevorzugten Veranstaltungsort (Iserlohn oder Siegen) sind erw\u00fcnscht.<\/p>\n","protected":false},"excerpt":{"rendered":"<p>Die aktuelle Auftragslage ist insbesondere in der Automobilbranche und dem Maschinenbau von einer ver\u00e4nderten Nachfrage gekennzeichnet. Daher besteht zurzeit ein au\u00dfergew\u00f6hnlich hoher Informationsbedarf rund um&#8230;<\/p>\n","protected":false},"author":2,"featured_media":2674,"comment_status":"open","ping_status":"open","sticky":false,"template":"","format":"standard","meta":{"_jetpack_memberships_contains_paid_content":false,"footnotes":""},"categories":[16,32,30,34],"tags":[],"class_list":["post-17104","post","type-post","status-publish","format-standard","has-post-thumbnail","hentry","category-arbeitsmarkt","category-infos","category-vermischtes","category-termine"],"jetpack_featured_media_url":"https:\/\/www.vdsm.net\/wronline\/wp-content\/uploads\/2015\/08\/wronline-header-arbeitsmarkt.jpg","jetpack_sharing_enabled":true,"_links":{"self":[{"href":"https:\/\/www.vdsm.net\/wronline\/wp-json\/wp\/v2\/posts\/17104","targetHints":{"allow":["GET"]}}],"collection":[{"href":"https:\/\/www.vdsm.net\/wronline\/wp-json\/wp\/v2\/posts"}],"about":[{"href":"https:\/\/www.vdsm.net\/wronline\/wp-json\/wp\/v2\/types\/post"}],"author":[{"embeddable":true,"href":"https:\/\/www.vdsm.net\/wronline\/wp-json\/wp\/v2\/users\/2"}],"replies":[{"embeddable":true,"href":"https:\/\/www.vdsm.net\/wronline\/wp-json\/wp\/v2\/comments?post=17104"}],"version-history":[{"count":1,"href":"https:\/\/www.vdsm.net\/wronline\/wp-json\/wp\/v2\/posts\/17104\/revisions"}],"predecessor-version":[{"id":17105,"href":"https:\/\/www.vdsm.net\/wronline\/wp-json\/wp\/v2\/posts\/17104\/revisions\/17105"}],"wp:featuredmedia":[{"embeddable":true,"href":"https:\/\/www.vdsm.net\/wronline\/wp-json\/wp\/v2\/media\/2674"}],"wp:attachment":[{"href":"https:\/\/www.vdsm.net\/wronline\/wp-json\/wp\/v2\/media?parent=17104"}],"wp:term":[{"taxonomy":"category","embeddable":true,"href":"https:\/\/www.vdsm.net\/wronline\/wp-json\/wp\/v2\/categories?post=17104"},{"taxonomy":"post_tag","embeddable":true,"href":"https:\/\/www.vdsm.net\/wronline\/wp-json\/wp\/v2\/tags?post=17104"}],"curies":[{"name":"wp","href":"https:\/\/api.w.org\/{rel}","templated":true}]}}